{"id":53720,"date":"2025-10-05T13:56:08","date_gmt":"2025-10-05T13:56:08","guid":{"rendered":"https:\/\/www.europesays.com\/fi\/53720\/"},"modified":"2025-10-05T13:56:08","modified_gmt":"2025-10-05T13:56:08","slug":"bangladesh-maarasi-17-laivaston-alusta-ja-helikopteria-turvaamaan-kalojen-kutua-uutisia-lyhyesti","status":"publish","type":"post","link":"https:\/\/www.europesays.com\/fi\/53720\/","title":{"rendered":"Bangladesh m\u00e4\u00e4r\u00e4si 17 laivaston alusta ja helikopteria turvaamaan kalojen kutua | Uutisia lyhyesti"},"content":{"rendered":"<p class=\"aw-1gybjub aw-5vja16 cmIuaG zKETg yle__article__paragraph\">Miljoonille asukkaille elint\u00e4rke\u00e4n kalan kutuaika on nyt, ja monet kalastajat k\u00e4rkkyv\u00e4t saalista.<\/p>\n<p class=\"aw-1gybjub aw-1p7kakr cmIuaG fmSRng yle__article__paragraph\">Etel\u00e4-Aasiassa sijaitsevan Bangladeshin hallitus on ottanut maan kalakantojen suosion tosissaan. Hallitus on m\u00e4\u00e4r\u00e4nnyt 17 laivaston alusta ja helikopteria valvomaan, ett\u00e4 asukkaille olennaisen t\u00e4rke\u00e4n hilsa-kalan kutua. Valvonta on ymp\u00e4rivuorokautista.<\/p>\n<p class=\"aw-1gybjub aw-1p7kakr cmIuaG fmSRng yle__article__paragraph\">Hallitus m\u00e4\u00e4r\u00e4si eilen, ett\u00e4 kaikki kalastus on kielletty kolmen viikon ajan hilsan kutualueella Bengalinlahden pohjukassa ja jokisuistoissa.<\/p>\n<p class=\"aw-1gybjub aw-1p7kakr cmIuaG fmSRng yle__article__paragraph\">Miljoonat bangladeshil\u00e4iset ovat riippuvaisia kalansaaliista, mutta sit\u00e4 himoitsevat my\u00f6s lukemattomat kalastusalukset, jotka pyyt\u00e4v\u00e4t ruokaa Kolkatan megakaupunkiin ja sit\u00e4 ymp\u00e4r\u00f6iv\u00e4lle L\u00e4nsi-Bengalin alueelle, jolla asuu yli sata miljoonaa ihmist\u00e4.<\/p>\n<p class=\"aw-1gybjub aw-1p7kakr cmIuaG fmSRng yle__article__paragraph\">Hilsan kannat ovat toistaiseksi kohtalaisen vahvat, mutta Bangladeshin hallituksen mukaan holtiton ylikalastus varsinkin kutuaikaan voisi vaarantaa nopeasti kalakannat. Tutkijoiden mukaan ilmaston l\u00e4mpeneminen on jo nyt heikent\u00e4nyt kalojen elinolosuhteita aralla delta-alueella.<\/p>\n<p class=\"aw-1gybjub aw-1p7kakr cmIuaG fmSRng yle__article__paragraph\">Bangladeshin hallitus jakaa kaikille kalastajaperheille 25 kiloa viljaa, jotta n\u00e4m\u00e4 tulevat toimeen kalastuskiellon ajan.<\/p>\n<p class=\"aw-1gybjub aw-1p7kakr cmIuaG fmSRng yle__article__paragraph\">L\u00e4hde: AFP<\/p>\n","protected":false},"excerpt":{"rendered":"Miljoonille asukkaille elint\u00e4rke\u00e4n kalan kutuaika on nyt, ja monet kalastajat k\u00e4rkkyv\u00e4t saalista. Etel\u00e4-Aasiassa sijaitsevan Bangladeshin hallitus on ottanut&hellip;\n","protected":false},"author":2,"featured_media":74,"comment_status":"","ping_status":"","sticky":false,"template":"","format":"standard","meta":{"footnotes":""},"categories":[14],"tags":[10639,22,23,26,27,33,31,30,17,10598,1732,1729,13023,24,25,13024,72,28,29,15,18,21,32,19,20,56,16,59,60,61,447],"class_list":{"0":"post-53720","1":"post","2":"type-post","3":"status-publish","4":"format-standard","5":"has-post-thumbnail","7":"category-ulkomaat","8":"tag-bangladesh","9":"tag-breaking-news","10":"tag-breakingnews","11":"tag-featured-news","12":"tag-featurednews","13":"tag-fi","14":"tag-finland","15":"tag-finnish","16":"tag-headlines","17":"tag-kalastajat","18":"tag-kalastus","19":"tag-kalat","20":"tag-kutu","21":"tag-latest-news","22":"tag-latestnews","23":"tag-liikakalastus","24":"tag-luonto","25":"tag-main-news","26":"tag-mainnews","27":"tag-news","28":"tag-otsikot","29":"tag-paauutiset","30":"tag-suomi","31":"tag-top-stories","32":"tag-topstories","33":"tag-ulkomaat","34":"tag-uutiset","35":"tag-world","36":"tag-world-news","37":"tag-worldnews","38":"tag-ymparisto"},"share_on_mastodon":{"url":"","error":""},"_links":{"self":[{"href":"https:\/\/www.europesays.com\/fi\/wp-json\/wp\/v2\/posts\/53720","targetHints":{"allow":["GET"]}}],"collection":[{"href":"https:\/\/www.europesays.com\/fi\/wp-json\/wp\/v2\/posts"}],"about":[{"href":"https:\/\/www.europesays.com\/fi\/wp-json\/wp\/v2\/types\/post"}],"author":[{"embeddable":true,"href":"https:\/\/www.europesays.com\/fi\/wp-json\/wp\/v2\/users\/2"}],"replies":[{"embeddable":true,"href":"https:\/\/www.europesays.com\/fi\/wp-json\/wp\/v2\/comments?post=53720"}],"version-history":[{"count":0,"href":"https:\/\/www.europesays.com\/fi\/wp-json\/wp\/v2\/posts\/53720\/revisions"}],"wp:featuredmedia":[{"embeddable":true,"href":"https:\/\/www.europesays.com\/fi\/wp-json\/wp\/v2\/media\/74"}],"wp:attachment":[{"href":"https:\/\/www.europesays.com\/fi\/wp-json\/wp\/v2\/media?parent=53720"}],"wp:term":[{"taxonomy":"category","embeddable":true,"href":"https:\/\/www.europesays.com\/fi\/wp-json\/wp\/v2\/categories?post=53720"},{"taxonomy":"post_tag","embeddable":true,"href":"https:\/\/www.europesays.com\/fi\/wp-json\/wp\/v2\/tags?post=53720"}],"curies":[{"name":"wp","href":"https:\/\/api.w.org\/{rel}","templated":true}]}}