{"id":53821,"date":"2025-10-05T17:25:09","date_gmt":"2025-10-05T17:25:09","guid":{"rendered":"https:\/\/www.europesays.com\/fi\/53821\/"},"modified":"2025-10-05T17:25:09","modified_gmt":"2025-10-05T17:25:09","slug":"gerbyn-k-supermarkethanke-ei-ole-viivastynyt","status":"publish","type":"post","link":"https:\/\/www.europesays.com\/fi\/53821\/","title":{"rendered":"Gerbyn K-Supermarkethanke ei ole viiv\u00e4stynyt"},"content":{"rendered":"<p>I-P julkaisi verkkolehdess\u00e4\u00e4n 25.9.2025 ja paperiversiossa 26.9.2025 jutun Keskon supermarkethankkeesta Gerbyss\u00e4. Jutussa todetaan, ett\u00e4 rakentaminen on nyt aiempaa l\u00e4hemp\u00e4n\u00e4 toteutumista.<\/p>\n<p>Jos rakentaminen todellakin joskus toteutuu, niin joka p\u00e4iv\u00e4h\u00e4n se on tietenkin l\u00e4hemp\u00e4n\u00e4, mutta se ei mitenk\u00e4\u00e4n ole riippuvainen omakotitalojen purkamisesta tehdyn valituksen lopputuloksesta. Purkamisluvan nimitt\u00e4in saa automaattisesti, jos saa rakennusluvan.<\/p>\n<p>Rakennuslupaa Kesko taas ei voi t\u00e4ll\u00e4 hetkell\u00e4 edes hakea alueelle, joka kaavassa on viheralue ja omakotitalokaava. Keskolle kallisarvoista aikaa ei ole mennyt hukkaan sekuntiakaan.<\/p>\n<p>Valitus koski vain ja ainoastaan kahden talon purkamista, ei \u201drakentamissuunnitelman toteuttamisen kielt\u00e4mist\u00e4\u201d. Toki valittajat vastustavat j\u00e4ttikaupan rakentamista kyseiseen paikkaan, mutta t\u00e4m\u00e4 hallinto-oikeuden p\u00e4\u00e4t\u00f6s ei liittynyt mitenk\u00e4\u00e4n marketin rakentamiseen.<\/p>\n<p>Purkamisesta tehdyn valituksen hylk\u00e4\u00e4minen ei t\u00e4ll\u00e4 hetkell\u00e4 edist\u00e4 Keskon projektia mitenk\u00e4\u00e4n. Purkaminen ja sen j\u00e4lkeiset tyhj\u00e4t tontit v\u00e4hent\u00e4v\u00e4t alueen asumisviihtyvyytt\u00e4. Keskon kanssa haluttiin neuvotella siit\u00e4, josko purkaminen voisi odottaa, mutta neuvotteluhalukkuutta ei ollut.<\/p>\n<p>Kaupungin hyv\u00e4ksymisp\u00e4\u00e4t\u00f6s aiesopimuksesta Keskon kanssa on tehty maaliskuussa 2024, joten sit\u00e4 ennen hankkeesta ei ole asukkaiden taholla tiedetty mit\u00e4\u00e4n. P\u00e4\u00e4t\u00f6s purkuluvasta on tehty kes\u00e4kuussa 2024, mist\u00e4 hallinto-oikeuden ratkaisuun valitusten j\u00e4lkeen on siis kulunut vain hieman yli vuosi.<\/p>\n<p>Ja viel\u00e4 kerran: Keskon hanke ei ole viiv\u00e4stynyt edes t\u00e4t\u00e4 vuoden aikaa, koska voimassa olevan asemakaavan mukaan suurin osa ajateltua marketin rakennuspaikkaa on viheraluetta, jolle on turha hakea rakennuslupaa.<\/p>\n<p>Kaiken lis\u00e4ksi alue on my\u00f6s yleiskaavassa viheraluetta, joten ennen kuin Kesko voisi edes j\u00e4tt\u00e4\u00e4 rakennuslupahakemusta, on kahden kaavan, yleis- ja asemakaavan, muututtava.<\/p>\n<p><strong>Eeva Lammi<\/strong><\/p>\n<p>yhdess\u00e4 naapuriston asukkaiden kanssa<\/p>\n<p>Vaasa<\/p>\n","protected":false},"excerpt":{"rendered":"I-P julkaisi verkkolehdess\u00e4\u00e4n 25.9.2025 ja paperiversiossa 26.9.2025 jutun Keskon supermarkethankkeesta Gerbyss\u00e4. Jutussa todetaan, ett\u00e4 rakentaminen on nyt aiempaa&hellip;\n","protected":false},"author":2,"featured_media":13342,"comment_status":"","ping_status":"","sticky":false,"template":"","format":"standard","meta":{"footnotes":""},"categories":[76],"tags":[79,77,33,31,30,32,78,5530],"class_list":{"0":"post-53821","1":"post","2":"type-post","3":"status-publish","4":"format-standard","5":"has-post-thumbnail","7":"category-talous","8":"tag-business","9":"tag-economy","10":"tag-fi","11":"tag-finland","12":"tag-finnish","13":"tag-suomi","14":"tag-talous","15":"tag-yleisolta"},"share_on_mastodon":{"url":"","error":""},"_links":{"self":[{"href":"https:\/\/www.europesays.com\/fi\/wp-json\/wp\/v2\/posts\/53821","targetHints":{"allow":["GET"]}}],"collection":[{"href":"https:\/\/www.europesays.com\/fi\/wp-json\/wp\/v2\/posts"}],"about":[{"href":"https:\/\/www.europesays.com\/fi\/wp-json\/wp\/v2\/types\/post"}],"author":[{"embeddable":true,"href":"https:\/\/www.europesays.com\/fi\/wp-json\/wp\/v2\/users\/2"}],"replies":[{"embeddable":true,"href":"https:\/\/www.europesays.com\/fi\/wp-json\/wp\/v2\/comments?post=53821"}],"version-history":[{"count":0,"href":"https:\/\/www.europesays.com\/fi\/wp-json\/wp\/v2\/posts\/53821\/revisions"}],"wp:featuredmedia":[{"embeddable":true,"href":"https:\/\/www.europesays.com\/fi\/wp-json\/wp\/v2\/media\/13342"}],"wp:attachment":[{"href":"https:\/\/www.europesays.com\/fi\/wp-json\/wp\/v2\/media?parent=53821"}],"wp:term":[{"taxonomy":"category","embeddable":true,"href":"https:\/\/www.europesays.com\/fi\/wp-json\/wp\/v2\/categories?post=53821"},{"taxonomy":"post_tag","embeddable":true,"href":"https:\/\/www.europesays.com\/fi\/wp-json\/wp\/v2\/tags?post=53821"}],"curies":[{"name":"wp","href":"https:\/\/api.w.org\/{rel}","templated":true}]}}