{"id":5383,"date":"2025-08-14T10:05:06","date_gmt":"2025-08-14T10:05:06","guid":{"rendered":"https:\/\/www.europesays.com\/fi\/5383\/"},"modified":"2025-08-14T10:05:06","modified_gmt":"2025-08-14T10:05:06","slug":"hulvaton-kuva-julki-tunnistaisitko-kiti-kokkosta-vanhasta-kuvasta","status":"publish","type":"post","link":"https:\/\/www.europesays.com\/fi\/5383\/","title":{"rendered":"Hulvaton kuva julki \u2013 tunnistaisitko Kiti Kokkosta vanhasta kuvasta?"},"content":{"rendered":"<p>\n            20230830, Helsinki. T\u00e4m\u00e4 on t\u00e4t\u00e4 -pressi. Kuvassa Kiti Kokkonen<br \/>\n            TIMO KORHONEN\n        <\/p>\n<p class=\"subtitle \">Kiti Kokkonen on esitt\u00e4nyt uransa aikana lukuisia roolihahmoja.<\/p>\n<p class=\"article-content article-content-width !bg-background\">Suomen komediateatteri on julkaissut juhlavuotensa kunniaksi <a href=\"https:\/\/www.instagram.com\/p\/DNS0NrQt6YL\/\" target=\"_blank\" rel=\"nofollow noopener\">Instagram-tilill\u00e4\u00e4n<\/a> arkistojen aarteita.<\/p>\n<p class=\"italic m-italic article-content article-content-width !bg-background\">Video: Kiti Kokkosen el\u00e4m\u00e4nmuutos.\u00a0<\/p>\n<p class=\"article-content article-content-width !bg-background\">Yhdess\u00e4 kuvista poseeraa n\u00e4yttelij\u00e4 . Vuonna 2002 otetussa kuvassa 27-vuotias Kiti poseeraa kameralle lyhyess\u00e4 hiuksissa puku p\u00e4\u00e4ll\u00e4\u00e4n.<\/p>\n<p class=\"article-content article-content-width !bg-background\">Kuvatekstiss\u00e4 kerrotaan, ett\u00e4 kyseinen roolihahmo on Kitin ensimm\u00e4isest\u00e4 revyyst\u00e4 Potut pottuina.<\/p>\n<p class=\"article-content article-content-width !bg-background\">\u2013\tKuka poliitikko mahtaa olla kyseess\u00e4? tilill\u00e4 kysyt\u00e4\u00e4n.<\/p>\n<p class=\"article-content article-content-width !bg-background\">Seuraajat ovat arvuutelleet kolmen henkil\u00f6n v\u00e4lilt\u00e4. Osa veikkaa , toiset , loput .<\/p>\n<p class=\"article-content article-content-width !bg-background\">\u2013\tSuusta p\u00e4\u00e4tellen Virolainen, yksi seuraajista huudahtaa.<\/p>\n<p class=\"article-content article-content-width !bg-background\">\u2013\tMuistaakseni olit Mauri Pekkarinen, kommenteissa kirjoitetaan.<\/p>\n<p>        <a itemprop=\"url\" href=\"https:\/\/www.seiska.fi\/katso\/tassa-ovat-masked-singer-suomen-uudet-hahmot\/1891316\" rel=\"nofollow noopener\" target=\"_blank\"><\/p>\n<p>\nMasked Singer Suomi alkaa\n<\/p>\n<p class=\"section-date\">\n        <strong class=\"article-section\" data-section=\"katso\"><br \/>\n            katso<br \/>\n        <\/strong><br \/>\n        6.8. 11:16\n    <\/p>\n<p>    T\u00e4ss\u00e4 ovat Masked Singer Suomen uudet hahmot<\/p>\n<p itemprop=\"description\" class=\"subtitle \">\n    Maikkarin syksyss\u00e4 maskin taakse piiloutuu niin hyv\u00e4syd\u00e4minen rustokala, pieruhuumoria viljelev\u00e4 supersankari kuin flirttaileva n\u00e4\u00e4t\u00e4el\u00e4in.\n<\/p>\n<p>        <\/a><\/p>\n<p>Pitk\u00e4 historia<\/p>\n<p class=\"article-content article-content-width !bg-background\">Kiti on tehnyt pitk\u00e4n uran n\u00e4yttelij\u00e4n\u00e4. H\u00e4n on toiminut vuodesta 2010 saakka Komediateatterin johtajana. Kitin is\u00e4, elokuvaohjaaja  perusti teatterin vuonna 1995.<\/p>\n<p>        <a itemprop=\"url\" href=\"https:\/\/www.seiska.fi\/kotimaa\/kiti-kokkonen-sai-paahanpiston-peruuttamaton-seuraus\/1882488\" rel=\"nofollow noopener\" target=\"_blank\"><\/p>\n<p>\nKiti Kokkonen sai p\u00e4\u00e4h\u00e4npiston\n<\/p>\n<p class=\"section-date\">\n        <strong class=\"article-section\" data-section=\"kotimaa\"><br \/>\n            kotimaa<br \/>\n        <\/strong><br \/>\n        29.7. 12:31\n    <\/p>\n<p>    Kiti Kokkonen sai p\u00e4\u00e4h\u00e4npiston \u2013 peruuttamaton seuraus<\/p>\n<p itemprop=\"description\" class=\"subtitle \">\n    Kiti otti onnen omiin k\u00e4siins\u00e4, ja lopputuloksesta tuli v\u00e4hint\u00e4\u00e4nkin huvittava.\n<\/p>\n<p>        <\/a><\/p>\n<p class=\"article-content article-content-width !bg-background\">30-vuotisen teatteritaipaleen kunniaksi Instagram-tilill\u00e4 julkaistiin my\u00f6s muita arkistojen helmi\u00e4.\u00a0<\/p>\n<p class=\"article-content article-content-width !bg-background\">Yhdess\u00e4 kuvista  esitt\u00e4\u00e4 Pentti Araj\u00e4rve\u00e4, \u00a0Tarja Halosta. Ere on sen sijaan kuvassa oma itsens\u00e4. Titta on Kitin \u00e4iti. Ere ja Titta olivat naimisissa nelj\u00e4 vuotta. He erosivat vuonna 1978.<\/p>\n<p class=\"article-content article-content-width !bg-background\">\u00a0Kuvatekstiss\u00e4 kerrotaan Suomen komediateatterin synnyst\u00e4.<\/p>\n<p class=\"article-content article-content-width !bg-background\">Unelma omasta teatterista oli kytenyt Eren kohdalla jo kauan. Jo 60-luvulla h\u00e4n k\u00e4vi katsomassa Helsingiss\u00e4 Pengerkadulla sijaitsevaa el\u00e4k\u00f6itynytt\u00e4 elokuvateatteria, josta tuli sittemmin Ryhm\u00e4teatteri.<\/p>\n<p class=\"article-content article-content-width !bg-background\">Erell\u00e4 ja viihdetaiteilija Ismo Sajakorpi perustivat yhdess\u00e4 Teatteri Iloisen, mutta sill\u00e4 ei ollut koskaan ensimm\u00e4ist\u00e4k\u00e4\u00e4n n\u00e4yt\u00f6st\u00e4. Vuonna 1995 Eren haave toteutui viimein ja h\u00e4n sai teatterinsa. Ere menehtyi vuonna 2008.<\/p>\n<p class=\"article-content article-content-width !bg-background\">Vuosien aikana lavalla on n\u00e4hty lukuisia tunnettuja suomalaisia nimi\u00e4. Yhdess\u00e4 julkaistussa nostalgiakuvassa n\u00e4ytt\u00e4m\u00f6ll\u00e4 poseeraa  ja .<\/p>\n<p><script async src=\"\/\/www.instagram.com\/embed.js\"><\/script><\/p>\n","protected":false},"excerpt":{"rendered":"20230830, Helsinki. T\u00e4m\u00e4 on t\u00e4t\u00e4 -pressi. Kuvassa Kiti Kokkonen TIMO KORHONEN Kiti Kokkonen on esitt\u00e4nyt uransa aikana lukuisia&hellip;\n","protected":false},"author":2,"featured_media":5384,"comment_status":"","ping_status":"","sticky":false,"template":"","format":"standard","meta":{"footnotes":""},"categories":[136],"tags":[407,137,3185,33,31,30,408,2850,3184,1342,3183,3182,3181,3180,32,201,109],"class_list":{"0":"post-5383","1":"post","2":"type-post","3":"status-publish","4":"format-standard","5":"has-post-thumbnail","7":"category-julkkikset","8":"tag-celebrities","9":"tag-entertainment","10":"tag-ere-kokkonen","11":"tag-fi","12":"tag-finland","13":"tag-finnish","14":"tag-julkkikset","15":"tag-kiti-kokkonen","16":"tag-mauri-pekkarinen","17":"tag-nayttelija","18":"tag-nuoruuskuva","19":"tag-roolihahmo","20":"tag-roolihahmot","21":"tag-suomen-komediateatteri","22":"tag-suomi","23":"tag-ura","24":"tag-viihde"},"share_on_mastodon":{"url":"","error":""},"_links":{"self":[{"href":"https:\/\/www.europesays.com\/fi\/wp-json\/wp\/v2\/posts\/5383","targetHints":{"allow":["GET"]}}],"collection":[{"href":"https:\/\/www.europesays.com\/fi\/wp-json\/wp\/v2\/posts"}],"about":[{"href":"https:\/\/www.europesays.com\/fi\/wp-json\/wp\/v2\/types\/post"}],"author":[{"embeddable":true,"href":"https:\/\/www.europesays.com\/fi\/wp-json\/wp\/v2\/users\/2"}],"replies":[{"embeddable":true,"href":"https:\/\/www.europesays.com\/fi\/wp-json\/wp\/v2\/comments?post=5383"}],"version-history":[{"count":0,"href":"https:\/\/www.europesays.com\/fi\/wp-json\/wp\/v2\/posts\/5383\/revisions"}],"wp:featuredmedia":[{"embeddable":true,"href":"https:\/\/www.europesays.com\/fi\/wp-json\/wp\/v2\/media\/5384"}],"wp:attachment":[{"href":"https:\/\/www.europesays.com\/fi\/wp-json\/wp\/v2\/media?parent=5383"}],"wp:term":[{"taxonomy":"category","embeddable":true,"href":"https:\/\/www.europesays.com\/fi\/wp-json\/wp\/v2\/categories?post=5383"},{"taxonomy":"post_tag","embeddable":true,"href":"https:\/\/www.europesays.com\/fi\/wp-json\/wp\/v2\/tags?post=5383"}],"curies":[{"name":"wp","href":"https:\/\/api.w.org\/{rel}","templated":true}]}}