{"id":53943,"date":"2025-10-05T22:09:09","date_gmt":"2025-10-05T22:09:09","guid":{"rendered":"https:\/\/www.europesays.com\/fi\/53943\/"},"modified":"2025-10-05T22:09:09","modified_gmt":"2025-10-05T22:09:09","slug":"he-laittavat-rahaa-paljon-enemman","status":"publish","type":"post","link":"https:\/\/www.europesays.com\/fi\/53943\/","title":{"rendered":"\u201dHe laittavat rahaa paljon enemm\u00e4n\u201d"},"content":{"rendered":"<p>Pyry K\u00e4hk\u00f6nen kertoo samaistuvansa uutuuselokuvassa n\u00e4yttelem\u00e4\u00e4ns\u00e4 hahmoon.<\/p>\n<p><img decoding=\"async\" class=\"image image-show image-preview\" src=\"https:\/\/www.europesays.com\/fi\/wp-content\/uploads\/2025\/10\/b7d67a819bc99b636ca7f20774f4ffc9657aecd10b3319eea9eded1a4ae3d4d1.jpg\" alt=\"\"\/><img decoding=\"async\" class=\"image image-show\" src=\"https:\/\/www.europesays.com\/fi\/wp-content\/uploads\/2025\/10\/1759702149_746_b7d67a819bc99b636ca7f20774f4ffc9657aecd10b3319eea9eded1a4ae3d4d1.jpg\" alt=\"\"\/><\/p>\n<p>Pyry K\u00e4hk\u00f6nen n\u00e4yttelee Anna minun rakastaa enemm\u00e4n -elokuvan p\u00e4\u00e4osaa. Maarit Pohjanpalo<\/p>\n<p class=\"paragraph\">\u2013 On hienoa p\u00e4\u00e4st\u00e4 n\u00e4ytt\u00e4m\u00e4\u00e4n t\u00e4m\u00e4 hieno ja kunnianhimoinen elokuva yleis\u00f6lle, n\u00e4yttelij\u00e4 <strong>Pyry K\u00e4hk\u00f6nen<\/strong> iloitsee.<\/p>\n<p class=\"paragraph\">K\u00e4hk\u00f6sen t\u00e4hditt\u00e4m\u00e4 Anna minun rakastaa enemm\u00e4n -elokuva sai ensi-iltansa 3. lokakuuta.<\/p>\n<p class=\"paragraph\"><a href=\"https:\/\/www.iltalehti.fi\/henkilot\/Oskari Sipola\" class=\"article-link-person-page\" rel=\"nofollow noopener\" target=\"_blank\">Oskari Sipolan<\/a> ohjaaman uutuuskuvaukset p\u00e4\u00e4ttyiv\u00e4t vuosi sitten ja K\u00e4hk\u00f6nen melkein ehti unohtaa, ett\u00e4 elokuvaa on koskaan tehty. Nyt kaikki kuitenkin konkretisoituu valmiiksi elokuvaksi valkokankaalle.<\/p>\n<p class=\"paragraph\">K\u00e4hk\u00f6nen n\u00e4yttelee elokuvassa Anttia, muusikkoa, joka rakastuu <a href=\"https:\/\/www.iltalehti.fi\/henkilot\/Rita Behm\" class=\"article-link-person-page\" rel=\"nofollow noopener\" target=\"_blank\">Rita Behmin<\/a> n\u00e4yttelem\u00e4\u00e4n Suviin. Antilla on omat haaveensa musiikin saralla ja v\u00e4lill\u00e4 ryppyj\u00e4 tulee paitsi rakkauteen my\u00f6s musiikillisiin n\u00e4kemyksiin kumppanin kanssa.<\/p>\n<p class=\"paragraph\">Elokuvassa sukelletaan rakkauden ja omien haaveiden aallokkoon. K\u00e4hk\u00f6nen n\u00e4kee, ett\u00e4 elokuva kertoo t\u00e4rke\u00e4\u00e4 tarinaa.<\/p>\n<p class=\"paragraph\">\u2013 Kannattaa vaikka rakastaa sen sijaan, ett\u00e4 vaan paahtaa v\u00e4kisin eteenp\u00e4in, K\u00e4hk\u00f6nen kiteytt\u00e4\u00e4 elokuvan viestin.<\/p>\n<p class=\"paragraph\">N\u00e4yttelij\u00e4 uskoo, ett\u00e4 moni pystyy samastumaan elokuvaan. On kuitenkin yksi erityinen kohderyhm\u00e4, jonka K\u00e4hk\u00f6nen toivoisi katsovan elokuvan.<\/p>\n<p class=\"paragraph\">\u2013 Toivoisin, ett\u00e4 nuoret miehet menisiv\u00e4t katsomaan t\u00e4m\u00e4n. Minulle tuo elokuva on aika terapeuttinen elokuva ja veikkaan, ett\u00e4 se saattaisi olla sit\u00e4 monelle.<\/p>\n<p>Ep\u00e4varmuus<\/p>\n<p class=\"paragraph\">K\u00e4hk\u00f6nen samaistuu itsekin elokuvan tematiikkaan. V\u00e4lill\u00e4 tunnelmiin sukeltaminen oli raskastakin.<\/p>\n<p class=\"paragraph\">\u2013 Varmaan kaikki t\u00e4ll\u00e4 alalla olevat pystyv\u00e4t samaistumaan siihen, ett\u00e4 on joku haave ja palo. Siihen liittyy my\u00f6s se, ett\u00e4 ent\u00e4 jos ei. Ent\u00e4 jos t\u00e4m\u00e4 vied\u00e4\u00e4n minulta pois.<\/p>\n<p class=\"paragraph\">Ep\u00e4varmuuden kanssa K\u00e4hk\u00f6nen sanoo kamppailevansa l\u00e4hes joka p\u00e4iv\u00e4.<\/p>\n<p class=\"paragraph\">\u2013 L\u00e4hes joka p\u00e4iv\u00e4, kun l\u00e4hden setist\u00e4, mietin, ett\u00e4 pit\u00e4isik\u00f6 vaihtaa alaa, K\u00e4hk\u00f6nen naurahtaa.<\/p>\n<p class=\"paragraph\">Ajatus linkittyy K\u00e4hk\u00f6sen intresseihin ylip\u00e4\u00e4t\u00e4\u00e4n tehd\u00e4 t\u00f6it\u00e4 n\u00e4yttelij\u00e4n\u00e4. Se, ett\u00e4 K\u00e4hk\u00f6nen t\u00f6idens\u00e4 kautta n\u00e4kyy jossain ei ole h\u00e4nelle merkitt\u00e4v\u00e4\u00e4.<\/p>\n<p class=\"paragraph\">\u2013 Haluan tehd\u00e4 t\u00e4t\u00e4 siksi, ett\u00e4 p\u00e4\u00e4sen sukeltamaan johonkin ja unohtamaan itseni, leikkim\u00e4\u00e4n tosissaan ja kokemaan hienoja hetki\u00e4 vastan\u00e4yttelij\u00f6iden kanssa.<\/p>\n<p class=\"paragraph\">\u2013 Jos on ollut vaikka hermostunut tai itsetietoinen, niin sitten ajattelen, ett\u00e4 miksi teen t\u00e4t\u00e4.<\/p>\n<p class=\"paragraph\">K\u00e4hk\u00f6nen kuitenkin toteaa, ett\u00e4 t\u00e4m\u00e4n ajatuksen korjaantumiseen voi riitt\u00e4\u00e4 vaikka yksi kohtaus, jossa h\u00e4nell\u00e4 on tunne vapaudesta.<\/p>\n<p>Huoli elokuva-alasta<\/p>\n<p class=\"paragraph\">Elokuva-alan heikko tilanne on ollut viime aikoina otsikossa. Ty\u00f6t ovat v\u00e4hiss\u00e4 ja budjettiriihess\u00e4 kaavaillut leikkaukset uhkaavat heikent\u00e4\u00e4 alan tilannetta entisest\u00e4\u00e4n.<\/p>\n<p class=\"paragraph\">My\u00f6s K\u00e4hk\u00f6nen on seurannut keskustelua alansa tilanteesta.<\/p>\n<p class=\"paragraph\">\u2013 Se on h\u00e4lytt\u00e4v\u00e4\u00e4. Tietysti sen kannalta, ett\u00e4 meill\u00e4 olisi t\u00f6it\u00e4, mutta my\u00f6s siksi, ett\u00e4 olisi kammottava ajatus, jos Suomessa ei teht\u00e4isi suomalaisia elokuvia.<\/p>\n<p class=\"paragraph\">K\u00e4hk\u00f6nen harmittelee, ett\u00e4 t\u00e4ll\u00e4kin hetkell\u00e4 budjetit ovat tiukilla.<\/p>\n<p class=\"paragraph\">\u2013 Aina ihmetell\u00e4\u00e4n, miksi muissa pohjoismaissa tehd\u00e4\u00e4n niin hienoja juttuja. He laittavat k\u00e4sikirjoitukseen rahaa ja aikaa paljon enemm\u00e4n, K\u00e4hk\u00f6nen toteaa.<\/p>\n<p class=\"paragraph\">K\u00e4hk\u00f6nen on p\u00e4\u00e4ssyt alan heikosta tilanteesta huolimatta tekem\u00e4\u00e4n merkityksellisi\u00e4 rooleja. Anna minun rakastaa enemm\u00e4n -elokuvan lis\u00e4ksi K\u00e4hk\u00f6nen on n\u00e4hty aiemmin esimerkiksi Netflixin kansainv\u00e4lisess\u00e4 Vikings: Valhalla -sarjassa.<\/p>\n<p class=\"paragraph\">Mit\u00e4 tulee K\u00e4hk\u00f6sen omiin unelmiin ja haaveisiin, tuntuu h\u00e4n suhtautuvan niihin rennoin mielin.<\/p>\n<p class=\"paragraph\">\u2013 Ei minulla v\u00e4ltt\u00e4m\u00e4tt\u00e4 ole masterplania. Sin\u00e4ns\u00e4 samaistun Anttiin, ett\u00e4 olen aika kunnianhimoinen. Mutta jotenkin haluaisin vain tehd\u00e4 t\u00e4t\u00e4 ammattia. Sitten en tied\u00e4, mit\u00e4 teen, jos sit\u00e4 ei ole.<\/p>\n","protected":false},"excerpt":{"rendered":"Pyry K\u00e4hk\u00f6nen kertoo samaistuvansa uutuuselokuvassa n\u00e4yttelem\u00e4\u00e4ns\u00e4 hahmoon. Pyry K\u00e4hk\u00f6nen n\u00e4yttelee Anna minun rakastaa enemm\u00e4n -elokuvan p\u00e4\u00e4osaa. Maarit Pohjanpalo&hellip;\n","protected":false},"author":2,"featured_media":53944,"comment_status":"","ping_status":"","sticky":false,"template":"","format":"standard","meta":{"footnotes":""},"categories":[130],"tags":[35,153,137,33,31,30,718,32,485,484,140,109],"class_list":{"0":"post-53943","1":"post","2":"type-post","3":"status-publish","4":"format-standard","5":"has-post-thumbnail","7":"category-viihde","8":"tag-24h","9":"tag-audiovisuaalinen-media","10":"tag-entertainment","11":"tag-fi","12":"tag-finland","13":"tag-finnish","14":"tag-nayttamotaide","15":"tag-suomi","16":"tag-taide-yleista","17":"tag-taiteellinen-ilmaisu-ja-mediat","18":"tag-tv-ja-elokuvat","19":"tag-viihde"},"share_on_mastodon":{"url":"","error":""},"_links":{"self":[{"href":"https:\/\/www.europesays.com\/fi\/wp-json\/wp\/v2\/posts\/53943","targetHints":{"allow":["GET"]}}],"collection":[{"href":"https:\/\/www.europesays.com\/fi\/wp-json\/wp\/v2\/posts"}],"about":[{"href":"https:\/\/www.europesays.com\/fi\/wp-json\/wp\/v2\/types\/post"}],"author":[{"embeddable":true,"href":"https:\/\/www.europesays.com\/fi\/wp-json\/wp\/v2\/users\/2"}],"replies":[{"embeddable":true,"href":"https:\/\/www.europesays.com\/fi\/wp-json\/wp\/v2\/comments?post=53943"}],"version-history":[{"count":0,"href":"https:\/\/www.europesays.com\/fi\/wp-json\/wp\/v2\/posts\/53943\/revisions"}],"wp:featuredmedia":[{"embeddable":true,"href":"https:\/\/www.europesays.com\/fi\/wp-json\/wp\/v2\/media\/53944"}],"wp:attachment":[{"href":"https:\/\/www.europesays.com\/fi\/wp-json\/wp\/v2\/media?parent=53943"}],"wp:term":[{"taxonomy":"category","embeddable":true,"href":"https:\/\/www.europesays.com\/fi\/wp-json\/wp\/v2\/categories?post=53943"},{"taxonomy":"post_tag","embeddable":true,"href":"https:\/\/www.europesays.com\/fi\/wp-json\/wp\/v2\/tags?post=53943"}],"curies":[{"name":"wp","href":"https:\/\/api.w.org\/{rel}","templated":true}]}}