{"id":53970,"date":"2025-10-05T23:06:07","date_gmt":"2025-10-05T23:06:07","guid":{"rendered":"https:\/\/www.europesays.com\/fi\/53970\/"},"modified":"2025-10-05T23:06:07","modified_gmt":"2025-10-05T23:06:07","slug":"hsl-helsingissa-alkaa-mittava-ratikkaliikenteen-katkos-maanantaina-new-articles","status":"publish","type":"post","link":"https:\/\/www.europesays.com\/fi\/53970\/","title":{"rendered":"HSL | Helsingiss\u00e4 alkaa mittava ratikkaliikenteen katkos maanantaina | New Articles"},"content":{"rendered":"<p>Ratikkaliikenne Hakaniemeen katkeaa nelj\u00e4ksi viikoksi maanantaina 6. lokakuuta.<\/p>\n<p><strong class=\"diks-storyline__impact\">Ratikan <\/strong>6B lopettaa liikenn\u00f6innin. Pitk\u00e4nsillan toisella puolella ratikka 6T, joka kulkee Eiranrannan ja Katajanokan terminaalin v\u00e4lill\u00e4, jatkaa edelleen liikenn\u00f6inti\u00e4 normaaliin tapaan.<\/p>\n<p>Samalla ratikan 8 aikatauluihin tulee pieni\u00e4 muutoksia.<\/p>\n<p>Ratikka 7B ajaa vain Meilahden sairaalan ja S\u00f6rn\u00e4isten v\u00e4lill\u00e4 eik\u00e4 kulje Hakaniemeen asti.<\/p>\n<p>Ratikka 9B ajaa vain Ilmalan ja S\u00f6rn\u00e4isten v\u00e4lill\u00e4. Ratikan 9B reitti kulkee Pasilasta Sturenkadun, Porvoonkadun ja Helsinginkadun kautta S\u00f6rn\u00e4isiin. <\/p>\n<p>Ratikkaliikennett\u00e4 ei ole Hakaniemen pohjoispuolella v\u00e4leill\u00e4 S\u00f6rn\u00e4inen\u2013H\u00e4meentie\u2013Hakaniemi eik\u00e4 Helsinginkatu\u2013Karhupuisto\u2013Hakaniemi. <\/p>\n<p><strong class=\"diks-storyline__impact\">Ratikat <\/strong>palaavat kulkemaan Pitk\u00e4nsillan yli normaaleja reittej\u00e4\u00e4n maanantaina 3. marraskuuta.<\/p>\n<p><strong class=\"diks-storyline__impact\">Liikennekatkos <\/strong>johtuu siit\u00e4, ett\u00e4 Kaupunkiliikenne Oy purkaa lokakuun aikana v\u00e4liaikaisen kiskoyhteyden H\u00e4meentien ja Kallion virastotalon pys\u00e4kkien v\u00e4lill\u00e4 ja palauttaa kiskoyhteyden H\u00e4meentielt\u00e4 ja Siltasaarenkadulta Hakaniemen ratikoiden pys\u00e4kkialueelle.<\/p>\n<p>My\u00f6s Toisen linjan ja Siltasaarenkadun risteyksess\u00e4 tehd\u00e4\u00e4n kisko- ja vaihdet\u00f6it\u00e4.<\/p>\n<p><strong class=\"diks-storyline__impact\">Lokakuun<\/strong> aikana uusitulla raitiotiell\u00e4 Hakaniementorin ja Pitk\u00e4nsillan v\u00e4lill\u00e4 j\u00e4rjestet\u00e4\u00e4n my\u00f6s koeajoja.<\/p>\n<p>Siltasaarenkadulla tehty remontti liittyy Kruunusillat-raitiotiehen, joka yhdist\u00e4\u00e4\u202fLaajasalon, Korkeasaaren ja Kalasataman Hakaniemeen vuonna 2027.<\/p>\n<p><strong class=\"diks-storyline__impact\">T\u00e4m\u00e4n <\/strong>vuoden ty\u00f6maan aikana Siltasaarenkadulla on uusittu vesi- ja viem\u00e4riverkostoa sek\u00e4 muuta vanhaa kunnallistekniikkaa. Samalla Siltasaarenkadun raitiotie on uusittu Hakaniementorin ja Pitk\u00e4nsillan v\u00e4lill\u00e4 sek\u00e4 asennettu uudet vaihteet Siltasaarenkadun ja Hakaniemenrannan liittym\u00e4\u00e4n. Uudet vaihteet mahdollistavat Laajasalon uuden pikaraitiotien.<\/p>\n","protected":false},"excerpt":{"rendered":"Ratikkaliikenne Hakaniemeen katkeaa nelj\u00e4ksi viikoksi maanantaina 6. lokakuuta. Ratikan 6B lopettaa liikenn\u00f6innin. Pitk\u00e4nsillan toisella puolella ratikka 6T, joka&hellip;\n","protected":false},"author":2,"featured_media":53971,"comment_status":"","ping_status":"","sticky":false,"template":"","format":"standard","meta":{"footnotes":""},"categories":[12],"tags":[22,23,26,27,33,31,30,17,104,2887,13044,24,25,28,29,953,15,18,21,620,950,32,679,19,20,16],"class_list":{"0":"post-53970","1":"post","2":"type-post","3":"status-publish","4":"format-standard","5":"has-post-thumbnail","7":"category-suomi","8":"tag-breaking-news","9":"tag-breakingnews","10":"tag-featured-news","11":"tag-featurednews","12":"tag-fi","13":"tag-finland","14":"tag-finnish","15":"tag-headlines","16":"tag-helsinki","17":"tag-julkinen-liikenne","18":"tag-kruunusillat","19":"tag-latest-news","20":"tag-latestnews","21":"tag-main-news","22":"tag-mainnews","23":"tag-matkustajaliikenne","24":"tag-news","25":"tag-otsikot","26":"tag-paauutiset","27":"tag-porvoo","28":"tag-raskas-liikenne","29":"tag-suomi","30":"tag-terveydenhuollon-toimintalaitokset","31":"tag-top-stories","32":"tag-topstories","33":"tag-uutiset"},"share_on_mastodon":{"url":"","error":""},"_links":{"self":[{"href":"https:\/\/www.europesays.com\/fi\/wp-json\/wp\/v2\/posts\/53970","targetHints":{"allow":["GET"]}}],"collection":[{"href":"https:\/\/www.europesays.com\/fi\/wp-json\/wp\/v2\/posts"}],"about":[{"href":"https:\/\/www.europesays.com\/fi\/wp-json\/wp\/v2\/types\/post"}],"author":[{"embeddable":true,"href":"https:\/\/www.europesays.com\/fi\/wp-json\/wp\/v2\/users\/2"}],"replies":[{"embeddable":true,"href":"https:\/\/www.europesays.com\/fi\/wp-json\/wp\/v2\/comments?post=53970"}],"version-history":[{"count":0,"href":"https:\/\/www.europesays.com\/fi\/wp-json\/wp\/v2\/posts\/53970\/revisions"}],"wp:featuredmedia":[{"embeddable":true,"href":"https:\/\/www.europesays.com\/fi\/wp-json\/wp\/v2\/media\/53971"}],"wp:attachment":[{"href":"https:\/\/www.europesays.com\/fi\/wp-json\/wp\/v2\/media?parent=53970"}],"wp:term":[{"taxonomy":"category","embeddable":true,"href":"https:\/\/www.europesays.com\/fi\/wp-json\/wp\/v2\/categories?post=53970"},{"taxonomy":"post_tag","embeddable":true,"href":"https:\/\/www.europesays.com\/fi\/wp-json\/wp\/v2\/tags?post=53970"}],"curies":[{"name":"wp","href":"https:\/\/api.w.org\/{rel}","templated":true}]}}