{"id":53982,"date":"2025-10-05T23:32:09","date_gmt":"2025-10-05T23:32:09","guid":{"rendered":"https:\/\/www.europesays.com\/fi\/53982\/"},"modified":"2025-10-05T23:32:09","modified_gmt":"2025-10-05T23:32:09","slug":"nokkakolari-lohjalla-kuljettajat-irrotettiin-autoistaan-uusimaa","status":"publish","type":"post","link":"https:\/\/www.europesays.com\/fi\/53982\/","title":{"rendered":"Nokkakolari Lohjalla \u2013 kuljettajat irrotettiin autoistaan | Uusimaa"},"content":{"rendered":"<p class=\"aw-1gybjub aw-1p7kakr cmIuaG fmSRng yle__article__paragraph\">Kaksi henkil\u00f6autoa ajoi nokkakolarin Turuntiell\u00e4 Lohjalla sunnuntaina iltap\u00e4iv\u00e4ll\u00e4.<\/p>\n<p class=\"aw-1gybjub aw-1p7kakr cmIuaG fmSRng yle__article__paragraph\">Ajokit romuttuivat siin\u00e4 m\u00e4\u00e4rin, ett\u00e4 kummankin auton kuljettaja jouduttiin pelastuslaitoksen mukaan irrottamaan autostaan. Ensihoito toimitti loukkaantuneet jatkohoitoon. P\u00e4ivyst\u00e4v\u00e4 palomestari ei tarkentanut, miten vakavia vammoja kuljettajat saivat.<\/p>\n<p class=\"aw-1gybjub aw-1p7kakr cmIuaG fmSRng yle__article__paragraph\">Autoissa ei ollut kuljettajien lis\u00e4ksi muita. My\u00f6sk\u00e4\u00e4n tietoa loukkaantuneiden sukupuolesta tai ik\u00e4luokasta ei annettu julki.<\/p>\n<p class=\"aw-1gybjub aw-1p7kakr cmIuaG fmSRng yle__article__paragraph\">Turma tapahtui tiell\u00e4 110 Vesikansantien ja Hiidenveden sillan v\u00e4lisell\u00e4 osuudella hieman ennen iltakuutta. L\u00e4nsi-Uudenmaan poliisi selvitt\u00e4\u00e4 onnettomuuden syyt\u00e4.<\/p>\n","protected":false},"excerpt":{"rendered":"Kaksi henkil\u00f6autoa ajoi nokkakolarin Turuntiell\u00e4 Lohjalla sunnuntaina iltap\u00e4iv\u00e4ll\u00e4. Ajokit romuttuivat siin\u00e4 m\u00e4\u00e4rin, ett\u00e4 kummankin auton kuljettaja jouduttiin pelastuslaitoksen&hellip;\n","protected":false},"author":2,"featured_media":53983,"comment_status":"","ping_status":"","sticky":false,"template":"","format":"standard","meta":{"footnotes":""},"categories":[12],"tags":[22,23,26,27,33,31,30,17,24,25,990,481,28,29,15,837,18,21,32,19,20,1168,16],"class_list":{"0":"post-53982","1":"post","2":"type-post","3":"status-publish","4":"format-standard","5":"has-post-thumbnail","7":"category-suomi","8":"tag-breaking-news","9":"tag-breakingnews","10":"tag-featured-news","11":"tag-featurednews","12":"tag-fi","13":"tag-finland","14":"tag-finnish","15":"tag-headlines","16":"tag-latest-news","17":"tag-latestnews","18":"tag-liikenneonnettomuudet","19":"tag-lohja","20":"tag-main-news","21":"tag-mainnews","22":"tag-news","23":"tag-onnettomuudet","24":"tag-otsikot","25":"tag-paauutiset","26":"tag-suomi","27":"tag-top-stories","28":"tag-topstories","29":"tag-uusimaa","30":"tag-uutiset"},"share_on_mastodon":{"url":"","error":""},"_links":{"self":[{"href":"https:\/\/www.europesays.com\/fi\/wp-json\/wp\/v2\/posts\/53982","targetHints":{"allow":["GET"]}}],"collection":[{"href":"https:\/\/www.europesays.com\/fi\/wp-json\/wp\/v2\/posts"}],"about":[{"href":"https:\/\/www.europesays.com\/fi\/wp-json\/wp\/v2\/types\/post"}],"author":[{"embeddable":true,"href":"https:\/\/www.europesays.com\/fi\/wp-json\/wp\/v2\/users\/2"}],"replies":[{"embeddable":true,"href":"https:\/\/www.europesays.com\/fi\/wp-json\/wp\/v2\/comments?post=53982"}],"version-history":[{"count":0,"href":"https:\/\/www.europesays.com\/fi\/wp-json\/wp\/v2\/posts\/53982\/revisions"}],"wp:featuredmedia":[{"embeddable":true,"href":"https:\/\/www.europesays.com\/fi\/wp-json\/wp\/v2\/media\/53983"}],"wp:attachment":[{"href":"https:\/\/www.europesays.com\/fi\/wp-json\/wp\/v2\/media?parent=53982"}],"wp:term":[{"taxonomy":"category","embeddable":true,"href":"https:\/\/www.europesays.com\/fi\/wp-json\/wp\/v2\/categories?post=53982"},{"taxonomy":"post_tag","embeddable":true,"href":"https:\/\/www.europesays.com\/fi\/wp-json\/wp\/v2\/tags?post=53982"}],"curies":[{"name":"wp","href":"https:\/\/api.w.org\/{rel}","templated":true}]}}