{"id":53988,"date":"2025-10-05T23:53:07","date_gmt":"2025-10-05T23:53:07","guid":{"rendered":"https:\/\/www.europesays.com\/fi\/53988\/"},"modified":"2025-10-05T23:53:07","modified_gmt":"2025-10-05T23:53:07","slug":"auri-kananen-paljasti-kuukausitulonsa-ja-menonsa-allistyttavaa","status":"publish","type":"post","link":"https:\/\/www.europesays.com\/fi\/53988\/","title":{"rendered":"Auri Kananen paljasti kuukausitulonsa ja -menonsa &#8211; \u00e4llistytt\u00e4v\u00e4\u00e4!"},"content":{"rendered":"<p>Auri Kananen kannustaa kaikkia avoimeen rahapuheeseen.<\/p>\n<p>-Me puhutaan yst\u00e4vien kanssa avoimesti meid\u00e4n menoista ja tuloista ja se auttaa hahmottaan omaa kuluttamista ja sit\u00e4 mit\u00e4 pyyt\u00e4\u00e4 palkaksi! Nyky\u00e4\u00e4n ihannoidaan isoa kulutusta, enk\u00e4 itsek\u00e4\u00e4n ole mik\u00e4\u00e4n pihi mut silti tekee hyv\u00e4\u00e4 mietti\u00e4 mihin kuluttaa ja miksi. Sama koskee palkkaa, se on Suomessa pidetty hyshys-asiana mut miks? Ihan turhaa! Auri per\u00e4\u00e4nkuuluttaa.<\/p>\n<p>Nyt h\u00e4n on esitellyt kuukauden <a href=\"https:\/\/www.instagram.com\/p\/DPYbmfYjejc\/?hl=fi\" rel=\"nofollow noopener\" target=\"_blank\">tulonsa ja menonsa.<\/a><\/p>\n<p>Asuminen on vienyt vain 252 euroa, koska se on yhti\u00f6nvastike velattomasta asunnosta. Ruokakauppaan on mennyt 767 euroa. Kauneuteen Auri on kuluttanut 355 euroa. Auri kertoo my\u00f6s lahjoittaneensa er\u00e4\u00e4lle yh-\u00e4idille 300 euroa.<\/p>\n<p>Ravintoloissa Auri on m\u00e4ss\u00e4nnyt yli 600 eurolla kuussa. Menoja oli yhteens\u00e4 2687 euroa. Auri my\u00f6s sijoitti viime kuussa yli 10 000 euroa.<\/p>\n<p>Ent\u00e4s tulot sitten?<\/p>\n<p>Auri nostaa keve\u00e4sti verotettuja osinkoja kerran kuussa. Osingoista h\u00e4n siis sai 11 400 euroa. Verottomia p\u00e4iv\u00e4rahoja h\u00e4n sai l\u00e4hes 6 000 euroa. Palkkaa h\u00e4n nosti 3162 euroa. H\u00e4n kertoo saaneensa my\u00f6s yli 5 000 euroa veronpalautuksia. <\/p>\n<p>Tuloja oli siis kuussa 25 694 euroa. H\u00e4nell\u00e4 j\u00e4i ylim\u00e4\u00e4r\u00e4ist\u00e4 12 957 euroa.<\/p>\n<p>Lue my\u00f6s: <a href=\"https:\/\/www.como.fi\/uutiset\/auri-kananen-julkaisi-upeita-raskauskuvia\/\" title=\"Auri Kananen julkaisi upeita raskauskuvia\" class=\"underline-custom !font-montserrat !font-bold !underline-offset-4 !decoration-4 !decoration-red-600 !text-md\" rel=\"nofollow noopener\" target=\"_blank\">Auri Kananen julkaisi upeita raskauskuvia<\/a><\/p>\n<p>Lue my\u00f6s: <a href=\"https:\/\/www.como.fi\/uutiset\/auri-kananen-allistyi-kylpparissa-tama-naky-on-mieleton\/\" title=\"Auri Kananen \u00e4llistyi kylpp\u00e4riss\u00e4 \u2013 t\u00e4m\u00e4 n\u00e4ky on mielet\u00f6n\" class=\"underline-custom !font-montserrat !font-bold !underline-offset-4 !decoration-4 !decoration-red-600 !text-md\" rel=\"nofollow noopener\" target=\"_blank\">Auri Kananen \u00e4llistyi kylpp\u00e4riss\u00e4 \u2013 t\u00e4m\u00e4 n\u00e4ky on mielet\u00f6n<\/a><\/p>\n<p>Lue my\u00f6s: <a href=\"https:\/\/www.como.fi\/tilaa-comon-uutiskirje\/\" title=\"Tilaa Comon uutiskirje ja tied\u00e4t mist\u00e4 kahvitauolla puhutaan! Nappaa kotimaan tv-vinkit ja puheenaiheet suoraan s\u00e4hk\u00f6postiin t\u00e4st\u00e4.\" class=\"underline-custom !font-montserrat !font-bold !underline-offset-4 !decoration-4 !decoration-red-600 !text-md\" rel=\"nofollow noopener\" target=\"_blank\">Tilaa Comon uutiskirje ja tied\u00e4t mist\u00e4 kahvitauolla puhutaan! Nappaa kotimaan tv-vinkit ja puheenaiheet suoraan s\u00e4hk\u00f6postiin t\u00e4st\u00e4.<\/a><\/p>\n<p>\t\t\t<script async src=\"\/\/www.instagram.com\/embed.js\"><\/script><\/p>\n","protected":false},"excerpt":{"rendered":"Auri Kananen kannustaa kaikkia avoimeen rahapuheeseen. -Me puhutaan yst\u00e4vien kanssa avoimesti meid\u00e4n menoista ja tuloista ja se auttaa&hellip;\n","protected":false},"author":2,"featured_media":53989,"comment_status":"","ping_status":"","sticky":false,"template":"","format":"standard","meta":{"footnotes":""},"categories":[130],"tags":[2444,137,33,31,30,32,109],"class_list":{"0":"post-53988","1":"post","2":"type-post","3":"status-publish","4":"format-standard","5":"has-post-thumbnail","7":"category-viihde","8":"tag-auri-kananen","9":"tag-entertainment","10":"tag-fi","11":"tag-finland","12":"tag-finnish","13":"tag-suomi","14":"tag-viihde"},"share_on_mastodon":{"url":"","error":""},"_links":{"self":[{"href":"https:\/\/www.europesays.com\/fi\/wp-json\/wp\/v2\/posts\/53988","targetHints":{"allow":["GET"]}}],"collection":[{"href":"https:\/\/www.europesays.com\/fi\/wp-json\/wp\/v2\/posts"}],"about":[{"href":"https:\/\/www.europesays.com\/fi\/wp-json\/wp\/v2\/types\/post"}],"author":[{"embeddable":true,"href":"https:\/\/www.europesays.com\/fi\/wp-json\/wp\/v2\/users\/2"}],"replies":[{"embeddable":true,"href":"https:\/\/www.europesays.com\/fi\/wp-json\/wp\/v2\/comments?post=53988"}],"version-history":[{"count":0,"href":"https:\/\/www.europesays.com\/fi\/wp-json\/wp\/v2\/posts\/53988\/revisions"}],"wp:featuredmedia":[{"embeddable":true,"href":"https:\/\/www.europesays.com\/fi\/wp-json\/wp\/v2\/media\/53989"}],"wp:attachment":[{"href":"https:\/\/www.europesays.com\/fi\/wp-json\/wp\/v2\/media?parent=53988"}],"wp:term":[{"taxonomy":"category","embeddable":true,"href":"https:\/\/www.europesays.com\/fi\/wp-json\/wp\/v2\/categories?post=53988"},{"taxonomy":"post_tag","embeddable":true,"href":"https:\/\/www.europesays.com\/fi\/wp-json\/wp\/v2\/tags?post=53988"}],"curies":[{"name":"wp","href":"https:\/\/api.w.org\/{rel}","templated":true}]}}