{"id":54011,"date":"2025-10-06T00:50:09","date_gmt":"2025-10-06T00:50:09","guid":{"rendered":"https:\/\/www.europesays.com\/fi\/54011\/"},"modified":"2025-10-06T00:50:09","modified_gmt":"2025-10-06T00:50:09","slug":"jere-tiihonen-rikkoo-suomen-ennatyksen-maksimihauiskaannossa-cheekin-veli-jalleen-otsikoissa","status":"publish","type":"post","link":"https:\/\/www.europesays.com\/fi\/54011\/","title":{"rendered":"Jere Tiihonen rikkoo Suomen enn\u00e4tyksen maksimihauisk\u00e4\u00e4nn\u00f6ss\u00e4 &#8211; Cheekin veli j\u00e4lleen otsikoissa"},"content":{"rendered":"<p>            ATTE KAJOVA\n        <\/p>\n<p class=\"subtitle \">Jere nappasi Suomen enn\u00e4tyksen haltuunsa.<\/p>\n<p class=\"article-content article-content-width !bg-background\">Aiemmin artistinimell\u00e4 Cheek tunnetun  kaksoisveli , 43, on rikkonut t\u00e4n\u00e4\u00e4n 5. lokakuuta Suomen enn\u00e4tyksen.<\/p>\n<p class=\"font-weight-bold m-font-weight-bold article-content article-content-width !bg-background\">Katso my\u00f6s! Jare Tiihonen saapui hovioikeuteen:<\/p>\n<p class=\"article-content article-content-width !bg-background\">Jere rikkoi maksimihauisk\u00e4\u00e4nn\u00f6n Suomen enn\u00e4tyksen Lahdessa j\u00e4rjestett\u00e4v\u00e4ss\u00e4 Nordic Fitness Expossa. Asiasta kertoo<a href=\"https:\/\/www.iltalehti.fi\/fitnessvoimailu\/a\/94cdfa86-2887-4a7a-a3a9-cf87c37ddfe4?utm_campaign=feed&amp;utm_medium=referral&amp;utm_source=later-linkinbio\" target=\"_blank\" rel=\"nofollow noopener\"> Iltalehti<\/a>.<\/p>\n<p>        <a itemprop=\"url\" href=\"https:\/\/www.seiska.fi\/vain-seiskassa\/cheek-kohtasi-diandran-kuppilassa-nain-sitten-tapahtui\/1365592\" rel=\"nofollow noopener\" target=\"_blank\"><\/p>\n<p>\nVain Seiskassa!\n<\/p>\n<p class=\"section-date\">\n        <strong class=\"article-section\" data-section=\"vain seiskassa\"><br \/>\n            vain seiskassa<br \/>\n        <\/strong><br \/>\n        1.6.2024 07:00\n    <\/p>\n<p>Cheek kohtasi Diandran kuppilassa \u2013 n\u00e4in sitten tapahtui\n    <\/p>\n<p itemprop=\"description\" class=\"subtitle \">\n    Ex-r\u00e4pp\u00e4ri ja laulaja eiv\u00e4t olleet samassa seurueessa.\n<\/p>\n<p>        <\/a><\/p>\n<p>Huima tulos!<\/p>\n<p class=\"article-content article-content-width !bg-background\">Jeren suoritus miesten maksimihauisk\u00e4\u00e4nt\u00f6 kilpailussa alle 90 kiloisten sarjassa n\u00e4htiin sunnuntai aamuna (5.10.) kello 11 aikaan.<\/p>\n<p class=\"article-content article-content-width !bg-background\">Koska Jeren kolme ensimm\u00e4ist\u00e4 k\u00e4\u00e4nt\u00f6\u00e4 suoriutui onnistuneesti, sai h\u00e4n koittaa onneaan viel\u00e4 nelj\u00e4nnen kerran, kovemman enn\u00e4tyksen tekoon. Tankoon asetettiin lopulta huimat 80 kiloa, jotka k\u00e4\u00e4ntyiv\u00e4t miehelt\u00e4 kevyesti, Iltalehti kertoo.<\/p>\n<p>                <img decoding=\"async\" src=\"https:\/\/www.europesays.com\/fi\/wp-content\/uploads\/2025\/10\/1951952.webp\" width=\"576\" height=\"720\" alt=\"Vaikkei Jere veljens\u00e4 tavoin olekaan luonut uraa julkimona, ovat Jere ja Jare toisinaan poseeranneet julkisuuteen ylpein\u00e4 toistensa rinnalla.\" loading=\"lazy\" \/>            <\/p>\n<p>\n            Vaikkei Jere veljens\u00e4 tavoin olekaan luonut uraa julkimona, ovat Jere ja Jare toisinaan poseeranneet julkisuuteen ylpein\u00e4 toistensa rinnalla.<br \/>\n            ATTE KAJOVA\n        <\/p>\n<p class=\"article-content article-content-width !bg-background\"> Uusi maksimihauisk\u00e4\u00e4nn\u00f6n Suomen enn\u00e4tys alle 90 kiloisten miesten sarjassa merkattiin t\u00e4ten Jeren puristamaan 80 kiloon. Aiempina vuosina Jeren on n\u00e4hty rikkovan Suomen enn\u00e4tyksi\u00e4 samaisessa kilpailussa toistohauisk\u00e4\u00e4nn\u00f6sten parissa.<\/p>\n<p>        <a itemprop=\"url\" href=\"https:\/\/www.seiska.fi\/kotimaa\/jaren-kaksoisveli-jere-tiihonen-voitti-suomen-mestaruuden-taas\/1158100\" rel=\"nofollow noopener\" target=\"_blank\"><\/p>\n<p class=\"section-date\">\n        <strong class=\"article-section\" data-section=\"kotimaa\"><br \/>\n            kotimaa<br \/>\n        <\/strong><br \/>\n        9.10.2023 12:33\n    <\/p>\n<p>Jaren kaksoisveli Jere Tiihonen voitti Suomen mestaruuden \u2013 taas!\n    <\/p>\n<p itemprop=\"description\" class=\"subtitle \">\n    Jere Tiihonen on lajinsa hallitseva Suomen mestari.\n<\/p>\n<p>        <\/a><\/p>\n<p>Viihtyi nyrkkeilytapahtumassa<\/p>\n<p class=\"article-content article-content-width !bg-background\"><a href=\"https:\/\/www.seiska.fi\/kotimaa\/muistatko-cheekin-kaksoiveljen-talta-jere-tiihonen-nayttaa-nyt-kuvat\/1944285\" target=\"_blank\" rel=\"nofollow noopener\">Seiska<\/a> bongasi Jeren viikko sitten lauantaina (27.9.) F2F-nyrkkeilytapahtuman katsomosta Helsingin j\u00e4\u00e4hallilta.\u00a0Jere istui alueen per\u00e4osassa yhdess\u00e4 Veli Koo -nimell\u00e4kin tunnetun somevaikuttaja  kanssa.<\/p>\n<p>                <img decoding=\"async\" src=\"https:\/\/www.europesays.com\/fi\/wp-content\/uploads\/2025\/10\/1951949.webp\" width=\"576\" height=\"562\" alt=\"Jere n\u00e4ytti vaihtavan katseet Seiskan paparazzin kanssa.\" loading=\"lazy\" \/>            <\/p>\n<p>\n            Jere n\u00e4ytti vaihtavan katseet Seiskan paparazzin kanssa.<br \/>\n            Panu H\u00f6rkk\u00f6\n        <\/p>\n<p class=\"article-content article-content-width !bg-background\"> Tapahtuman\u00a0kruunasi kiekkolegenda\u00a0ja somevaikuttajana sek\u00e4 kehonrakentajana uraa luoneen\u00a0ottelu. <\/p>\n","protected":false},"excerpt":{"rendered":"ATTE KAJOVA Jere nappasi Suomen enn\u00e4tyksen haltuunsa. Aiemmin artistinimell\u00e4 Cheek tunnetun kaksoisveli , 43, on rikkonut t\u00e4n\u00e4\u00e4n 5.&hellip;\n","protected":false},"author":2,"featured_media":54012,"comment_status":"","ping_status":"","sticky":false,"template":"","format":"standard","meta":{"footnotes":""},"categories":[12],"tags":[22,23,1866,26,27,33,31,30,17,8106,24,25,212,28,29,13050,15,13049,18,21,164,32,19,20,16],"class_list":{"0":"post-54011","1":"post","2":"type-post","3":"status-publish","4":"format-standard","5":"has-post-thumbnail","7":"category-suomi","8":"tag-breaking-news","9":"tag-breakingnews","10":"tag-cheek","11":"tag-featured-news","12":"tag-featurednews","13":"tag-fi","14":"tag-finland","15":"tag-finnish","16":"tag-headlines","17":"tag-jere-tiihonen","18":"tag-latest-news","19":"tag-latestnews","20":"tag-lifestyle","21":"tag-main-news","22":"tag-mainnews","23":"tag-maksimihauiskaanto","24":"tag-news","25":"tag-nordic-fitness-expo","26":"tag-otsikot","27":"tag-paauutiset","28":"tag-suomen-ennatys","29":"tag-suomi","30":"tag-top-stories","31":"tag-topstories","32":"tag-uutiset"},"share_on_mastodon":{"url":"","error":""},"_links":{"self":[{"href":"https:\/\/www.europesays.com\/fi\/wp-json\/wp\/v2\/posts\/54011","targetHints":{"allow":["GET"]}}],"collection":[{"href":"https:\/\/www.europesays.com\/fi\/wp-json\/wp\/v2\/posts"}],"about":[{"href":"https:\/\/www.europesays.com\/fi\/wp-json\/wp\/v2\/types\/post"}],"author":[{"embeddable":true,"href":"https:\/\/www.europesays.com\/fi\/wp-json\/wp\/v2\/users\/2"}],"replies":[{"embeddable":true,"href":"https:\/\/www.europesays.com\/fi\/wp-json\/wp\/v2\/comments?post=54011"}],"version-history":[{"count":0,"href":"https:\/\/www.europesays.com\/fi\/wp-json\/wp\/v2\/posts\/54011\/revisions"}],"wp:featuredmedia":[{"embeddable":true,"href":"https:\/\/www.europesays.com\/fi\/wp-json\/wp\/v2\/media\/54012"}],"wp:attachment":[{"href":"https:\/\/www.europesays.com\/fi\/wp-json\/wp\/v2\/media?parent=54011"}],"wp:term":[{"taxonomy":"category","embeddable":true,"href":"https:\/\/www.europesays.com\/fi\/wp-json\/wp\/v2\/categories?post=54011"},{"taxonomy":"post_tag","embeddable":true,"href":"https:\/\/www.europesays.com\/fi\/wp-json\/wp\/v2\/tags?post=54011"}],"curies":[{"name":"wp","href":"https:\/\/api.w.org\/{rel}","templated":true}]}}