{"id":54118,"date":"2025-10-06T04:39:08","date_gmt":"2025-10-06T04:39:08","guid":{"rendered":"https:\/\/www.europesays.com\/fi\/54118\/"},"modified":"2025-10-06T04:39:08","modified_gmt":"2025-10-06T04:39:08","slug":"potkut-tuli-lapset-olivat-kyydissa-kun-entinen-nhl-pelaaja-kolaroi-kannissa","status":"publish","type":"post","link":"https:\/\/www.europesays.com\/fi\/54118\/","title":{"rendered":"Potkut tuli! Lapset olivat kyydiss\u00e4, kun entinen NHL-pelaaja kolaroi k\u00e4nniss\u00e4"},"content":{"rendered":"<p>Buffalo n\u00e4ytti ovea Adam Mairille.<\/p>\n<p><img decoding=\"async\" class=\"image image-show image-preview\" src=\"https:\/\/www.europesays.com\/fi\/wp-content\/uploads\/2025\/10\/1b4fc8062398781b33efb96cd5e2f52b50de5342ec3ca3c285b71d0881f6c53e.jpg\" alt=\"\"\/><img decoding=\"async\" class=\"image image-show\" src=\"https:\/\/www.europesays.com\/fi\/wp-content\/uploads\/2025\/10\/1759725548_584_1b4fc8062398781b33efb96cd5e2f52b50de5342ec3ca3c285b71d0881f6c53e.jpg\" alt=\"\"\/><\/p>\n<p>Adam Mair t\u00f6rtt\u00f6ili liikenteess\u00e4. AOP<\/p>\n<p class=\"paragraph\">Entinen NHL-pelaaja <strong>Adam Mair<\/strong> sai potkut Buffalosta. H\u00e4n toimi seurassa pelaajakehitysjohtajana.<\/p>\n<p class=\"paragraph\">Mair, 46, sai torstaina syytteet t\u00f6rke\u00e4st\u00e4 rattijuopumuksesta. Tv-kanava WGRZ-TV:n mukaan mies oli kolaroinut syyskuussa autollaan kahden promillen humalassa, kun rattijuopumuksen raja oli 0,8 promillea. Asian k\u00e4sittely jatkuu oikeudessa joulukuussa.<\/p>\n<p class=\"paragraph\">Mairin kyydiss\u00e4 oli ollut tapahtumahetkell\u00e4 lapsia, mutta kukaan ei onneksi loukkaantunut ryt\u00e4k\u00e4ss\u00e4.<\/p>\n<p class=\"paragraph\">Mair pelasi NHL:ss\u00e4 615 runkosarjapeli\u00e4 tehoilla 38+76=114. J\u00e4\u00e4hyminuutteja romuluinen hy\u00f6kk\u00e4\u00e4j\u00e4 ker\u00e4si 829.<\/p>\n<p class=\"paragraph\">Mairin pelaajaura p\u00e4\u00e4ttyi 2012. Siit\u00e4 l\u00e4htien h\u00e4n on toiminut pelaajien kehitysvalmentajana. Ensin pari vuotta yliopistossa, sitten Buffalo Sabresissa.<\/p>\n<p class=\"paragraph\">L\u00e4hde: <a href=\"https:\/\/www.nytimes.com\/athletic\/6687526\/2025\/10\/03\/sabres-adam-mair-dwi-charges\/\" rel=\"noopener nofollow\" target=\"_blank\">The Athletic<\/a><\/p>\n","protected":false},"excerpt":{"rendered":"Buffalo n\u00e4ytti ovea Adam Mairille. Adam Mair t\u00f6rtt\u00f6ili liikenteess\u00e4. AOP Entinen NHL-pelaaja Adam Mair sai potkut Buffalosta. H\u00e4n&hellip;\n","protected":false},"author":2,"featured_media":54119,"comment_status":"","ping_status":"","sticky":false,"template":"","format":"standard","meta":{"footnotes":""},"categories":[158],"tags":[35,1144,1274,33,31,30,1143,41,1146,159,32,160],"class_list":{"0":"post-54118","1":"post","2":"type-post","3":"status-publish","4":"format-standard","5":"has-post-thumbnail","7":"category-urheilu","8":"tag-24h","9":"tag-ammattilaisjaakiekko","10":"tag-ammattiurheilu","11":"tag-fi","12":"tag-finland","13":"tag-finnish","14":"tag-jaakiekko","15":"tag-liikunta-ja-urheilu","16":"tag-miesten-jaakiekko","17":"tag-sports","18":"tag-suomi","19":"tag-urheilu"},"share_on_mastodon":{"url":"","error":""},"_links":{"self":[{"href":"https:\/\/www.europesays.com\/fi\/wp-json\/wp\/v2\/posts\/54118","targetHints":{"allow":["GET"]}}],"collection":[{"href":"https:\/\/www.europesays.com\/fi\/wp-json\/wp\/v2\/posts"}],"about":[{"href":"https:\/\/www.europesays.com\/fi\/wp-json\/wp\/v2\/types\/post"}],"author":[{"embeddable":true,"href":"https:\/\/www.europesays.com\/fi\/wp-json\/wp\/v2\/users\/2"}],"replies":[{"embeddable":true,"href":"https:\/\/www.europesays.com\/fi\/wp-json\/wp\/v2\/comments?post=54118"}],"version-history":[{"count":0,"href":"https:\/\/www.europesays.com\/fi\/wp-json\/wp\/v2\/posts\/54118\/revisions"}],"wp:featuredmedia":[{"embeddable":true,"href":"https:\/\/www.europesays.com\/fi\/wp-json\/wp\/v2\/media\/54119"}],"wp:attachment":[{"href":"https:\/\/www.europesays.com\/fi\/wp-json\/wp\/v2\/media?parent=54118"}],"wp:term":[{"taxonomy":"category","embeddable":true,"href":"https:\/\/www.europesays.com\/fi\/wp-json\/wp\/v2\/categories?post=54118"},{"taxonomy":"post_tag","embeddable":true,"href":"https:\/\/www.europesays.com\/fi\/wp-json\/wp\/v2\/tags?post=54118"}],"curies":[{"name":"wp","href":"https:\/\/api.w.org\/{rel}","templated":true}]}}