{"id":54146,"date":"2025-10-06T05:19:07","date_gmt":"2025-10-06T05:19:07","guid":{"rendered":"https:\/\/www.europesays.com\/fi\/54146\/"},"modified":"2025-10-06T05:19:07","modified_gmt":"2025-10-06T05:19:07","slug":"oululaislahtoinen-inari-timonen-nissi-halusi-vahentaa-tyokuormaa-koodasi-itselleen-tekoalykollegan","status":"publish","type":"post","link":"https:\/\/www.europesays.com\/fi\/54146\/","title":{"rendered":"Oululaisl\u00e4ht\u00f6inen Inari Timonen-Nissi halusi v\u00e4hent\u00e4\u00e4 ty\u00f6kuormaa \u2013 Koodasi itselleen teko\u00e4lykollegan"},"content":{"rendered":"<p> <img decoding=\"async\" class=\"responsive-image article__image-image lozad\"   src=\"https:\/\/www.europesays.com\/fi\/wp-content\/uploads\/2025\/10\/cWmOR_zKQ7pxCWp96pCm9K0_vejuh14rsLHHqdeyE7XSOWdEtp3Mp4NoOECtr53zmrqYreBB-rK-dQlLO-S4kJhrpmxxAVxTgE2p.jpeg\" alt=\"Inari Timonen-Nissi ty\u00f6skentelee Fujitsu Finlandilla vastuullisuusp\u00e4\u00e4llikk\u00f6n\u00e4. Ty\u00f6paikka on Helsingiss\u00e4, mutta Timonen-Nissi vierailee usein Oulussa perheens\u00e4 luona.\"\/><\/p>\n<p>\n Inari Timonen-Nissi ty\u00f6skentelee Fujitsu Finlandilla vastuullisuusp\u00e4\u00e4llikk\u00f6n\u00e4. Ty\u00f6paikka on Helsingiss\u00e4, mutta Timonen-Nissi vierailee usein Oulussa perheens\u00e4 luona.\n <\/p>\n<p>\n Kuva: Maiju Pohjanheimo\n <\/p>\n<p class=\"article__paragraph\">\n Inari Timonen-Nissi on luonut digitaalisen ty\u00f6kaverin ty\u00f6taakkaansa helpottamaan. Teko\u00e4lyagentti on nimelt\u00e4\u00e4n Sustainability buddy eli suomeksi Kest\u00e4vyyskaveri.\n <\/p>\n<p class=\"article__paragraph\">\n Oulusta kotoisin oleva Timonen-Nissi ty\u00f6skentelee teknologiayritys Fujitsu Finlandin vastuullisuusp\u00e4\u00e4llikk\u00f6n\u00e4.\n <\/p>\n<p class=\"article__paragraph\">\n Monet kollegat ovatkin jo tottuneet kysym\u00e4\u00e4n vastuullisuuteen ja -strategiaan liittyv\u00e4t h\u00e4nen sijastaan teko\u00e4lyagentilta, jolle on my\u00f6s m\u00e4\u00e4ritetty valtuudet vastata.<\/p>\n","protected":false},"excerpt":{"rendered":"Inari Timonen-Nissi ty\u00f6skentelee Fujitsu Finlandilla vastuullisuusp\u00e4\u00e4llikk\u00f6n\u00e4. Ty\u00f6paikka on Helsingiss\u00e4, mutta Timonen-Nissi vierailee usein Oulussa perheens\u00e4 luona. Kuva: Maiju&hellip;\n","protected":false},"author":2,"featured_media":54147,"comment_status":"","ping_status":"","sticky":false,"template":"","format":"standard","meta":{"footnotes":""},"categories":[89],"tags":[432,431,33,31,30,32,91,92,433],"class_list":{"0":"post-54146","1":"post","2":"type-post","3":"status-publish","4":"format-standard","5":"has-post-thumbnail","7":"category-tekoaly","8":"tag-ai","9":"tag-artificial-intelligence","10":"tag-fi","11":"tag-finland","12":"tag-finnish","13":"tag-suomi","14":"tag-technology","15":"tag-teknologia","16":"tag-tekoaly"},"share_on_mastodon":{"url":"","error":""},"_links":{"self":[{"href":"https:\/\/www.europesays.com\/fi\/wp-json\/wp\/v2\/posts\/54146","targetHints":{"allow":["GET"]}}],"collection":[{"href":"https:\/\/www.europesays.com\/fi\/wp-json\/wp\/v2\/posts"}],"about":[{"href":"https:\/\/www.europesays.com\/fi\/wp-json\/wp\/v2\/types\/post"}],"author":[{"embeddable":true,"href":"https:\/\/www.europesays.com\/fi\/wp-json\/wp\/v2\/users\/2"}],"replies":[{"embeddable":true,"href":"https:\/\/www.europesays.com\/fi\/wp-json\/wp\/v2\/comments?post=54146"}],"version-history":[{"count":0,"href":"https:\/\/www.europesays.com\/fi\/wp-json\/wp\/v2\/posts\/54146\/revisions"}],"wp:featuredmedia":[{"embeddable":true,"href":"https:\/\/www.europesays.com\/fi\/wp-json\/wp\/v2\/media\/54147"}],"wp:attachment":[{"href":"https:\/\/www.europesays.com\/fi\/wp-json\/wp\/v2\/media?parent=54146"}],"wp:term":[{"taxonomy":"category","embeddable":true,"href":"https:\/\/www.europesays.com\/fi\/wp-json\/wp\/v2\/categories?post=54146"},{"taxonomy":"post_tag","embeddable":true,"href":"https:\/\/www.europesays.com\/fi\/wp-json\/wp\/v2\/tags?post=54146"}],"curies":[{"name":"wp","href":"https:\/\/api.w.org\/{rel}","templated":true}]}}