{"id":54163,"date":"2025-10-06T05:53:08","date_gmt":"2025-10-06T05:53:08","guid":{"rendered":"https:\/\/www.europesays.com\/fi\/54163\/"},"modified":"2025-10-06T05:53:08","modified_gmt":"2025-10-06T05:53:08","slug":"tuomas-enbuske-uusi-parisuhde-ilta-sanomat","status":"publish","type":"post","link":"https:\/\/www.europesays.com\/fi\/54163\/","title":{"rendered":"Tuomas Enbuske: Uusi parisuhde &#8211; Ilta-Sanomat"},"content":{"rendered":"<p>Tuomas Enbuske paljastaa tuoreessa el\u00e4m\u00e4kerrassaan l\u00f6yt\u00e4neens\u00e4 uuden rakkauden.<\/p>\n<p class=\"article-body mb-nof-24 px-nof-16\">Toimittaja <a class=\"article-personlink\" href=\"https:\/\/www.is.fi\/haku\/?query=Tuomas%20Enbuske\" rel=\"nofollow noopener\" target=\"_blank\">Tuomas Enbuske<\/a> kertoo tuoreessa el\u00e4m\u00e4kerrassaan uudesta parisuhteestaan.<\/p>\n<p class=\"article-body mb-nof-24 px-nof-16\">H\u00e4nen el\u00e4m\u00e4ss\u00e4\u00e4n on nyky\u00e4\u00e4n <a class=\"article-personlink\" href=\"https:\/\/www.is.fi\/haku\/?query=Suski\" rel=\"nofollow noopener\" target=\"_blank\">Suski<\/a>-niminen nainen ja t\u00e4m\u00e4n rescue-koira.<\/p>\n<p class=\"article-body mb-nof-24 px-nof-16\">\u201dSuski ei palvo tai fanita Tuomasta eik\u00e4 katso h\u00e4nt\u00e4 yl\u00f6sp\u00e4in\u201d, Enbuske \u2013 El\u00e4m\u00e4nkerta -kirjassa kuvaillaan.<\/p>\n<p class=\"article-body mb-nof-24 px-nof-16\">\u201dValitettavasti, sanoo Tuomas ja jatkaa: \u2019Vitsi, vitsi\u2019.\u201d<\/p>\n<p class=\"article-body mb-nof-24 px-nof-16\">El\u00e4m\u00e4kerran kirjoittanut <a class=\"article-personlink\" href=\"https:\/\/www.is.fi\/haku\/?query=Tuomas%20Marjam%C3%A4ki\" rel=\"nofollow noopener\" target=\"_blank\">Tuomas Marjam\u00e4ki<\/a> oli kysynyt ensimm\u00e4isiss\u00e4 haastatteluissa Enbuskelta, pystyyk\u00f6 h\u00e4n yh\u00e4 ajattelemaan vakiintunutta parisuhdetta.<\/p>\n<blockquote class=\"citation\">\n<p>\u201d<\/p>\n<p>Naisen pit\u00e4\u00e4 olla kaunis ja \u00e4lyk\u00e4s ja viel\u00e4 kaiken lis\u00e4ksi tyk\u00e4t\u00e4 musta.<\/p>\n<\/blockquote>\n<p class=\"article-body mb-nof-24 px-nof-16\">\u201dKyll\u00e4 m\u00e4 ainakin haluaisin, isosti haluaisin. Haluaisin sellaisen kumppanin, jonka kanssa olisimme me vastaan muu maailma. Naisen pit\u00e4\u00e4 olla kaunis ja \u00e4lyk\u00e4s ja viel\u00e4 kaiken lis\u00e4ksi tyk\u00e4t\u00e4 musta\u201d, Enbuske pohti.<\/p>\n<p class=\"article-body mb-nof-24 px-nof-16\">Tv-kasvon mukaan pariskunta ei ole muuttamassa saman katon alle, sill\u00e4 h\u00e4n kaipaa omaa tilaa.<\/p>\n<p class=\"article-body mb-nof-24 px-nof-16\">\u201dHaasteensa parisuhteeseen tuo se, ett\u00e4 Tuomas on luonteeltaan erakko ja haluaa asua loppuel\u00e4m\u00e4ns\u00e4 yksin. Suski viett\u00e4\u00e4 aikaa h\u00e4nen luonaan ja toisinp\u00e4in, mutta yhteist\u00e4 kotia he eiv\u00e4t ole hankkimassa\u201d, kirjassa raotetaan.<\/p>\n<p class=\"article-body mb-nof-24 px-nof-16\">Tuomas Enbuske on ollut otsikoissa yksityisel\u00e4m\u00e4ns\u00e4 k\u00e4\u00e4nteist\u00e4 sek\u00e4 suhde-el\u00e4m\u00e4st\u00e4\u00e4n. Enbuskella on ex-puolisonsa kanssa kaksi lasta.<\/p>\n<p><img decoding=\"async\" src=\"https:\/\/www.europesays.com\/fi\/wp-content\/uploads\/2025\/10\/1759729988_553_468.jpg\" alt=\"Enbuske oikeudessa helmikuussa 2025.\" class=\"_Img_1rerz_1\" style=\"aspect-ratio:1.5\" loading=\"eager\"\/><\/p>\n<p class=\"article-picture-caption\">Enbuske oikeudessa helmikuussa 2025. Kuva:\u00a0Antti H\u00e4m\u00e4l\u00e4inen<\/p>\n<p class=\"article-body mb-nof-24 px-nof-16\">Viime maaliskuussa Helsingin k\u00e4r\u00e4j\u00e4oikeus tuomitsi Enbusken 60 p\u00e4iv\u00e4ksi ehdolliseen vankeuteen entisen naisyst\u00e4v\u00e4ns\u00e4 pahoinpitelyst\u00e4.<\/p>\n<p class=\"article-body mb-nof-24 px-nof-16\">Oikeuden mukaan Enbuske oli muun muassa ly\u00f6nyt entist\u00e4 seurustelukumppaniaan useita kertoja, ly\u00f6nyt t\u00e4m\u00e4n p\u00e4\u00e4t\u00e4 sein\u00e4\u00e4n ja lattiaan, retuuttanut t\u00e4t\u00e4 hiuksista ja sylkenyt kasvoihin. Teko oli tapahtunut kes\u00e4kuussa 2019.<\/p>\n<p class=\"article-body mb-nof-24 px-nof-16\">Enbuske sanoi, ettei ole \u201dkoskaan ollut fyysisesti v\u00e4kivaltainen\u201d ja kiisti kaikki syytteet.<\/p>\n<p class=\"article-body mb-nof-24 px-nof-16\">Enbuske ei valittanut p\u00e4\u00e4t\u00f6ksest\u00e4, joten tuomio j\u00e4\u00e4 voimaan.<\/p>\n<p class=\"article-body nof-ui-body-medium mb-nof-24 px-nof-16\">Kursivoidut otteet kirjasta Enbuske \u2013 El\u00e4m\u00e4nkerta (Docendo).<\/p>\n","protected":false},"excerpt":{"rendered":"Tuomas Enbuske paljastaa tuoreessa el\u00e4m\u00e4kerrassaan l\u00f6yt\u00e4neens\u00e4 uuden rakkauden. Toimittaja Tuomas Enbuske kertoo tuoreessa el\u00e4m\u00e4kerrassaan uudesta parisuhteestaan. H\u00e4nen el\u00e4m\u00e4ss\u00e4\u00e4n&hellip;\n","protected":false},"author":2,"featured_media":54164,"comment_status":"","ping_status":"","sticky":false,"template":"","format":"standard","meta":{"footnotes":""},"categories":[134],"tags":[377,137,33,31,30,34,378,32,109],"class_list":{"0":"post-54163","1":"post","2":"type-post","3":"status-publish","4":"format-standard","5":"has-post-thumbnail","7":"category-kirjat","8":"tag-books","9":"tag-entertainment","10":"tag-fi","11":"tag-finland","12":"tag-finnish","13":"tag-ilta-sanomat","14":"tag-kirjat","15":"tag-suomi","16":"tag-viihde"},"share_on_mastodon":{"url":"","error":""},"_links":{"self":[{"href":"https:\/\/www.europesays.com\/fi\/wp-json\/wp\/v2\/posts\/54163","targetHints":{"allow":["GET"]}}],"collection":[{"href":"https:\/\/www.europesays.com\/fi\/wp-json\/wp\/v2\/posts"}],"about":[{"href":"https:\/\/www.europesays.com\/fi\/wp-json\/wp\/v2\/types\/post"}],"author":[{"embeddable":true,"href":"https:\/\/www.europesays.com\/fi\/wp-json\/wp\/v2\/users\/2"}],"replies":[{"embeddable":true,"href":"https:\/\/www.europesays.com\/fi\/wp-json\/wp\/v2\/comments?post=54163"}],"version-history":[{"count":0,"href":"https:\/\/www.europesays.com\/fi\/wp-json\/wp\/v2\/posts\/54163\/revisions"}],"wp:featuredmedia":[{"embeddable":true,"href":"https:\/\/www.europesays.com\/fi\/wp-json\/wp\/v2\/media\/54164"}],"wp:attachment":[{"href":"https:\/\/www.europesays.com\/fi\/wp-json\/wp\/v2\/media?parent=54163"}],"wp:term":[{"taxonomy":"category","embeddable":true,"href":"https:\/\/www.europesays.com\/fi\/wp-json\/wp\/v2\/categories?post=54163"},{"taxonomy":"post_tag","embeddable":true,"href":"https:\/\/www.europesays.com\/fi\/wp-json\/wp\/v2\/tags?post=54163"}],"curies":[{"name":"wp","href":"https:\/\/api.w.org\/{rel}","templated":true}]}}