{"id":54177,"date":"2025-10-06T06:09:18","date_gmt":"2025-10-06T06:09:18","guid":{"rendered":"https:\/\/www.europesays.com\/fi\/54177\/"},"modified":"2025-10-06T06:09:18","modified_gmt":"2025-10-06T06:09:18","slug":"tahdet-ja-avaruus-webb-teleskoopin-dataa-julki-kurkistus-galaksien-varhaiseen-lapsuuteen","status":"publish","type":"post","link":"https:\/\/www.europesays.com\/fi\/54177\/","title":{"rendered":"T\u00e4hdet ja avaruus: Webb-teleskoopin dataa julki: Kurkistus galaksien varhaiseen lapsuuteen"},"content":{"rendered":"<p>Tutkijat ovat julkaisseet ison er\u00e4n kuvia varhaisen maailmankaikkeuden galakseista. Datan vapauttaminen kaikkien saataville palvelee sek\u00e4 tutkijoita ett\u00e4 suurta yleis\u00f6\u00e4.&#13;<\/p>\n<p class=\"bodytext\">Aalto-yliopiston tutkijat olivat keskeisess\u00e4 roolissa maailman suurimman galaksiluettelon kokoamisessa varhaisesta maailmankaikkeudesta. Nyt n\u00e4m\u00e4 James Webb -avaruusteleskoopin ker\u00e4\u00e4m\u00e4t galaksikuvat sek\u00e4 <a href=\"https:\/\/cosmos2025.iap.fr\/fitsmap\" target=\"_blank\" rel=\"noreferrer nofollow noopener\">interaktiivinen kartta<\/a> on julkaistu vapaasti kaikkien saataville.\u00a0\n<\/p>\n<p>Helsingin yliopistossa ty\u00f6skentelev\u00e4 <strong>Ghassem Gozaliasl<\/strong> korostaa, ett\u00e4 julkaisu ei palvele ainoastaan tiedeyhteis\u00f6\u00e4 tarjoamalla dataa uusiin tutkimuksiin, vaan antaa my\u00f6s suurelle yleis\u00f6lle mahdollisuuden tarkastella maailmankaikkeuden varhaisia vaiheita omin silmin.\n<\/p>\n<p>\u00a0\u201cJulkaisu on merkitt\u00e4v\u00e4 askel tieteen ja yhteiskunnan kannalta. Se tuo kaikkien ulottuville p\u00e4\u00e4syn varhaiseen universumiin ja antaa mahdollisuuden tutkia kosmista alkuper\u00e4\u00e4mme interaktiivisesti\u201d, sanoo Gozaliasl.\u00a0\n<\/p>\n<p>Tutkijoille julkaistu aineisto avaa uusia mahdollisuuksia mallintaa ja testata teorioita universumin kehityksest\u00e4.\u00a0\n<\/p>\n<p>\u201cVoimme nyt j\u00e4ljitt\u00e4\u00e4, kuinka galaksit lopettavat t\u00e4htien synnyn, muuttuvat rakenteeltaan ja miten ymp\u00e4rist\u00f6 muovaa n\u00e4it\u00e4 prosesseja kosmisella aikaj\u00e4nteell\u00e4. Teko\u00e4lyll\u00e4 voimme jopa ennustaa galaksien ominaisuuksia\u201d, Gozaliasl iloitsee.\u00a0\n<\/p>\n<p><a href=\"https:\/\/www.aalto.fi\/fi\/uutiset\/james-webb-teleskoopin-huikeita-galaksikuvia-nyt-kaikkien-saatavilla\" target=\"_blank\" rel=\"noreferrer nofollow noopener\">Aiheesta lis\u00e4\u00e4 Aalto-yliopisto<\/a><\/p>\n","protected":false},"excerpt":{"rendered":"Tutkijat ovat julkaisseet ison er\u00e4n kuvia varhaisen maailmankaikkeuden galakseista. Datan vapauttaminen kaikkien saataville palvelee sek\u00e4 tutkijoita ett\u00e4 suurta&hellip;\n","protected":false},"author":2,"featured_media":54178,"comment_status":"","ping_status":"","sticky":false,"template":"","format":"standard","meta":{"footnotes":""},"categories":[114],"tags":[453,33,31,30,118,452,32,119],"class_list":{"0":"post-54177","1":"post","2":"type-post","3":"status-publish","4":"format-standard","5":"has-post-thumbnail","7":"category-avaruus","8":"tag-avaruus","9":"tag-fi","10":"tag-finland","11":"tag-finnish","12":"tag-science","13":"tag-space","14":"tag-suomi","15":"tag-tiede"},"share_on_mastodon":{"url":"","error":""},"_links":{"self":[{"href":"https:\/\/www.europesays.com\/fi\/wp-json\/wp\/v2\/posts\/54177","targetHints":{"allow":["GET"]}}],"collection":[{"href":"https:\/\/www.europesays.com\/fi\/wp-json\/wp\/v2\/posts"}],"about":[{"href":"https:\/\/www.europesays.com\/fi\/wp-json\/wp\/v2\/types\/post"}],"author":[{"embeddable":true,"href":"https:\/\/www.europesays.com\/fi\/wp-json\/wp\/v2\/users\/2"}],"replies":[{"embeddable":true,"href":"https:\/\/www.europesays.com\/fi\/wp-json\/wp\/v2\/comments?post=54177"}],"version-history":[{"count":0,"href":"https:\/\/www.europesays.com\/fi\/wp-json\/wp\/v2\/posts\/54177\/revisions"}],"wp:featuredmedia":[{"embeddable":true,"href":"https:\/\/www.europesays.com\/fi\/wp-json\/wp\/v2\/media\/54178"}],"wp:attachment":[{"href":"https:\/\/www.europesays.com\/fi\/wp-json\/wp\/v2\/media?parent=54177"}],"wp:term":[{"taxonomy":"category","embeddable":true,"href":"https:\/\/www.europesays.com\/fi\/wp-json\/wp\/v2\/categories?post=54177"},{"taxonomy":"post_tag","embeddable":true,"href":"https:\/\/www.europesays.com\/fi\/wp-json\/wp\/v2\/tags?post=54177"}],"curies":[{"name":"wp","href":"https:\/\/api.w.org\/{rel}","templated":true}]}}