{"id":54203,"date":"2025-10-06T06:55:07","date_gmt":"2025-10-06T06:55:07","guid":{"rendered":"https:\/\/www.europesays.com\/fi\/54203\/"},"modified":"2025-10-06T06:55:07","modified_gmt":"2025-10-06T06:55:07","slug":"venajan-vaite-tyrmataan-lansi-ei-luvannut-pysayttaa-naton-laajentumista","status":"publish","type":"post","link":"https:\/\/www.europesays.com\/fi\/54203\/","title":{"rendered":"Ven\u00e4j\u00e4n v\u00e4ite tyrm\u00e4t\u00e4\u00e4n: L\u00e4nsi ei luvannut pys\u00e4ytt\u00e4\u00e4 Naton laajentumista"},"content":{"rendered":"<p class=\"ai-optimize-6 ai-optimize-introduction\">Ven\u00e4j\u00e4 on propagandassaan esitt\u00e4nyt sitke\u00e4sti v\u00e4itett\u00e4 siit\u00e4, ett\u00e4 l\u00e4nsi on luvannut olla laajentamatta puolustusliitto Natoa.<\/p>\n<p class=\"ai-optimize-7\">Ulko- ja turvallisuuspolitiikan asiantuntija sek\u00e4 europarlamentaarikko <strong>Mika Aaltolan<\/strong> (kok.\/EPP) erityisavustaja <strong>Henri Vanhanen<\/strong> huomauttaa, ett\u00e4 <strong>Vladimir Putinin<\/strong> propagandassa esitetty v\u00e4ite lupauksesta on toistuva myytti.<\/p>\n<p class=\"ai-optimize-8\">H\u00e4n avaa n\u00e4kemyst\u00e4\u00e4n viestipalvelu X:ss\u00e4 julkaisemassaan viestiketjussa. 1990-luvun historiaan tutustuessa ilmenee, ett\u00e4 Ven\u00e4j\u00e4n nykyisill\u00e4 v\u00e4itteill\u00e4 ei ole totuuspohjaa.<\/p>\n<p class=\"ai-optimize-9\">\u2013 Vuonna 1990 Yhdysvaltain ulkoministeri<strong> James Baker<\/strong> sanoi [Neuvostoliiton johtajalle <strong>Mihail] Gorbat\u0161oville<\/strong>, ett\u00e4 Nato ei laajentuisi \u201cnot one inch eastward\u201d. Mutta konteksti oli Saksan yhdistyminen eli kyse oli entisest\u00e4 DDR:st\u00e4, ei It\u00e4-Euroopan maista.<\/p>\n<p class=\"ai-optimize-10\">Vanhanen huomauttaa, ett\u00e4 jopa Gorbat\u0161ov itse sanoi my\u00f6hemmin, ettei saanut lupausta Naton laajentumisesta.<\/p>\n<p class=\"ai-optimize-11\">Naton laajentuminen oli esill\u00e4 my\u00f6s Budapestiss\u00e4 vuonna 1994. Silloin Neuvostoliitto oli jo hajonnut.<\/p>\n<p class=\"ai-optimize-12\">\u2013 Budapestissa 1994 [Ven\u00e4j\u00e4n presidentti <strong>Boris] Jeltsin<\/strong> varoitti Naton laajentumisen merkitsev\u00e4n Ven\u00e4j\u00e4lle \u201ccold peace\u201d skenaariota. [USA:n presidentti <strong>Bill] Clinton<\/strong> kuunteli, mutta ei antanut Ven\u00e4j\u00e4lle veto-oikeutta. H\u00e4n jatkoi laajennusprosessin valmistelua, Vanhanen huomauttaa.<\/p>\n<p class=\"ai-optimize-13\">USA:n ja Ven\u00e4j\u00e4n presidenttien tapaamisessa Helsingiss\u00e4 1997 Clinton sanoi julkisesti, ett\u00e4 Nato-laajentuminen etenee Madridin huippukokouksessa.<\/p>\n<p class=\"ai-optimize-14\">\u2013 T\u00e4t\u00e4 ennen Clinton oli my\u00f6s torjunut Jeltsinin yrityksen saada aikaan \u201dherrasmiesten sopimuksen\u201d, jolla estett\u00e4isiin Naton laajentumista, Vanhanen muistuttaa.<\/p>\n<p class=\"ai-optimize-15\">Samana vuonna allekirjoitettiin Nato\u2013Ven\u00e4j\u00e4 Founding Act -sopimus.<\/p>\n<p class=\"ai-optimize-16\">\u2013 Siin\u00e4 Nato lupasi olla sijoittamatta pysyvi\u00e4 taistelujoukkoja uusiin j\u00e4senmaihin. Ven\u00e4j\u00e4 puolestaan tunnusti muun muassa valtioiden oikeuden valita liittoumansa.<\/p>\n<p class=\"ai-optimize-17\">\u2013 Jos Naton laajentuminen olisi ollut kielletty tai jotain muuta sovittu, miksi Ven\u00e4j\u00e4 allekirjoitti sopimuksen, joka nimenomaan vahvisti p\u00e4invastaisen? Rajoitus koski joukkojen sijoittamista, ei j\u00e4senyytt\u00e4 sellaisenaan, Vanhanen kysyy.<\/p>\n<p class=\"ai-optimize-18\">H\u00e4nen mukaansa Ven\u00e4j\u00e4n v\u00e4ite on j\u00e4lkik\u00e4teen rakennettu valheellinen narratiivi, jolla oikeutetaan imperialistista politiikkaa ja naapureiden sortamista.<\/p>\n<p class=\"ai-optimize-19\">\u2013 Arkistot ja johtajien omat sanat osoittavat: ei ollut sopimusta, ei lupausta, ei kieltoa.<\/p>\n<p>Poimintoja videosis\u00e4ll\u00f6ist\u00e4mme<\/p>\n<p class=\"ai-optimize-20\">Vanhasen mukaan johtop\u00e4\u00e4t\u00f6ksen\u00e4 voidaan todeta, ett\u00e4 Ven\u00e4j\u00e4n v\u00e4ite l\u00e4nnen petoksesta on puhdasta propagandaa.<\/p>\n<p class=\"ai-optimize-21\">\u2013 It\u00e4-Euroopan maat liittyiv\u00e4t Natoon omasta tahdostaan. Moskova tunnusti niiden oikeuden valita. T\u00e4m\u00e4 historiallinen totuus on syyt\u00e4 palauttaa mieleen aina, kun Kreml toistaa myyttej\u00e4\u00e4n.<\/p>\n<blockquote class=\"twitter-tweet\">\n<p dir=\"ltr\" lang=\"fi\">1. Hieman historiaa vaihteeksi.<\/p>\n<p>Ven\u00e4j\u00e4 v\u00e4itt\u00e4\u00e4 yh\u00e4 sitke\u00e4sti, ett\u00e4 l\u00e4nsi lupasi olla laajentamatta Natoa. Arkistot ja keskustelup\u00f6yt\u00e4kirjat kertovat toista. Lupaus on toistuva myytti, jota Putin k\u00e4ytt\u00e4\u00e4 propagandana.<\/p>\n<p>Katsotaan, mit\u00e4 todella sanottiin. \ud83d\udc47\ud83c\udffb <a href=\"https:\/\/t.co\/ycvpp9TwhI\" rel=\"nofollow\">pic.twitter.com\/ycvpp9TwhI<\/a><\/p>\n<p>\u2014 Henri Vanhanen (@HenriVanhanen) <a href=\"https:\/\/twitter.com\/HenriVanhanen\/status\/1974881887526224373?ref_src=twsrc%5Etfw\" rel=\"nofollow noopener\" target=\"_blank\">October 5, 2025<\/a><\/p>\n<\/blockquote>\n<p>\t\t\t\t<script async src=\"https:\/\/platform.twitter.com\/widgets.js\" charset=\"utf-8\"><\/script><\/p>\n","protected":false},"excerpt":{"rendered":"Ven\u00e4j\u00e4 on propagandassaan esitt\u00e4nyt sitke\u00e4sti v\u00e4itett\u00e4 siit\u00e4, ett\u00e4 l\u00e4nsi on luvannut olla laajentamatta puolustusliitto Natoa. Ulko- ja turvallisuuspolitiikan&hellip;\n","protected":false},"author":2,"featured_media":54204,"comment_status":"","ping_status":"","sticky":false,"template":"","format":"standard","meta":{"footnotes":""},"categories":[14],"tags":[22,23,26,27,33,31,30,17,1433,24,25,28,29,2579,15,18,21,32,19,20,56,16,547,59,60,61],"class_list":{"0":"post-54203","1":"post","2":"type-post","3":"status-publish","4":"format-standard","5":"has-post-thumbnail","7":"category-ulkomaat","8":"tag-breaking-news","9":"tag-breakingnews","10":"tag-featured-news","11":"tag-featurednews","12":"tag-fi","13":"tag-finland","14":"tag-finnish","15":"tag-headlines","16":"tag-historia","17":"tag-latest-news","18":"tag-latestnews","19":"tag-main-news","20":"tag-mainnews","21":"tag-nato","22":"tag-news","23":"tag-otsikot","24":"tag-paauutiset","25":"tag-suomi","26":"tag-top-stories","27":"tag-topstories","28":"tag-ulkomaat","29":"tag-uutiset","30":"tag-venaja","31":"tag-world","32":"tag-world-news","33":"tag-worldnews"},"share_on_mastodon":{"url":"","error":""},"_links":{"self":[{"href":"https:\/\/www.europesays.com\/fi\/wp-json\/wp\/v2\/posts\/54203","targetHints":{"allow":["GET"]}}],"collection":[{"href":"https:\/\/www.europesays.com\/fi\/wp-json\/wp\/v2\/posts"}],"about":[{"href":"https:\/\/www.europesays.com\/fi\/wp-json\/wp\/v2\/types\/post"}],"author":[{"embeddable":true,"href":"https:\/\/www.europesays.com\/fi\/wp-json\/wp\/v2\/users\/2"}],"replies":[{"embeddable":true,"href":"https:\/\/www.europesays.com\/fi\/wp-json\/wp\/v2\/comments?post=54203"}],"version-history":[{"count":0,"href":"https:\/\/www.europesays.com\/fi\/wp-json\/wp\/v2\/posts\/54203\/revisions"}],"wp:featuredmedia":[{"embeddable":true,"href":"https:\/\/www.europesays.com\/fi\/wp-json\/wp\/v2\/media\/54204"}],"wp:attachment":[{"href":"https:\/\/www.europesays.com\/fi\/wp-json\/wp\/v2\/media?parent=54203"}],"wp:term":[{"taxonomy":"category","embeddable":true,"href":"https:\/\/www.europesays.com\/fi\/wp-json\/wp\/v2\/categories?post=54203"},{"taxonomy":"post_tag","embeddable":true,"href":"https:\/\/www.europesays.com\/fi\/wp-json\/wp\/v2\/tags?post=54203"}],"curies":[{"name":"wp","href":"https:\/\/api.w.org\/{rel}","templated":true}]}}