{"id":54266,"date":"2025-10-06T08:40:08","date_gmt":"2025-10-06T08:40:08","guid":{"rendered":"https:\/\/www.europesays.com\/fi\/54266\/"},"modified":"2025-10-06T08:40:08","modified_gmt":"2025-10-06T08:40:08","slug":"laitonta-toimintaa-itarajalla","status":"publish","type":"post","link":"https:\/\/www.europesays.com\/fi\/54266\/","title":{"rendered":"Laitonta toimintaa it\u00e4rajalla"},"content":{"rendered":"<p><img decoding=\"async\" class=\"image image-show image-preview\" src=\"https:\/\/www.europesays.com\/fi\/wp-content\/uploads\/2025\/10\/cf12461cd460d198d2f818e741f78760996860a1b2380af76081266f61168f0f.jpg\" alt=\"\"\/><img decoding=\"async\" class=\"image image-show\" src=\"https:\/\/www.europesays.com\/fi\/wp-content\/uploads\/2025\/10\/1759740008_288_cf12461cd460d198d2f818e741f78760996860a1b2380af76081266f61168f0f.jpg\" alt=\"\"\/><\/p>\n<p>Rajavartiosto painottaa, etteiv\u00e4t it\u00e4raja tai sen esteaita ole n\u00e4ht\u00e4vyyksi\u00e4. Timur Yilmaz<\/p>\n<p class=\"paragraph\">It\u00e4rajalla on tapahtunut lyhyen ajan sis\u00e4ll\u00e4 kolme tapausta, joissa rajavy\u00f6hykkeell\u00e4 on liikuttu luvattomasti. Kaakkois-Suomen rajavartiosto kertoo, ett\u00e4 luvatonta toimintaa on ollut Lappeenrannassa Nuijamaan alueella sek\u00e4 Parikkalassa.<\/p>\n<p class=\"paragraph\">Laillisesti Suomessa oleskeleva noin 30-vuotias ulkomaalaismies syyllistyi liev\u00e4\u00e4n valtionrajarikokseen. Mies ajoi autolla Nuijamaan rajavy\u00f6hykkeelle ja kertoi tutkinnassa, ett\u00e4 oli aikeissa ylitt\u00e4\u00e4 rajan Ven\u00e4j\u00e4n puolelle. Mies sai sakot.<\/p>\n<p class=\"paragraph\">Toisessa Nuijamaan tapauksessa noin 30-vuotias suomalaismies py\u00f6r\u00e4ili luvatta rajavy\u00f6hykkeelle. Syyksi h\u00e4n kertoi kiinnostuksen ja uteliaisuuden uutta raja-aitaa kohtaan. Miehelle l\u00e4tk\u00e4istiin sakko liev\u00e4st\u00e4 valtionrajarikoksesta.<\/p>\n<p class=\"paragraph\">Parikkalan tapauksessa noin 50-vuotias suomalaismies ajoi rajavy\u00f6hykkeelle useista kieltomerkeist\u00e4 huolimatta. My\u00f6s h\u00e4nen motiivinsa oli uteliaisuus. H\u00e4nellekin rapsahti sakko liev\u00e4st\u00e4 valtionrajarikoksesta.<\/p>\n<p class=\"paragraph\">Kaakkois-Suomen rajavartiosto muistuttaa rajavy\u00f6hykkeell\u00e4 liikkumisen ja oleskelun rangaistavuudesta. Vy\u00f6hykkeell\u00e4 ei ole oikeutta liikkua ilman lupaa. Rajavartiosto painottaa, etteiv\u00e4t valtion raja ja esteaita ole n\u00e4ht\u00e4vyyksi\u00e4, ja luvaton liikkuminen alueella vaikeuttaa rajan valvontaa.<\/p>\n<p>Tohmaj\u00e4rven raja-aseman p\u00e4\u00e4llikk\u00f6 Mikko Sorasalmi kertoi Iltalehdelle elokuussa, miten raja-aita muuttaa rajavartiolaitoksen ty\u00f6t\u00e4 k\u00e4yt\u00e4nn\u00f6ss\u00e4. Timur Yilmaz<\/p>\n","protected":false},"excerpt":{"rendered":"Rajavartiosto painottaa, etteiv\u00e4t it\u00e4raja tai sen esteaita ole n\u00e4ht\u00e4vyyksi\u00e4. Timur Yilmaz It\u00e4rajalla on tapahtunut lyhyen ajan sis\u00e4ll\u00e4 kolme&hellip;\n","protected":false},"author":2,"featured_media":54267,"comment_status":"","ping_status":"","sticky":false,"template":"","format":"standard","meta":{"footnotes":""},"categories":[12],"tags":[35,22,23,26,27,33,31,30,17,24,25,28,29,15,18,21,4281,637,878,32,19,20,4280,16,3876],"class_list":{"0":"post-54266","1":"post","2":"type-post","3":"status-publish","4":"format-standard","5":"has-post-thumbnail","7":"category-suomi","8":"tag-24h","9":"tag-breaking-news","10":"tag-breakingnews","11":"tag-featured-news","12":"tag-featurednews","13":"tag-fi","14":"tag-finland","15":"tag-finnish","16":"tag-headlines","17":"tag-latest-news","18":"tag-latestnews","19":"tag-main-news","20":"tag-mainnews","21":"tag-news","22":"tag-otsikot","23":"tag-paauutiset","24":"tag-poliisitoimi-ja-rajojen-vartiointi","25":"tag-politiikka","26":"tag-puolustus-ja-rajavalvonta-maanpuolustus","27":"tag-suomi","28":"tag-top-stories","29":"tag-topstories","30":"tag-ulkoasiain-hallinto-maanpuolustus-ja-jarjestystoimi","31":"tag-uutiset","32":"tag-valtioiden-rajat"},"share_on_mastodon":{"url":"","error":""},"_links":{"self":[{"href":"https:\/\/www.europesays.com\/fi\/wp-json\/wp\/v2\/posts\/54266","targetHints":{"allow":["GET"]}}],"collection":[{"href":"https:\/\/www.europesays.com\/fi\/wp-json\/wp\/v2\/posts"}],"about":[{"href":"https:\/\/www.europesays.com\/fi\/wp-json\/wp\/v2\/types\/post"}],"author":[{"embeddable":true,"href":"https:\/\/www.europesays.com\/fi\/wp-json\/wp\/v2\/users\/2"}],"replies":[{"embeddable":true,"href":"https:\/\/www.europesays.com\/fi\/wp-json\/wp\/v2\/comments?post=54266"}],"version-history":[{"count":0,"href":"https:\/\/www.europesays.com\/fi\/wp-json\/wp\/v2\/posts\/54266\/revisions"}],"wp:featuredmedia":[{"embeddable":true,"href":"https:\/\/www.europesays.com\/fi\/wp-json\/wp\/v2\/media\/54267"}],"wp:attachment":[{"href":"https:\/\/www.europesays.com\/fi\/wp-json\/wp\/v2\/media?parent=54266"}],"wp:term":[{"taxonomy":"category","embeddable":true,"href":"https:\/\/www.europesays.com\/fi\/wp-json\/wp\/v2\/categories?post=54266"},{"taxonomy":"post_tag","embeddable":true,"href":"https:\/\/www.europesays.com\/fi\/wp-json\/wp\/v2\/tags?post=54266"}],"curies":[{"name":"wp","href":"https:\/\/api.w.org\/{rel}","templated":true}]}}