{"id":54270,"date":"2025-10-06T08:45:27","date_gmt":"2025-10-06T08:45:27","guid":{"rendered":"https:\/\/www.europesays.com\/fi\/54270\/"},"modified":"2025-10-06T08:45:27","modified_gmt":"2025-10-06T08:45:27","slug":"suomalaiset-jakalat-parjaisivat-myos-marsissa","status":"publish","type":"post","link":"https:\/\/www.europesays.com\/fi\/54270\/","title":{"rendered":"Suomalaiset j\u00e4k\u00e4l\u00e4t p\u00e4rj\u00e4isiv\u00e4t my\u00f6s Marsissa"},"content":{"rendered":"<p>Ensimm\u00e4ist\u00e4 kertaa tutkijat ovat osoittaneet, ett\u00e4 tietyt j\u00e4k\u00e4l\u00e4lajit voivat el\u00e4\u00e4 Marsin kaltaisissa olosuhteissa. Toisessa tutkimuksessa p\u00e4\u00e4teltiin, ett\u00e4 bakteerit selviytyisiv\u00e4t Kuussa jopa vuosikymmenien ajan.&#13;<\/p>\n<p class=\"bodytext\">&#8221;Tutkimuksemme on ensimm\u00e4inen, joka osoittaa, ett\u00e4 j\u00e4k\u00e4l\u00e4n sienikumppanin aineenvaihdunta pysyi aktiivisena Marsin pintaa muistuttavassa ymp\u00e4rist\u00f6ss\u00e4&#8221;, kertoo <strong>Kaja Skuba\u0142a<\/strong> Jagellon yliopistosta.\n<\/p>\n<p>Puolalainen tutkimusryhm\u00e4 keskittyi uudessa tutkimuksessaan kahteen Suomestakin l\u00f6ytyv\u00e4\u00e4n j\u00e4k\u00e4l\u00e4\u00e4n: hietaokaj\u00e4k\u00e4l\u00e4\u00e4n ja sammalmaljaj\u00e4k\u00e4l\u00e4\u00e4n. J\u00e4k\u00e4l\u00e4t on symbioottinen eli\u00f6ryhm\u00e4, joka koostuu sienest\u00e4 ja mikroskooppisista viherlevist\u00e4 tai syanobakteereista.\n<\/p>\n<p>Tutkijat asettivat valitsemansa j\u00e4k\u00e4l\u00e4t kammioon, jossa oli Marsin kaasukeh\u00e4\u00e4 vastaavat kaasut, ilmanpaine sek\u00e4 l\u00e4mp\u00f6tila. Lis\u00e4ksi kammion j\u00e4k\u00e4l\u00e4t altistettiin runsaalle s\u00e4teilylle.\u00a0\n<\/p>\n<p>Skubalan mukaan sammalmaljaj\u00e4k\u00e4l\u00e4 pystyi aineenvaihduntaprosessien lis\u00e4ksi aktivoimaan puolustusmekanismejaan tehokkaasti.\n<\/p>\n<p>Hiljattain julkaistiin my\u00f6s toinen tutkimus, jossa selvitettiin el\u00e4m\u00e4n p\u00e4rj\u00e4\u00e4mist\u00e4 maapallon ulkopuolella.\n<\/p>\n<p><a href=\"https:\/\/www.hou.usra.edu\/meetings\/lpsc2025\/pdf\/1497.pdf\" target=\"_blank\" rel=\"noreferrer nofollow noopener\">Kanadalaisessa tutkimuksessa<\/a> arvioitiin bakteerien selviytymist\u00e4 ikuisen varjon alueilla Kuussa. Tulosten mukaan maapallolta tulleet bakteerit voisivat el\u00e4\u00e4 n\u00e4ill\u00e4 Kuun alueilla jopa vuosikymmenien ajan.\n<\/p>\n<p><a href=\"https:\/\/imafungus.pensoft.net\/article\/145477\/element\/8\/249122\/\/\" target=\"_blank\" rel=\"noreferrer nofollow noopener\">J\u00e4k\u00e4lien selviytymisest\u00e4 tehty tutkimus<\/a> (englanniksi)<\/p>\n","protected":false},"excerpt":{"rendered":"Ensimm\u00e4ist\u00e4 kertaa tutkijat ovat osoittaneet, ett\u00e4 tietyt j\u00e4k\u00e4l\u00e4lajit voivat el\u00e4\u00e4 Marsin kaltaisissa olosuhteissa. Toisessa tutkimuksessa p\u00e4\u00e4teltiin, ett\u00e4 bakteerit&hellip;\n","protected":false},"author":2,"featured_media":54271,"comment_status":"","ping_status":"","sticky":false,"template":"","format":"standard","meta":{"footnotes":""},"categories":[114],"tags":[453,33,31,30,118,452,32,119],"class_list":{"0":"post-54270","1":"post","2":"type-post","3":"status-publish","4":"format-standard","5":"has-post-thumbnail","7":"category-avaruus","8":"tag-avaruus","9":"tag-fi","10":"tag-finland","11":"tag-finnish","12":"tag-science","13":"tag-space","14":"tag-suomi","15":"tag-tiede"},"share_on_mastodon":{"url":"","error":""},"_links":{"self":[{"href":"https:\/\/www.europesays.com\/fi\/wp-json\/wp\/v2\/posts\/54270","targetHints":{"allow":["GET"]}}],"collection":[{"href":"https:\/\/www.europesays.com\/fi\/wp-json\/wp\/v2\/posts"}],"about":[{"href":"https:\/\/www.europesays.com\/fi\/wp-json\/wp\/v2\/types\/post"}],"author":[{"embeddable":true,"href":"https:\/\/www.europesays.com\/fi\/wp-json\/wp\/v2\/users\/2"}],"replies":[{"embeddable":true,"href":"https:\/\/www.europesays.com\/fi\/wp-json\/wp\/v2\/comments?post=54270"}],"version-history":[{"count":0,"href":"https:\/\/www.europesays.com\/fi\/wp-json\/wp\/v2\/posts\/54270\/revisions"}],"wp:featuredmedia":[{"embeddable":true,"href":"https:\/\/www.europesays.com\/fi\/wp-json\/wp\/v2\/media\/54271"}],"wp:attachment":[{"href":"https:\/\/www.europesays.com\/fi\/wp-json\/wp\/v2\/media?parent=54270"}],"wp:term":[{"taxonomy":"category","embeddable":true,"href":"https:\/\/www.europesays.com\/fi\/wp-json\/wp\/v2\/categories?post=54270"},{"taxonomy":"post_tag","embeddable":true,"href":"https:\/\/www.europesays.com\/fi\/wp-json\/wp\/v2\/tags?post=54270"}],"curies":[{"name":"wp","href":"https:\/\/api.w.org\/{rel}","templated":true}]}}