{"id":54278,"date":"2025-10-06T09:05:09","date_gmt":"2025-10-06T09:05:09","guid":{"rendered":"https:\/\/www.europesays.com\/fi\/54278\/"},"modified":"2025-10-06T09:05:09","modified_gmt":"2025-10-06T09:05:09","slug":"suomalaissijoittajat-loysivat-yllattavan-uuden-osakesuosikin-salkunrakentaja","status":"publish","type":"post","link":"https:\/\/www.europesays.com\/fi\/54278\/","title":{"rendered":"Suomalaissijoittajat l\u00f6ysiv\u00e4t yll\u00e4tt\u00e4v\u00e4n uuden osakesuosikin &#8211; SalkunRakentaja"},"content":{"rendered":"<ol>\n<li><a href=\"https:\/\/news.google.com\/rss\/articles\/CBMiogFBVV95cUxNZW9yV0dqZFRuSWdiT3RVUFVzdEFQM3BJRUN5NmNKcklkUTR6T21VaGJlZEc3YlhJNUMxMkhvNlNvMnZpZnEyY0tpSmJhWnBYdF95dFdaZEJuRGdrU2Q4c1ktSDNOYV9yX3ptVXJCeE5YQjhYSGMySUM1czBKeDNncENIc1pBNVBScnZvMlh6UXBVdmx2OUZLd3h6Mml4SEFqOHc?oc=5\" target=\"_blank\" rel=\"nofollow noopener\">Suomalaissijoittajat l\u00f6ysiv\u00e4t yll\u00e4tt\u00e4v\u00e4n uuden osakesuosikin<\/a>&nbsp;&nbsp;SalkunRakentaja<\/li>\n<li><a href=\"https:\/\/news.google.com\/rss\/articles\/CBMiZEFVX3lxTE9fUmoyLTdzRDFRc1psM2xwYTV5aXVBUDY1R1BHLWRQMklhUi0yRkhnUE5BdXBkakVsVG4zQWFjYzRId1V5WGxFV0lzN3dfVm5nWDU3N2FFY0JJN3oxUC1pQXhoZEs?oc=5\" target=\"_blank\" rel=\"nofollow noopener\">Nordnet: T\u00e4ss\u00e4 on suosituin osake<\/a>&nbsp;&nbsp;Ilta-Sanomat<\/li>\n<li><a href=\"https:\/\/news.google.com\/rss\/articles\/CBMifkFVX3lxTE1ZcDVOcGhsV1FzekQwQlZEZnRTam40ZVhXbl81OEJXNEpNZ1ZZay03RGNKdjY0ckFMWVhBWnp2WnBoanB6QVZnV3dmb2ZGT2VWVnNmSHIzckhFNm1PeU5ITU5wdDhCLUZzSXp3X3lxUmNEWGtVb2h0Rm1ZQjRoZw?oc=5\" target=\"_blank\" rel=\"nofollow noopener\">Nordnetin ostetuimpien osakkeiden joukkoon nousi yll\u00e4tysnimi \u2013 Sijoittaja Jarmo Friman: \u201dEi perinteisen arvosijoittajan valinta\u201d<\/a>&nbsp;&nbsp;Kauppalehti<\/li>\n<li><a href=\"https:\/\/news.google.com\/rss\/articles\/CBMi3wFBVV95cUxQeWRmUng2SXNtUDBsTUVMOVhNMmJRZDVJcDNvVTk4ZDJRSlhBREc1c3RRR1NCVjVPdmxVTzFRT2hvM013RmdTcUVwTThTcWxpdkNiSUo4c19MYXplcFVHNmxCSmNMcVBpMWNTdlFESlY1dkVwQkZQb2FyaHBPWWszRy0zTXNUSzJVM1N5WnRURUFsRTJWN2JhbG41NGZ1SUdIbGZJNzN2UExna3dtVlNMV0dDNjB6MkRJOThPbFFuX0pCMjc3RFVOc2pVVnF3TEpqSWRjZUppTzVyU2tnU3o0?oc=5\" target=\"_blank\" rel=\"nofollow noopener\">Yksityissijoittajien syyskuu \u2013 Osinkovetoinen paluu Helsingin p\u00f6rssin ostolaidalle, Iris Energy loikkasi yll\u00e4tyssuosikiksi<\/a>&nbsp;&nbsp;Cision News<\/li>\n<li><a href=\"https:\/\/news.google.com\/rss\/articles\/CBMifEFVX3lxTE9XeDhTTkl5NFU3Z1JveUh5SGh4WFIxX1hEd0VkZTRNVGIzc2s0bE9zcHV3WENBdWhsNWpKZFlMUUJlQ2pHd0c2a3VFU2s5UHBjRWVUNzlocXRXcWZYc2hSRWFlSHpBTXEyLUhCUXJlOTZvUEhhbVRtZzFnM2w?oc=5\" target=\"_blank\" rel=\"nofollow noopener\">Nordnet: N\u00e4m\u00e4 viisi osaketta kiinnostivat suomalaisia eniten syyskuussa<\/a>&nbsp;&nbsp;Arvopaperi<\/li>\n<\/ol>\n","protected":false},"excerpt":{"rendered":"Suomalaissijoittajat l\u00f6ysiv\u00e4t yll\u00e4tt\u00e4v\u00e4n uuden osakesuosikin&nbsp;&nbsp;SalkunRakentaja Nordnet: T\u00e4ss\u00e4 on suosituin osake&nbsp;&nbsp;Ilta-Sanomat Nordnetin ostetuimpien osakkeiden joukkoon nousi yll\u00e4tysnimi \u2013 Sijoittaja&hellip;\n","protected":false},"author":2,"featured_media":54279,"comment_status":"","ping_status":"","sticky":false,"template":"","format":"standard","meta":{"footnotes":""},"categories":[76],"tags":[79,77,33,31,30,13072,13073,32,13074,78],"class_list":{"0":"post-54278","1":"post","2":"type-post","3":"status-publish","4":"format-standard","5":"has-post-thumbnail","7":"category-talous","8":"tag-business","9":"tag-economy","10":"tag-fi","11":"tag-finland","12":"tag-finnish","13":"tag-iren","14":"tag-iris-energy","15":"tag-suomi","16":"tag-suosikkiosake","17":"tag-talous"},"share_on_mastodon":{"url":"","error":""},"_links":{"self":[{"href":"https:\/\/www.europesays.com\/fi\/wp-json\/wp\/v2\/posts\/54278","targetHints":{"allow":["GET"]}}],"collection":[{"href":"https:\/\/www.europesays.com\/fi\/wp-json\/wp\/v2\/posts"}],"about":[{"href":"https:\/\/www.europesays.com\/fi\/wp-json\/wp\/v2\/types\/post"}],"author":[{"embeddable":true,"href":"https:\/\/www.europesays.com\/fi\/wp-json\/wp\/v2\/users\/2"}],"replies":[{"embeddable":true,"href":"https:\/\/www.europesays.com\/fi\/wp-json\/wp\/v2\/comments?post=54278"}],"version-history":[{"count":0,"href":"https:\/\/www.europesays.com\/fi\/wp-json\/wp\/v2\/posts\/54278\/revisions"}],"wp:featuredmedia":[{"embeddable":true,"href":"https:\/\/www.europesays.com\/fi\/wp-json\/wp\/v2\/media\/54279"}],"wp:attachment":[{"href":"https:\/\/www.europesays.com\/fi\/wp-json\/wp\/v2\/media?parent=54278"}],"wp:term":[{"taxonomy":"category","embeddable":true,"href":"https:\/\/www.europesays.com\/fi\/wp-json\/wp\/v2\/categories?post=54278"},{"taxonomy":"post_tag","embeddable":true,"href":"https:\/\/www.europesays.com\/fi\/wp-json\/wp\/v2\/tags?post=54278"}],"curies":[{"name":"wp","href":"https:\/\/api.w.org\/{rel}","templated":true}]}}