{"id":54318,"date":"2025-10-06T10:20:12","date_gmt":"2025-10-06T10:20:12","guid":{"rendered":"https:\/\/www.europesays.com\/fi\/54318\/"},"modified":"2025-10-06T10:20:12","modified_gmt":"2025-10-06T10:20:12","slug":"keikka-arvio-ja-kuvat-ridge-forresterina-tunnettu-ronn-moss-osaa-laulaa-ja-yleiso-nautti-taysilla-paikalliset","status":"publish","type":"post","link":"https:\/\/www.europesays.com\/fi\/54318\/","title":{"rendered":"Keikka-arvio ja kuvat | Ridge Forresterina tunnettu Ronn Moss osaa laulaa \u2013 ja yleis\u00f6 nautti t\u00e4ysill\u00e4 | Paikalliset"},"content":{"rendered":"<p>20.1.1992 alkoi Suomen televisiosta Kauniit ja rohkeat Kolmoskanavalla. Se oli aikansa televisiotarjonnalla melko suuri tapaus ja sai kansakunnan ker\u00e4\u00e4ntym\u00e4\u00e4n vastaanottimiensa \u00e4\u00e4reen alkuillasta ihmettelem\u00e4\u00e4n Ridgen, Brooken ja muiden edesottamuksia ja suhdekiemuroita huippumuodin maailmassa.<\/p>\n<p>Pian Kaunarit oli television katsotuin ohjelma, ja pakko my\u00f6nt\u00e4\u00e4, ett\u00e4 itsekin vahtasin sarjaa useamman vuoden nauhoittaen jaksot VHS-nauhurilla, jos ei sattunut olemaan aikaa katsoa suorana.<\/p>\n<p>\t\t<a class=\"diks-gallery__link\" href=\"https:\/\/i.media.fi\/incoming\/ewf2qq\/11080569.jpg\/alternates\/FREE_1440\/11080569.jpg\" data-thumbnail=\"\" data-sub-html=\"Tavara-asemalla oli mahdollisuus kuvata itsens\u00e4 kuvaussein\u00e4n edess\u00e4, joten tunnelmahan oli kuin olisi saapunut Forrester Creationsin muotin\u00e4yt\u00f6kseen. Meet &amp; Greet -liput ostaneet saivat mukaan tietysti my\u00f6s Ronn Mossin. Ville Laine\" aria-label=\"Katso isompi kuva\" rel=\"nofollow noopener\" target=\"_blank\"><br \/>\n\t\t\t\t<img class=\"diks-figure__image\" src=\"https:\/\/www.europesays.com\/fi\/wp-content\/uploads\/2025\/10\/11080569.jpg\" loading=\"lazy\" decoding=\"sync\" alt=\"\"\/><\/p>\n<p>\t\t\t<\/a><br \/>\n\t\t\t\t\tTavara-asemalla oli mahdollisuus kuvata itsens\u00e4 kuvaussein\u00e4n edess\u00e4, joten tunnelmahan oli kuin olisi saapunut Forrester Creationsin muotin\u00e4yt\u00f6kseen. Meet &amp; Greet -liput ostaneet saivat mukaan tietysti my\u00f6s Ronn Mossin. Ville Laine<\/p>\n<p><strong class=\"diks-storyline__impact\">Kauniiden ja rohkeiden n\u00e4yttelij\u00e4t<\/strong> nousivat maassamme suureen suosioon, erityisesti Ridge Forresteria esitt\u00e4nyt <strong>Ronn Moss<\/strong> sek\u00e4 Brooke Logania esitt\u00e4nyt <strong>Katherine Kelly Lang<\/strong>.<\/p>\n<p><strong>Heikki \u201dHessu\u201d Reijonen<\/strong> toi Kaunareiden n\u00e4yttelij\u00f6it\u00e4 Suomeen sarjan huippusuosion vuosina, mik\u00e4 aiheutti suorastaan megahysteriaa. Sittemmin sarja ei ole aiheuttanut en\u00e4\u00e4 vastaavaa kansanliikett\u00e4 ja useampikin n\u00e4yttelij\u00e4 on sarjassa vaihtunut: muun muassa Ronn Moss j\u00e4tti sarjan reilut kymmenen vuotta sitten.<\/p>\n<p>\t\t<a class=\"diks-gallery__link\" href=\"https:\/\/i.media.fi\/incoming\/88v6oj\/11080563.jpg\/alternates\/FREE_1440\/11080563.jpg\" data-thumbnail=\"\" data-sub-html=\"Ronn Montague Mossin (73 vuotta) karisma vain kasvaa i\u00e4n my\u00f6t\u00e4. Ville Laine\" aria-label=\"Katso isompi kuva\" rel=\"nofollow noopener\" target=\"_blank\"><br \/>\n\t\t\t\t<img class=\"diks-figure__image\" src=\"https:\/\/www.europesays.com\/fi\/wp-content\/uploads\/2025\/10\/11080563.jpg\" loading=\"lazy\" decoding=\"sync\" alt=\"\"\/><\/p>\n<p>\t\t\t<\/a><br \/>\n\t\t\t\t\tRonn Montague Mossin (73 vuotta) karisma vain kasvaa i\u00e4n my\u00f6t\u00e4. Ville Laine<\/p>\n<p><strong class=\"diks-storyline__impact\">Ronn Moss on<\/strong> s\u00e4ilytt\u00e4nyt Suomeen l\u00e4mpim\u00e4t v\u00e4lit, ja h\u00e4net on n\u00e4hty aika-ajoin muun muassa televisio-ohjelmissa, kuten Vain el\u00e4m\u00e4\u00e4ss\u00e4 vierailevana t\u00e4hten\u00e4 vuosi sitten Waldon eli <strong>Marko \u201dHessun poika\u201d Reijosen<\/strong> kanssa. Osan aikaa Italiassa asuvan Ronn Mossin sik\u00e4l\u00e4inen koti sijaitsee samoilla kulmilla kuin <strong>Ellen Jokikunnaksen<\/strong> Italian koti, ja Moss onkin vaimoineen osallistunut my\u00f6s Jokikunnaksen ja miehens\u00e4 <strong>Jari Raskin<\/strong> Unelmia Italiassa -ohjelmaan.<\/p>\n<p><strong class=\"diks-storyline__impact\">Moni ei v\u00e4ltt\u00e4m\u00e4tt\u00e4 tied\u00e4<\/strong>, ett\u00e4 jo kauan ennen kuin Moss tuli tunnetuksi Kauniiden ja rohkeiden kautta, h\u00e4n oli ollut menestyv\u00e4 muusikko. H\u00e4n soitti Player-yhtyeess\u00e4 jo 1970-luvun puolelta asti, ja yhtye on saavuttanut muun muassa USA:ssa Billboard Hot 100 -listan k\u00e4rkisijan vuonna 1978 hitill\u00e4\u00e4n Baby Come Back. Niinp\u00e4 mitenk\u00e4\u00e4n ensimm\u00e4ist\u00e4 kertaa Moss ei lavalla ollut Suomen kiertueensa aloituskonsertissa, Tampereen Tavara-asemalla.<\/p>\n<p>\t\t<a class=\"diks-gallery__link\" href=\"https:\/\/i.media.fi\/incoming\/epn07t\/11080568.jpg\/alternates\/FREE_1440\/11080568.jpg\" data-thumbnail=\"\" data-sub-html=\"Ronn Mossia naurattaa, miten hyvin muistissa oli klassisen kitaran oppitunti, joka toimi h\u00e4nen ensikosketuksenaan kitaransoittoon. Muutenkin illan tunnelmana oli hyv\u00e4ntuulisuus. Ville Laine\" aria-label=\"Katso isompi kuva\" rel=\"nofollow noopener\" target=\"_blank\"><br \/>\n\t\t\t\t<img class=\"diks-figure__image\" src=\"https:\/\/www.europesays.com\/fi\/wp-content\/uploads\/2025\/10\/11080568.jpg\" loading=\"lazy\" decoding=\"sync\" alt=\"\"\/><\/p>\n<p>\t\t\t<\/a><br \/>\n\t\t\t\t\tRonn Mossia naurattaa, miten hyvin muistissa oli klassisen kitaran oppitunti, joka toimi h\u00e4nen ensikosketuksenaan kitaransoittoon. Muutenkin illan tunnelmana oli hyv\u00e4ntuulisuus. Ville Laine<\/p>\n<p><strong class=\"diks-storyline__impact\">Noina viime vuosituhannen<\/strong> huippusuosion aikoina musiikkia ja tarinnankerrontaa yhdistellyt \u201dRidge Forresterin\u201d konserttisalikiertue olisi myynyt isommatkin salit loppuun hujauksessa, mutta nykyp\u00e4iv\u00e4n\u00e4 asia ei ole mennyt ihan n\u00e4in. Esityksen alkaessa arvioisin paikalla olleen noin kolmisensataa katsojaa. Sin\u00e4ns\u00e4 s\u00e4\u00e4li, mutta ainakin kaikki paikalle tulleet vaikuttivat olevan innoissaan ollessaan juuri siell\u00e4.<\/p>\n<p>\t\t<a class=\"diks-gallery__link\" href=\"https:\/\/i.media.fi\/incoming\/5est7f\/11080566.jpg\/alternates\/FREE_1440\/11080566.jpg\" data-thumbnail=\"\" data-sub-html=\"Eturiviss\u00e4 oli innostunut tunnelma, kuten koko muussakin salissa. Paikalle saapuneet nauttivat joka hetkest\u00e4. Ville Laine\" aria-label=\"Katso isompi kuva\" rel=\"nofollow noopener\" target=\"_blank\"><br \/>\n\t\t\t\t<img class=\"diks-figure__image\" src=\"https:\/\/www.europesays.com\/fi\/wp-content\/uploads\/2025\/10\/11080566.jpg\" loading=\"lazy\" decoding=\"sync\" alt=\"\"\/><\/p>\n<p>\t\t\t<\/a><br \/>\n\t\t\t\t\tEturiviss\u00e4 oli innostunut tunnelma, kuten koko muussakin salissa. Paikalle saapuneet nauttivat joka hetkest\u00e4. Ville Laine<\/p>\n<p>\t\t<a class=\"diks-gallery__link\" href=\"https:\/\/i.media.fi\/incoming\/x0stwa\/11080572.jpg\/alternates\/FREE_1440\/11080572.jpg\" data-thumbnail=\"\" data-sub-html=\"Ronn Moss on harmaantunut tyylikk\u00e4\u00e4sti. Ville Laine\" aria-label=\"Katso isompi kuva\" rel=\"nofollow noopener\" target=\"_blank\"><br \/>\n\t\t\t\t<img class=\"diks-figure__image\" src=\"https:\/\/www.europesays.com\/fi\/wp-content\/uploads\/2025\/10\/11080572.jpg\" loading=\"lazy\" decoding=\"sync\" alt=\"\"\/><\/p>\n<p>\t\t\t<\/a><br \/>\n\t\t\t\t\tRonn Moss on harmaantunut tyylikk\u00e4\u00e4sti. Ville Laine<\/p>\n<p><strong class=\"diks-storyline__impact\">Kun Ronn Moss seisoi lavalla<\/strong>, oli tunnelma jokseenkin ep\u00e4todellinen, koska heti h\u00e4nen aloittaessaan puhumisen alkoi aikamatka vuoteen 1992, sill\u00e4 tumman t\u00e4ytel\u00e4isest\u00e4 \u00e4\u00e4nest\u00e4 ei voinut erehty\u00e4, Ridgeh\u00e4n se siin\u00e4. Alkuun Moss kertoi illan sis\u00e4lt\u00e4v\u00e4n tarinoita ja musiikkia h\u00f6ystettyn\u00e4 kuvilla ja videoilla. Lis\u00e4ksi h\u00e4n esitteli illan taustamuusikot eli<strong> Lassi Piiraisen<\/strong> koskettimissa ja <strong>Janne Halosen<\/strong> kitarassa.<\/p>\n<p><strong class=\"diks-storyline__impact\">Illan musiikillinen anti <\/strong>koostui sek\u00e4 Mossin originaalikappaleista ett\u00e4 coverkappaleista, jotka ovat olleet merkitt\u00e4v\u00e4ss\u00e4 roolissa h\u00e4nen el\u00e4m\u00e4ss\u00e4\u00e4n. Alkuun mentiinkin syv\u00e4\u00e4n p\u00e4\u00e4tyyn eli musiikillisiin vaikuttajiin, jotka sys\u00e4siv\u00e4t Mossin musiikin pariin. <strong>Elvis Presley<\/strong> -sikerm\u00e4 h\u00f6ystettyn\u00e4 p\u00e4tk\u00e4ll\u00e4 <strong>Chuck Berryn <\/strong>Johnny B. Goodea johti lopulta The Beatlesiin Can\u2019t Buy Me Loveen. T\u00e4ytyy sanoa, ett\u00e4 laulun alkaessa oli v\u00e4litt\u00f6m\u00e4sti selv\u00e4\u00e4, ett\u00e4 kyll\u00e4h\u00e4n Moss laulaa osaa, eik\u00e4 kitarakaan ollut ensimm\u00e4ist\u00e4 kertaa k\u00e4dess\u00e4. T\u00e4m\u00e4n h\u00e4n todisti n\u00e4pp\u00e4illess\u00e4\u00e4n p\u00e4tk\u00e4n klassista kitarastandardia, muistikuvana ensimm\u00e4isest\u00e4 tutustumisestaan kyseiseen soittimeen isoveljens\u00e4 jalanj\u00e4ljiss\u00e4.<\/p>\n<p>\t\t<a class=\"diks-gallery__link\" href=\"https:\/\/i.media.fi\/incoming\/lxbfl7\/11080562.jpg\/alternates\/FREE_1440\/11080562.jpg\" data-thumbnail=\"\" data-sub-html=\"Roon Moss tunnelmoi Lake, Emerson &amp; Palmerin In the Beginningi\u00e4 varsin p\u00e4tev\u00e4sti. Ville Laine\" aria-label=\"Katso isompi kuva\" rel=\"nofollow noopener\" target=\"_blank\"><br \/>\n\t\t\t\t<img class=\"diks-figure__image\" src=\"https:\/\/www.europesays.com\/fi\/wp-content\/uploads\/2025\/10\/11080562.jpg\" loading=\"lazy\" decoding=\"sync\" alt=\"\"\/><\/p>\n<p>\t\t\t<\/a><br \/>\n\t\t\t\t\tRoon Moss tunnelmoi Lake, Emerson &amp; Palmerin In the Beginningi\u00e4 varsin p\u00e4tev\u00e4sti. Ville Laine<\/p>\n<p>Per\u00e4\u00e4n tuli ehk\u00e4 yll\u00e4tt\u00e4v\u00e4kin coverointi eli Emerson, Lake &amp; Palmerin In The Beginning, joka omissa kirjoissani osui illan musiikista parhaiten maaliinsa yhdess\u00e4 h\u00e4nen lattaris\u00e4vytteisen originaalikappaleensa I\u2019m Your Man kanssa. Vaikka j\u00e4lkimm\u00e4inen on toki varustettu hieman korneilla lyriikoilla, niin kappaleen flamengofiilis sopi hyvin illan kuvioihin.<\/p>\n<p>\t\t<a class=\"diks-gallery__link\" href=\"https:\/\/i.media.fi\/incoming\/n3q7z1\/11080570.jpg\/alternates\/FREE_1440\/11080570.jpg\" data-thumbnail=\"\" data-sub-html=\"Konsertin parasta antia olivat Ronn Mossin tarinat Kauniista ja Rohkeista kulissien takaa sek\u00e4 niihin liittyv\u00e4t kuvat ja videot. Ville Laine\" aria-label=\"Katso isompi kuva\" rel=\"nofollow noopener\" target=\"_blank\"><br \/>\n\t\t\t\t<img class=\"diks-figure__image\" src=\"https:\/\/www.europesays.com\/fi\/wp-content\/uploads\/2025\/10\/11080570.jpg\" loading=\"lazy\" decoding=\"sync\" alt=\"\"\/><\/p>\n<p>\t\t\t<\/a><br \/>\n\t\t\t\t\tKonsertin parasta antia olivat Ronn Mossin tarinat Kauniista ja Rohkeista kulissien takaa sek\u00e4 niihin liittyv\u00e4t kuvat ja videot. Ville Laine<\/p>\n<p><strong class=\"diks-storyline__impact\">Ehk\u00e4 kuitenkin illan<\/strong> kokonaisuudessa parasta antia olivat Mossin tarinat kappaleiden v\u00e4liss\u00e4. Vuorovaikutus yleis\u00f6n kanssa tuntui v\u00e4litt\u00f6m\u00e4lt\u00e4, ja Moss vastailikin aika ajoin yleis\u00f6st\u00e4 kuuluneisiin kysymyksiin ja kommentteihin hyv\u00e4ntuulisena. Tunnelmaa voisi verrata nuotion \u00e4\u00e4ress\u00e4 kalifornialaisella hiekkarannalla tapahtuvaan kokoontumiseen.<\/p>\n<p>My\u00f6s mainittu Playerin hittikappale Baby Come Back kuultiin aivan alkumetreill\u00e4. Kovimmat suosionosoitukset Moss sai t\u00e4m\u00e4n per\u00e4\u00e4n kysyess\u00e4\u00e4n, kuinka moni paikallaolijoista tuntee Kauniit ja rohkeat, ja v\u00e4itt\u00e4isin, ett\u00e4 kaikilla nousi yleis\u00f6st\u00e4 k\u00e4si yl\u00f6s. Yleis\u00f6st\u00e4 kuuluneeseen huutoon: \u201dIs it Brooke or Taylor?\u201d Mossin v\u00e4lit\u00f6n vastaus oli \u201dboth\u201d.<\/p>\n<p>\t\t<a class=\"diks-gallery__link\" href=\"https:\/\/i.media.fi\/incoming\/y24jpm\/11080564.jpg\/alternates\/FREE_1440\/11080564.jpg\" data-thumbnail=\"\" data-sub-html=\"Ville Laine\" aria-label=\"Katso isompi kuva\" rel=\"nofollow noopener\" target=\"_blank\"><br \/>\n\t\t\t\t<img class=\"diks-figure__image\" src=\"https:\/\/www.europesays.com\/fi\/wp-content\/uploads\/2025\/10\/11080564.jpg\" loading=\"lazy\" decoding=\"sync\" alt=\"\"\/><\/p>\n<p>\t\t\t<\/a><br \/>\n\t\t\t\t\tVille Laine<\/p>\n<p>My\u00f6hemmin h\u00e4n j\u00e4rjesti yleis\u00f6\u00f6n samasta kysymyksest\u00e4 gallupin, jossa yleis\u00f6 taisi p\u00e4\u00e4osin pit\u00e4\u00e4 Brooken puolta, kuuluipa per\u00e4\u00e4n yksitt\u00e4inen Carolinekin. T\u00e4ss\u00e4 yhteydess\u00e4 h\u00e4n esitti oman kappaleensa Just Once More, josta h\u00e4n ajatteli, ett\u00e4 se voisi olla Ridgen tekem\u00e4 laulu Brookelle tai Taylorille. Itse ehk\u00e4 ajattelisin, ett\u00e4 h\u00e4nen versioimansa <strong>Chris Isaakin <\/strong>Wicked Game kuvaisi t\u00e4t\u00e4 suhdetta tarkemmin, varsinkin Mossin laulaessa sen tummalla \u201dRidge-\u00e4\u00e4nell\u00e4\u00e4n\u201d, sill\u00e4 muuten h\u00e4nen laulu\u00e4\u00e4neens\u00e4 oli puhe\u00e4\u00e4nt\u00e4 huomattavasti kuulaampi.<\/p>\n<p>\t\t<a class=\"diks-gallery__link\" href=\"https:\/\/i.media.fi\/incoming\/fwyqo7\/11080571.jpg\/alternates\/FREE_1440\/11080571.jpg\" data-thumbnail=\"\" data-sub-html=\"Janne Haapala esittelee Mossille tilattua &quot;flamencotyyppist\u00e4&quot; kitarointia ennen Im Yous Mania. Lattarihenkinen kappale sopisi hyvin my\u00f6s taustamusiikiksi ensi vuonna ilmestyv\u00e4lle l\u00e4nnenelokuvalle, jossa p\u00e4\u00e4osan lis\u00e4ksi Moss debytoi my\u00f6s ohjaajana. Ville Laine\" aria-label=\"Katso isompi kuva\" rel=\"nofollow noopener\" target=\"_blank\"><br \/>\n\t\t\t\t<img class=\"diks-figure__image\" src=\"https:\/\/www.europesays.com\/fi\/wp-content\/uploads\/2025\/10\/11080571.jpg\" loading=\"lazy\" decoding=\"sync\" alt=\"\"\/><\/p>\n<p>\t\t\t<\/a><br \/>\n\t\t\t\t\tJanne Haapala esittelee Mossille tilattua &#8221;flamencotyyppist\u00e4&#8221; kitarointia ennen Im Yous Mania. Lattarihenkinen kappale sopisi hyvin my\u00f6s taustamusiikiksi ensi vuonna ilmestyv\u00e4lle l\u00e4nnenelokuvalle, jossa p\u00e4\u00e4osan lis\u00e4ksi Moss debytoi my\u00f6s ohjaajana. Ville Laine<\/p>\n<p><strong class=\"diks-storyline__impact\">Muuten kappaleita kuultiin<\/strong> ainakin Vain el\u00e4m\u00e4\u00e4 -ohjelmassa kuultu Crazy For You sek\u00e4 cover-kappaleina Ordinary World, Hallelujah ja Angels. Ordinary Worldista mainittakoon, ett\u00e4 mielipiteeni kappaleesta yhten\u00e4 maailman parhaista pop-balladeista tuli esiin jo kes\u00e4kuisesta Duran Duran -keikka-arviosta. Niinp\u00e4 \u201dRidge Forrester\u201d esitt\u00e4m\u00e4ss\u00e4 t\u00e4t\u00e4 kappaletta muutaman metrin p\u00e4\u00e4ss\u00e4 korosti koko illan ep\u00e4todellisuutta. Vaikkei nyt ihan samoihin sf\u00e4\u00e4reihin p\u00e4\u00e4sty kuin alkuper\u00e4isesitt\u00e4j\u00e4n voimin kes\u00e4ll\u00e4, niin ihan hyvin Moss t\u00e4st\u00e4kin suoriutui.<\/p>\n<p>Viimeisen\u00e4 kuultu <strong>Robbie Williamsin<\/strong> Angels puolestaan toi esiin hienosti Piiraisen ja Halosen tuottamat mahtavat lauluharmoniat, joita toki pitkin iltaa oli jo kuultu. Yhdess\u00e4 kohtaa Moss unohti hetkeksi kappaleen sanat, mutta ei h\u00e4keltynyt t\u00e4st\u00e4. Onhan h\u00e4n monissa liemiss\u00e4 keitetty muun muassa 7 000 Kauniit ja rohkeat -jakson my\u00f6t\u00e4.<\/p>\n<p>\t\t<a class=\"diks-gallery__link\" href=\"https:\/\/i.media.fi\/incoming\/gmmr2p\/11080561.jpg\/alternates\/FREE_1440\/11080561.jpg\" data-thumbnail=\"\" data-sub-html=\"Ronn Mossin taustamuusikkoina toimivat kiertueella Janne Halonen kitarassa ja Lasse Piirainen koskettimissa. Ville Laine\" aria-label=\"Katso isompi kuva\" rel=\"nofollow noopener\" target=\"_blank\"><br \/>\n\t\t\t\t<img class=\"diks-figure__image\" src=\"https:\/\/www.europesays.com\/fi\/wp-content\/uploads\/2025\/10\/11080561.jpg\" loading=\"lazy\" decoding=\"sync\" alt=\"\"\/><\/p>\n<p>\t\t\t<\/a><br \/>\n\t\t\t\t\tRonn Mossin taustamuusikkoina toimivat kiertueella Janne Halonen kitarassa ja Lasse Piirainen koskettimissa. Ville Laine<\/p>\n<p><strong class=\"diks-storyline__impact\">Moss h\u00f6ysti tarinoitaan hauskoilla<\/strong> kuvilla ja videoklipeill\u00e4. Sen tarkemmin en l\u00e4hde t\u00e4ss\u00e4 niit\u00e4 avaamaan, antaa Mossin kertoa ne itse j\u00e4ljell\u00e4 olevissa konserteissaan.<\/p>\n<p>Jos Kaunarit kiinnostaa yht\u00e4\u00e4n edes nostalgiamieless\u00e4, niin voin l\u00e4mpim\u00e4sti suositella viett\u00e4m\u00e4\u00e4n iltaa Ronn Mossin seurassa. Itsek\u00e4\u00e4n en ole kyseist\u00e4 sarjaa katsonut varmaan kahteenkymmeneen vuoteen, mutta kaikenlaisia muistoja 1990-luvulta ja 2000-luvun alusta tulvahteli mieleen ja tunnustan nauttineeni joka hetkest\u00e4.<\/p>\n<p>\t\t<a class=\"diks-gallery__link\" href=\"https:\/\/i.media.fi\/incoming\/8i76f\/11080567.jpg\/alternates\/FREE_1440\/11080567.jpg\" data-thumbnail=\"\" data-sub-html=\"Yleis\u00f6 piti selv\u00e4sti n\u00e4kem\u00e4st\u00e4\u00e4n ja kuulemastaan ja osoitti konsertin p\u00e4\u00e4tteeksi Mossille suosiotaan. Ville Laine\" aria-label=\"Katso isompi kuva\" rel=\"nofollow noopener\" target=\"_blank\"><br \/>\n\t\t\t\t<img class=\"diks-figure__image\" src=\"https:\/\/www.europesays.com\/fi\/wp-content\/uploads\/2025\/10\/11080567.jpg\" loading=\"lazy\" decoding=\"sync\" alt=\"\"\/><\/p>\n<p>\t\t\t<\/a><br \/>\n\t\t\t\t\tYleis\u00f6 piti selv\u00e4sti n\u00e4kem\u00e4st\u00e4\u00e4n ja kuulemastaan ja osoitti konsertin p\u00e4\u00e4tteeksi Mossille suosiotaan. Ville Laine<\/p>\n<p><strong class=\"diks-storyline__impact\">Kysyin mielipidett\u00e4 <\/strong>illan meiningist\u00e4 konsertin j\u00e4lkeen kulttuuripiireiss\u00e4 vaikuttavalta tuttavaltani. H\u00e4n ei pystynyt aivan viel\u00e4 prosessoimaan, mit\u00e4 oli tullut koettua: \u201dEih\u00e4n tosta voi olla mit\u00e4\u00e4n mielt\u00e4, t\u00e4\u00e4 on ihan eri universumi. T\u00e4\u00e4 on paras koskaan n\u00e4kem\u00e4ni, en tied\u00e4 oikein, mik\u00e4 t\u00e4m\u00e4 oli, mutta paras n\u00e4kem\u00e4ni, piste.\u201d<\/p>\n<p>Seuralaisensa totesi, ett\u00e4 \u201dStephanie Forresterin\u201d (eli Susan Flanneryn) n\u00e4keminen kiroilemassa klipiss\u00e4 oli jo itsess\u00e4\u00e4n joka sentin arvoista.<\/p>\n<p>\t\t<a class=\"diks-gallery__link\" href=\"https:\/\/i.media.fi\/incoming\/6lxkhc\/11080560.jpg\/alternates\/FREE_1440\/11080560.jpg\" data-thumbnail=\"\" data-sub-html=\"Janne Halonen, Ronn Moss ja Lasse Piirainen loppukumarruksessa. Ville Laine\" aria-label=\"Katso isompi kuva\" rel=\"nofollow noopener\" target=\"_blank\"><br \/>\n\t\t\t\t<img class=\"diks-figure__image\" src=\"https:\/\/www.europesays.com\/fi\/wp-content\/uploads\/2025\/10\/11080560.jpg\" loading=\"lazy\" decoding=\"sync\" alt=\"\"\/><\/p>\n<p>\t\t\t<\/a><br \/>\n\t\t\t\t\tJanne Halonen, Ronn Moss ja Lasse Piirainen loppukumarruksessa. Ville Laine<\/p>\n<p>N\u00e4in se varmaan on, sill\u00e4 nostalgia ruokkii monesti ihmisen sielua, ja t\u00e4ss\u00e4 tapauksessa on helppo samaistua n\u00e4ihin n\u00e4kemyksiin, jos on el\u00e4nyt nuoruuttaan tai lapsuuttaan sarjan alkaessa.<\/p>\n<p><strong>An Evening with Ronn Moss, Tavara-asema, lauantaina 4.10.2025<\/strong><\/p>\n<p>T\u00e4m\u00e4 juttu on julkaistu aiemmin Tamperelaisessa.<\/p>\n","protected":false},"excerpt":{"rendered":"20.1.1992 alkoi Suomen televisiosta Kauniit ja rohkeat Kolmoskanavalla. Se oli aikansa televisiotarjonnalla melko suuri tapaus ja sai kansakunnan&hellip;\n","protected":false},"author":2,"featured_media":54319,"comment_status":"","ping_status":"","sticky":false,"template":"","format":"standard","meta":{"footnotes":""},"categories":[130],"tags":[137,33,31,30,13076,47,941,32,1667,1247,109],"class_list":{"0":"post-54318","1":"post","2":"type-post","3":"status-publish","4":"format-standard","5":"has-post-thumbnail","7":"category-viihde","8":"tag-entertainment","9":"tag-fi","10":"tag-finland","11":"tag-finnish","12":"tag-keikka-arviot","13":"tag-musiikki","14":"tag-nostalgia","15":"tag-suomi","16":"tag-tapahtumat","17":"tag-televisio","18":"tag-viihde"},"share_on_mastodon":{"url":"","error":""},"_links":{"self":[{"href":"https:\/\/www.europesays.com\/fi\/wp-json\/wp\/v2\/posts\/54318","targetHints":{"allow":["GET"]}}],"collection":[{"href":"https:\/\/www.europesays.com\/fi\/wp-json\/wp\/v2\/posts"}],"about":[{"href":"https:\/\/www.europesays.com\/fi\/wp-json\/wp\/v2\/types\/post"}],"author":[{"embeddable":true,"href":"https:\/\/www.europesays.com\/fi\/wp-json\/wp\/v2\/users\/2"}],"replies":[{"embeddable":true,"href":"https:\/\/www.europesays.com\/fi\/wp-json\/wp\/v2\/comments?post=54318"}],"version-history":[{"count":0,"href":"https:\/\/www.europesays.com\/fi\/wp-json\/wp\/v2\/posts\/54318\/revisions"}],"wp:featuredmedia":[{"embeddable":true,"href":"https:\/\/www.europesays.com\/fi\/wp-json\/wp\/v2\/media\/54319"}],"wp:attachment":[{"href":"https:\/\/www.europesays.com\/fi\/wp-json\/wp\/v2\/media?parent=54318"}],"wp:term":[{"taxonomy":"category","embeddable":true,"href":"https:\/\/www.europesays.com\/fi\/wp-json\/wp\/v2\/categories?post=54318"},{"taxonomy":"post_tag","embeddable":true,"href":"https:\/\/www.europesays.com\/fi\/wp-json\/wp\/v2\/tags?post=54318"}],"curies":[{"name":"wp","href":"https:\/\/api.w.org\/{rel}","templated":true}]}}