{"id":54372,"date":"2025-10-06T11:43:08","date_gmt":"2025-10-06T11:43:08","guid":{"rendered":"https:\/\/www.europesays.com\/fi\/54372\/"},"modified":"2025-10-06T11:43:08","modified_gmt":"2025-10-06T11:43:08","slug":"sappi-europe-ajaa-paperikoneen-alas-lohjalla-tyot-loppuvat-93-ihmiselta-uusimaa","status":"publish","type":"post","link":"https:\/\/www.europesays.com\/fi\/54372\/","title":{"rendered":"Sappi Europe ajaa paperikoneen alas Lohjalla: ty\u00f6t loppuvat 93 ihmiselt\u00e4 | Uusimaa"},"content":{"rendered":"<p class=\"aw-1gybjub aw-5vja16 cmIuaG zKETg yle__article__paragraph\">Sappi Europen Lohjan Kirkniemen paperitehtaalla k\u00e4ydyt muutosneuvottelut ovat p\u00e4\u00e4ttyneet. Yksi tehtaan kolmesta paperikoneesta ajetaan alas vuoden loppuun menness\u00e4.<\/p>\n<p><img decoding=\"async\" alt=\"Harmaista nelsikanttisista rakennuksista ja savupiipuista koostuva paperitehdas pilvisen\u00e4 p\u00e4iv\u00e4n\u00e4.\" src=\"https:\/\/www.europesays.com\/fi\/wp-content\/uploads\/2025\/10\/39-150322168920b353e979.jpeg\" class=\"aw-1l9m598 hKVVvP\"\/><\/p>\n<p>Avaa kuvien katselu<\/p>\n<p>Sappi Europen Lohjan Kirkniemen paperitehdas 6.3.2025. Kuva: Petteri Juuti \/ Yle<\/p>\n<p>12:31\u2022P\u00e4ivitetty 14:06<\/p>\n<p class=\"aw-1gybjub aw-1p7kakr cmIuaG fmSRng yle__article__paragraph\">Sappi Europe ajaa alas yhden kolmesta paperikoneestaan Lohjan Kirkniemen tehtaalla. Tehtaalta v\u00e4henee yhteens\u00e4 93 ty\u00f6teht\u00e4v\u00e4\u00e4.<\/p>\n<p class=\"aw-1gybjub aw-1p7kakr cmIuaG fmSRng yle__article__paragraph\">Alun perin v\u00e4hennystarpeeksi <a class=\"aw-iao6s4 iHOxEa yle__article__link\" href=\"https:\/\/yle.fi\/a\/74-20177076\" role=\"link\" rel=\"nofollow noopener\" target=\"_blank\">ilmoitettiin sata henkil\u00f6\u00e4<\/a>. Irtisanomisten tarvetta v\u00e4hent\u00e4\u00e4 se, ett\u00e4 33 ty\u00f6ntekij\u00e4\u00e4 on ilmoittanut muutosneuvottelujen yhteydess\u00e4 ottavansa vastaan el\u00e4kepaketin.<\/p>\n<p class=\"aw-1gybjub aw-1p7kakr cmIuaG fmSRng yle__article__paragraph\">Tehtaan p\u00e4\u00e4llystetyn aikakauslehtipaperin vuosituotantokapasiteetti v\u00e4henee paperikoneen alasajon my\u00f6t\u00e4 175\u00a0000 tonnilla.<\/p>\n<p class=\"aw-1gybjub aw-1p7kakr cmIuaG fmSRng yle__article__paragraph\">Ratkaisun taustalla on yhti\u00f6n mukaan graafisten papereiden kysynn\u00e4n lasku Euroopassa sek\u00e4 pitk\u00e4kestoiset taloudelliset haasteet.<\/p>\n<p class=\"aw-1gybjub aw-1p7kakr cmIuaG fmSRng yle__article__paragraph\">Kaksi muuta paperikonetta pysyy edelleen tuotantok\u00e4yt\u00f6ss\u00e4 Kirkniemess\u00e4. Yhti\u00f6n tavoitteena on my\u00f6s tehostaa niiden k\u00e4ytt\u00f6\u00e4.<\/p>\n<p class=\"aw-1gybjub aw-1p7kakr cmIuaG fmSRng yle__article__paragraph\">\u2013 Yhden paperikoneen sulkemisen my\u00f6t\u00e4 j\u00e4ljell\u00e4 olevien paperikoneiden kannattavuus paranee, tehtaanjohtaja <strong class=\"aw-ak79eh KyCXm yle__article__strong\">Martti Savelainen<\/strong> kertoi muutosneuvotteluiden alkaessa elokuussa.<\/p>\n<p class=\"aw-1gybjub aw-1p7kakr cmIuaG fmSRng yle__article__paragraph\">Kirkniemen tehtaan paperikone 2 ajetaan alas kuluvan vuoden loppuun menness\u00e4. Kone j\u00e4\u00e4 kuitenkin reserviin ja tehdas pit\u00e4\u00e4 sit\u00e4 valmiudessa mahdollista uudelleenk\u00e4ynnistyst\u00e4 varten.<\/p>\n<p class=\"aw-1gybjub aw-1p7kakr cmIuaG fmSRng yle__article__paragraph\">Ylen tehtaan ty\u00f6ntekij\u00f6ilt\u00e4 saamien tietojen mukaan l\u00e4htev\u00e4t ty\u00f6ntekij\u00e4t joko irtisanotaan tai heille tarjotaan mahdollisuutta irtisanoutua itse. Irtisanoutuville ty\u00f6ntekij\u00f6ille maksetaan irtisanomisajan palkan lis\u00e4ksi puolen vuoden palkkaa vastaava kertakorvaus.<\/p>\n<p class=\"aw-1gybjub aw-1p7kakr cmIuaG fmSRng yle__article__paragraph\">Tehtaalle j\u00e4\u00e4 muutosten j\u00e4lkeen viel\u00e4 noin 450 ty\u00f6ntekij\u00e4\u00e4. Sappi Limited on etel\u00e4afrikkalainen mets\u00e4teollisuuskonserni.<\/p>\n<p class=\"aw-1gybjub aw-1p7kakr cmIuaG fmSRng yle__article__paragraph\">Juttua korjattu 6.10.2025 klo 14:06. Tarkennettu v\u00e4henevien ty\u00f6teht\u00e4vien m\u00e4\u00e4r\u00e4 aiemmin kerrotusta 79:st\u00e4 93:\u00e4\u00e4n.<\/p>\n","protected":false},"excerpt":{"rendered":"Sappi Europen Lohjan Kirkniemen paperitehtaalla k\u00e4ydyt muutosneuvottelut ovat p\u00e4\u00e4ttyneet. Yksi tehtaan kolmesta paperikoneesta ajetaan alas vuoden loppuun menness\u00e4.&hellip;\n","protected":false},"author":2,"featured_media":54373,"comment_status":"","ping_status":"","sticky":false,"template":"","format":"standard","meta":{"footnotes":""},"categories":[12],"tags":[22,23,26,27,33,31,30,17,71,24,25,481,28,29,15,18,21,2252,2249,2255,32,78,1053,19,20,1168,16],"class_list":{"0":"post-54372","1":"post","2":"type-post","3":"status-publish","4":"format-standard","5":"has-post-thumbnail","7":"category-suomi","8":"tag-breaking-news","9":"tag-breakingnews","10":"tag-featured-news","11":"tag-featurednews","12":"tag-fi","13":"tag-finland","14":"tag-finnish","15":"tag-headlines","16":"tag-kotimaa","17":"tag-latest-news","18":"tag-latestnews","19":"tag-lohja","20":"tag-main-news","21":"tag-mainnews","22":"tag-news","23":"tag-otsikot","24":"tag-paauutiset","25":"tag-paperikoneiden-sulkeminen","26":"tag-paperiteollisuus","27":"tag-sappi-limited","28":"tag-suomi","29":"tag-talous","30":"tag-teollisuus","31":"tag-top-stories","32":"tag-topstories","33":"tag-uusimaa","34":"tag-uutiset"},"share_on_mastodon":{"url":"","error":""},"_links":{"self":[{"href":"https:\/\/www.europesays.com\/fi\/wp-json\/wp\/v2\/posts\/54372","targetHints":{"allow":["GET"]}}],"collection":[{"href":"https:\/\/www.europesays.com\/fi\/wp-json\/wp\/v2\/posts"}],"about":[{"href":"https:\/\/www.europesays.com\/fi\/wp-json\/wp\/v2\/types\/post"}],"author":[{"embeddable":true,"href":"https:\/\/www.europesays.com\/fi\/wp-json\/wp\/v2\/users\/2"}],"replies":[{"embeddable":true,"href":"https:\/\/www.europesays.com\/fi\/wp-json\/wp\/v2\/comments?post=54372"}],"version-history":[{"count":0,"href":"https:\/\/www.europesays.com\/fi\/wp-json\/wp\/v2\/posts\/54372\/revisions"}],"wp:featuredmedia":[{"embeddable":true,"href":"https:\/\/www.europesays.com\/fi\/wp-json\/wp\/v2\/media\/54373"}],"wp:attachment":[{"href":"https:\/\/www.europesays.com\/fi\/wp-json\/wp\/v2\/media?parent=54372"}],"wp:term":[{"taxonomy":"category","embeddable":true,"href":"https:\/\/www.europesays.com\/fi\/wp-json\/wp\/v2\/categories?post=54372"},{"taxonomy":"post_tag","embeddable":true,"href":"https:\/\/www.europesays.com\/fi\/wp-json\/wp\/v2\/tags?post=54372"}],"curies":[{"name":"wp","href":"https:\/\/api.w.org\/{rel}","templated":true}]}}