{"id":54386,"date":"2025-10-06T12:09:07","date_gmt":"2025-10-06T12:09:07","guid":{"rendered":"https:\/\/www.europesays.com\/fi\/54386\/"},"modified":"2025-10-06T12:09:07","modified_gmt":"2025-10-06T12:09:07","slug":"poliisi-aikoo-esittaa-helsingin-toolon-ampumisesta-epailtya-miesta-vangittavaksi-epaillaan-murhan-yrityksesta-uutissuomalainen","status":"publish","type":"post","link":"https:\/\/www.europesays.com\/fi\/54386\/","title":{"rendered":"Poliisi aikoo esitt\u00e4\u00e4 Helsingin T\u00f6\u00f6l\u00f6n ampumisesta ep\u00e4ilty\u00e4 miest\u00e4 vangittavaksi \u2013 ep\u00e4ill\u00e4\u00e4n murhan yrityksest\u00e4 | Uutissuomalainen"},"content":{"rendered":"<p>Poliisi aikoo esitt\u00e4\u00e4 Helsingin T\u00f6\u00f6l\u00f6n viimeviikkoisesta ampumisesta ep\u00e4ilty\u00e4 miest\u00e4 vangittavaksi, kertoo tutkinnanjohtaja, rikoskomisario Tuomas Lindholm Helsingin poliisilaitokselta STT:lle.<\/p>\n<p>Lindholmin mukaan 20-vuotiasta tuusulalaismiest\u00e4 kuullaan maanantaina.<\/p>\n<p>\u2013\u2009Motiivi on viel\u00e4 arvailun asteella oleva asia, Lindholm kertoo.<\/p>\n<p>Poliisi sai miehen kiinni lauantaina Espoossa. Ep\u00e4ilty p\u00e4\u00e4si alun perin pakenemaan tapahtumapaikalta.<\/p>\n<p>Ampumisessa haavoittui 16-vuotias poika. H\u00e4n joutui sairaalaan, mutta on p\u00e4\u00e4ssyt sielt\u00e4 jo pois. Poliisin mukaan poikaa kohti ammuttiin kerrostalon rappuk\u00e4yt\u00e4v\u00e4ss\u00e4 useita laukauksia.<\/p>\n<p>\u2013\u2009Tied\u00e4mme, ett\u00e4 he ovat jollakin tasolla tunteneet toisensa. T\u00e4m\u00e4 ei todellakaan n\u00e4yt\u00e4 milt\u00e4\u00e4n sattumalta, Lindholm kertoo ep\u00e4illyst\u00e4 ja uhrista.<\/p>\n<p>Poliisi tutkii asiaa ep\u00e4iltyn\u00e4 murhan yrityksen\u00e4.<\/p>\n","protected":false},"excerpt":{"rendered":"Poliisi aikoo esitt\u00e4\u00e4 Helsingin T\u00f6\u00f6l\u00f6n viimeviikkoisesta ampumisesta ep\u00e4ilty\u00e4 miest\u00e4 vangittavaksi, kertoo tutkinnanjohtaja, rikoskomisario Tuomas Lindholm Helsingin poliisilaitokselta STT:lle.&hellip;\n","protected":false},"author":2,"featured_media":54387,"comment_status":"","ping_status":"","sticky":false,"template":"","format":"standard","meta":{"footnotes":""},"categories":[12],"tags":[22,23,400,26,27,33,31,30,17,4576,104,24,25,28,29,15,18,21,54,52,32,679,19,20,16,37],"class_list":{"0":"post-54386","1":"post","2":"type-post","3":"status-publish","4":"format-standard","5":"has-post-thumbnail","7":"category-suomi","8":"tag-breaking-news","9":"tag-breakingnews","10":"tag-espoo","11":"tag-featured-news","12":"tag-featurednews","13":"tag-fi","14":"tag-finland","15":"tag-finnish","16":"tag-headlines","17":"tag-helsingin-poliisilaitos","18":"tag-helsinki","19":"tag-latest-news","20":"tag-latestnews","21":"tag-main-news","22":"tag-mainnews","23":"tag-news","24":"tag-otsikot","25":"tag-paauutiset","26":"tag-pelastuspalvelut","27":"tag-poliisi","28":"tag-suomi","29":"tag-terveydenhuollon-toimintalaitokset","30":"tag-top-stories","31":"tag-topstories","32":"tag-uutiset","33":"tag-vakivaltarikokset"},"share_on_mastodon":{"url":"","error":""},"_links":{"self":[{"href":"https:\/\/www.europesays.com\/fi\/wp-json\/wp\/v2\/posts\/54386","targetHints":{"allow":["GET"]}}],"collection":[{"href":"https:\/\/www.europesays.com\/fi\/wp-json\/wp\/v2\/posts"}],"about":[{"href":"https:\/\/www.europesays.com\/fi\/wp-json\/wp\/v2\/types\/post"}],"author":[{"embeddable":true,"href":"https:\/\/www.europesays.com\/fi\/wp-json\/wp\/v2\/users\/2"}],"replies":[{"embeddable":true,"href":"https:\/\/www.europesays.com\/fi\/wp-json\/wp\/v2\/comments?post=54386"}],"version-history":[{"count":0,"href":"https:\/\/www.europesays.com\/fi\/wp-json\/wp\/v2\/posts\/54386\/revisions"}],"wp:featuredmedia":[{"embeddable":true,"href":"https:\/\/www.europesays.com\/fi\/wp-json\/wp\/v2\/media\/54387"}],"wp:attachment":[{"href":"https:\/\/www.europesays.com\/fi\/wp-json\/wp\/v2\/media?parent=54386"}],"wp:term":[{"taxonomy":"category","embeddable":true,"href":"https:\/\/www.europesays.com\/fi\/wp-json\/wp\/v2\/categories?post=54386"},{"taxonomy":"post_tag","embeddable":true,"href":"https:\/\/www.europesays.com\/fi\/wp-json\/wp\/v2\/tags?post=54386"}],"curies":[{"name":"wp","href":"https:\/\/api.w.org\/{rel}","templated":true}]}}