{"id":54390,"date":"2025-10-06T12:14:26","date_gmt":"2025-10-06T12:14:26","guid":{"rendered":"https:\/\/www.europesays.com\/fi\/54390\/"},"modified":"2025-10-06T12:14:26","modified_gmt":"2025-10-06T12:14:26","slug":"ultrasyva-kuva-galaksijoukkoon-paljastaa-tahtien-hehkua-ja-pimeaa-ainetta","status":"publish","type":"post","link":"https:\/\/www.europesays.com\/fi\/54390\/","title":{"rendered":"Ultrasyv\u00e4 kuva galaksijoukkoon paljastaa t\u00e4htien hehkua ja pime\u00e4\u00e4 ainetta"},"content":{"rendered":"<p>Yhdysvaltain tiedes\u00e4\u00e4ti\u00f6 NSF juhlistaa alkanutta vuotta kuvalla Ilmapumpun galaksijoukosta. Otoksen taustalla erottuu tuhansia hyvin et\u00e4isi\u00e4 ja himmeit\u00e4 galakseja.&#13;<\/p>\n<p class=\"bodytext\">Galaksijoukon nimi viittaa sen t\u00e4hdist\u00f6\u00f6n. Antlia eli Ilmapumppu on pieni t\u00e4hdist\u00f6, joka sijaitsee etel\u00e4isell\u00e4 taivaanpuoliskolla eik\u00e4 n\u00e4y Suomeen.\u00a0\n<\/p>\n<p>Joukon p\u00e4\u00e4j\u00e4senet ovat kaksi suurta elliptist\u00e4 galaksia, NGC 3268 ja 3258, joiden arvioidaan olevan v\u00e4hitellen sulautumassa toisiinsa.\n<\/p>\n<p>Pitk\u00e4n valotusajan kuvassa erottuu my\u00f6s galaksien v\u00e4liss\u00e4 sijaitsevien t\u00e4htien himme\u00e4\u00e4 valoa. Kun katsoo kuvan tummaa taustaa, voi huomata, ett\u00e4 taivas on joissakin kohdissa mustan sijaan hieman sinert\u00e4v\u00e4.\n<\/p>\n<p>Etualan galaksijoukon taustalla siint\u00e4\u00e4 tuhansia selv\u00e4sti kauempana sijaitsevia galakseja.\u00a0\n<\/p>\n<p>Galaksijoukkoihin keskittyv\u00e4n pime\u00e4 aineen m\u00e4\u00e4r\u00e4 voidaan arvioida tutkimalla taustan galaksien muotojen ja sijaintien v\u00e4\u00e4ristymi\u00e4, jotka johtuvat etualan kohteiden aiheuttamista painovoimalinsseist\u00e4.\n<\/p>\n<p>Nyt julkaistu kuva otettiin 4-metrisell\u00e4 Blanco-teleskoopilla Cerro Tololon observatoriossa Chiless\u00e4. Otoksesta on julkaistu my\u00f6s <a href=\"https:\/\/noirlab.edu\/public\/media\/archives\/images\/large\/noirlab2501b.jpg\" target=\"_blank\" rel=\"noreferrer nofollow noopener\">selitetty versio<\/a>, jossa joitakin kiinnostavista alueista on zoomattu.\n<\/p>\n<p>Kuva on er\u00e4\u00e4nlaista esimakua Yhdysvaltain tiedes\u00e4\u00e4ti\u00f6n merkitt\u00e4v\u00e4lle projektille. Uutta Vera Rubin -observatoriota valmistellaan parhaillaan t\u00e4m\u00e4n vuoden kes\u00e4ll\u00e4 koittavaan ensivaloonsa.\u00a0\n<\/p>\n<p>Vera Rubinin (LSST) 8,4 metrin peilin kaukoputkella varustettu observatorio poikkeaa toimintatavaltaan selv\u00e4sti nykyisist\u00e4 suurista teleskoopeista, sill\u00e4 se tulee skannaamaan y\u00f6taivasta jatkuvasti suuri alue kerrallaan.\n<\/p>\n<p><a href=\"https:\/\/noirlab.edu\/public\/news\/noirlab2501\/?lang\" target=\"_blank\" rel=\"noreferrer nofollow noopener\">Aiheesta lis\u00e4\u00e4 NOIRLab<\/a> (englanniksi)<\/p>\n","protected":false},"excerpt":{"rendered":"Yhdysvaltain tiedes\u00e4\u00e4ti\u00f6 NSF juhlistaa alkanutta vuotta kuvalla Ilmapumpun galaksijoukosta. Otoksen taustalla erottuu tuhansia hyvin et\u00e4isi\u00e4 ja himmeit\u00e4 galakseja.&#13;&hellip;\n","protected":false},"author":2,"featured_media":54391,"comment_status":"","ping_status":"","sticky":false,"template":"","format":"standard","meta":{"footnotes":""},"categories":[114],"tags":[453,33,31,30,118,452,32,119],"class_list":{"0":"post-54390","1":"post","2":"type-post","3":"status-publish","4":"format-standard","5":"has-post-thumbnail","7":"category-avaruus","8":"tag-avaruus","9":"tag-fi","10":"tag-finland","11":"tag-finnish","12":"tag-science","13":"tag-space","14":"tag-suomi","15":"tag-tiede"},"share_on_mastodon":{"url":"","error":""},"_links":{"self":[{"href":"https:\/\/www.europesays.com\/fi\/wp-json\/wp\/v2\/posts\/54390","targetHints":{"allow":["GET"]}}],"collection":[{"href":"https:\/\/www.europesays.com\/fi\/wp-json\/wp\/v2\/posts"}],"about":[{"href":"https:\/\/www.europesays.com\/fi\/wp-json\/wp\/v2\/types\/post"}],"author":[{"embeddable":true,"href":"https:\/\/www.europesays.com\/fi\/wp-json\/wp\/v2\/users\/2"}],"replies":[{"embeddable":true,"href":"https:\/\/www.europesays.com\/fi\/wp-json\/wp\/v2\/comments?post=54390"}],"version-history":[{"count":0,"href":"https:\/\/www.europesays.com\/fi\/wp-json\/wp\/v2\/posts\/54390\/revisions"}],"wp:featuredmedia":[{"embeddable":true,"href":"https:\/\/www.europesays.com\/fi\/wp-json\/wp\/v2\/media\/54391"}],"wp:attachment":[{"href":"https:\/\/www.europesays.com\/fi\/wp-json\/wp\/v2\/media?parent=54390"}],"wp:term":[{"taxonomy":"category","embeddable":true,"href":"https:\/\/www.europesays.com\/fi\/wp-json\/wp\/v2\/categories?post=54390"},{"taxonomy":"post_tag","embeddable":true,"href":"https:\/\/www.europesays.com\/fi\/wp-json\/wp\/v2\/tags?post=54390"}],"curies":[{"name":"wp","href":"https:\/\/api.w.org\/{rel}","templated":true}]}}