{"id":54392,"date":"2025-10-06T12:29:08","date_gmt":"2025-10-06T12:29:08","guid":{"rendered":"https:\/\/www.europesays.com\/fi\/54392\/"},"modified":"2025-10-06T12:29:08","modified_gmt":"2025-10-06T12:29:08","slug":"jypk-ryopyttaa-palloliittoa-kyllahan-tama-on-vaikeuttanut-joukkueen-valmistautumista-huomattavasti-urheilu","status":"publish","type":"post","link":"https:\/\/www.europesays.com\/fi\/54392\/","title":{"rendered":"JyPK ry\u00f6pytt\u00e4\u00e4 Palloliittoa \u2013 &#8221;Kyll\u00e4h\u00e4n t\u00e4m\u00e4 on vaikeuttanut joukkueen valmistautumista huomattavasti&#8221; | Urheilu"},"content":{"rendered":"<p>Jyv\u00e4skyl\u00e4n Pallokerho on joutunut jalkapallon Kansallisen liigan karsintasarjassa taistelemaan pisteiden lis\u00e4ksi kabinettip\u00e4\u00e4t\u00f6ksi\u00e4 vastaan.<\/p>\n<p>Kahden JyPKin ottelun (JyPK\u2013Ilves 30.8. ja EBK\u2013JyPK 6.9.) tulokset muutettiin syyskuun lopussa JyPKin 0\u20133-tappioiksi, sill\u00e4 jyv\u00e4skyl\u00e4l\u00e4isten kokoonpanossa oli edustuskelvoton pelaaja. Uuden k\u00e4\u00e4nteen tapaus sai maanantaina, kun vastalausevaliokunta kumosi tuomion ja alkuper\u00e4iset tulokset palautettiin.<\/p>\n<p>\t\t\t\t\t<img class=\"diks-card__image\" src=\"https:\/\/www.europesays.com\/fi\/wp-content\/uploads\/2025\/10\/10782559.jpg\"   loading=\"lazy\" decoding=\"sync\" alt=\"\"\/><\/p>\n<p>EBK-ottelun JyPK voitti, joten syyskuisen Palloliiton p\u00e4\u00e4t\u00f6ksen johdosta karsintasarja muuttui eritt\u00e4in haastavaksi jyv\u00e4skyl\u00e4l\u00e4isten n\u00e4k\u00f6kulmasta. JyPK ei ole tyytyv\u00e4inen tapaan, jolla Palloliitto on hoitanut asiaa.<\/p>\n","protected":false},"excerpt":{"rendered":"Jyv\u00e4skyl\u00e4n Pallokerho on joutunut jalkapallon Kansallisen liigan karsintasarjassa taistelemaan pisteiden lis\u00e4ksi kabinettip\u00e4\u00e4t\u00f6ksi\u00e4 vastaan. Kahden JyPKin ottelun (JyPK\u2013Ilves 30.8.&hellip;\n","protected":false},"author":2,"featured_media":54393,"comment_status":"","ping_status":"","sticky":false,"template":"","format":"standard","meta":{"footnotes":""},"categories":[158],"tags":[33,31,30,104,43,42,425,2259,41,159,44,32,160],"class_list":{"0":"post-54392","1":"post","2":"type-post","3":"status-publish","4":"format-standard","5":"has-post-thumbnail","7":"category-urheilu","8":"tag-fi","9":"tag-finland","10":"tag-finnish","11":"tag-helsinki","12":"tag-jalkapallo","13":"tag-jalkapalloon-perustuvat-lajit","14":"tag-jyvaskyla","15":"tag-jyvaskylan-pallokerho","16":"tag-liikunta-ja-urheilu","17":"tag-sports","18":"tag-suomen-jalkapallo","19":"tag-suomi","20":"tag-urheilu"},"share_on_mastodon":{"url":"","error":""},"_links":{"self":[{"href":"https:\/\/www.europesays.com\/fi\/wp-json\/wp\/v2\/posts\/54392","targetHints":{"allow":["GET"]}}],"collection":[{"href":"https:\/\/www.europesays.com\/fi\/wp-json\/wp\/v2\/posts"}],"about":[{"href":"https:\/\/www.europesays.com\/fi\/wp-json\/wp\/v2\/types\/post"}],"author":[{"embeddable":true,"href":"https:\/\/www.europesays.com\/fi\/wp-json\/wp\/v2\/users\/2"}],"replies":[{"embeddable":true,"href":"https:\/\/www.europesays.com\/fi\/wp-json\/wp\/v2\/comments?post=54392"}],"version-history":[{"count":0,"href":"https:\/\/www.europesays.com\/fi\/wp-json\/wp\/v2\/posts\/54392\/revisions"}],"wp:featuredmedia":[{"embeddable":true,"href":"https:\/\/www.europesays.com\/fi\/wp-json\/wp\/v2\/media\/54393"}],"wp:attachment":[{"href":"https:\/\/www.europesays.com\/fi\/wp-json\/wp\/v2\/media?parent=54392"}],"wp:term":[{"taxonomy":"category","embeddable":true,"href":"https:\/\/www.europesays.com\/fi\/wp-json\/wp\/v2\/categories?post=54392"},{"taxonomy":"post_tag","embeddable":true,"href":"https:\/\/www.europesays.com\/fi\/wp-json\/wp\/v2\/tags?post=54392"}],"curies":[{"name":"wp","href":"https:\/\/api.w.org\/{rel}","templated":true}]}}