{"id":54410,"date":"2025-10-06T13:00:10","date_gmt":"2025-10-06T13:00:10","guid":{"rendered":"https:\/\/www.europesays.com\/fi\/54410\/"},"modified":"2025-10-06T13:00:10","modified_gmt":"2025-10-06T13:00:10","slug":"nobelin-rauhanpalkinnon-voittaja-julistetaan-talla-viikolla-historioitsija-tyrmaa-trumpin-mahdollisuudet-ulkomaat","status":"publish","type":"post","link":"https:\/\/www.europesays.com\/fi\/54410\/","title":{"rendered":"Nobelin rauhanpalkinnon voittaja julistetaan t\u00e4ll\u00e4 viikolla \u2013 historioitsija tyrm\u00e4\u00e4 Trumpin mahdollisuudet | Ulkomaat"},"content":{"rendered":"<p class=\"aw-1gybjub aw-1p7kakr cmIuaG fmSRng yle__article__paragraph\">Nobelin rauhanpalkinnon vuoden 2025 voittaja tai voittajat ilmoitetaan t\u00e4m\u00e4n viikon perjantaina 10. lokakuuta.<\/p>\n<p class=\"aw-1gybjub aw-1p7kakr cmIuaG fmSRng yle__article__paragraph\">Yhdysvaltain presidentti <strong class=\"aw-ak79eh KyCXm yle__article__strong\">Donald Trump<\/strong> on lobannut voimakkaasti itse\u00e4\u00e4n voittajaksi. Trump k\u00e4ytti esimerkiksi puheessaan YK:n yleiskokouksessa aikaa sen perusteluun, miksi h\u00e4nelle pit\u00e4isi antaa Nobelin rauhanpalkinto.<\/p>\n<p class=\"aw-1gybjub aw-1p7kakr cmIuaG fmSRng yle__article__paragraph\">H\u00e4n on perustellut ansioitaan v\u00e4itt\u00e4m\u00e4ll\u00e4, ett\u00e4 h\u00e4n olisi lopettanut seitsem\u00e4n sotaa. V\u00e4ite on <a class=\"aw-iao6s4 iHOxEa yle__article__link\" href=\"https:\/\/yle.fi\/a\/74-20178206\" role=\"link\" rel=\"nofollow noopener\" target=\"_blank\">kyseenalainen<\/a>.<\/p>\n<p class=\"aw-1gybjub aw-1p7kakr cmIuaG fmSRng yle__article__paragraph\">Siit\u00e4 ei ole varmuutta, onko Trump edes virallisella ehdokaslistalla.<\/p>\n<p class=\"aw-1gybjub aw-1p7kakr cmIuaG fmSRng yle__article__paragraph\">Palkinnonsaajaksi on t\u00e4n\u00e4 vuonna ehdotettu 338:aa ehdokasta. Niist\u00e4 244 on henkil\u00f6it\u00e4 ja 94 organisaatioita. Viime vuonna ehdokkaita oli 286, joten m\u00e4\u00e4r\u00e4 kasvoi huomattavasti t\u00e4n\u00e4 vuonna.<\/p>\n<p class=\"aw-1gybjub aw-1p7kakr cmIuaG fmSRng yle__article__paragraph\"><strong class=\"aw-ak79eh KyCXm yle__article__strong\">Kuka voi voittaa?<\/strong><\/p>\n<p class=\"aw-1gybjub aw-1p7kakr cmIuaG fmSRng yle__article__paragraph\">Voittajan t\u00e4ytyy t\u00e4ytt\u00e4\u00e4 ruotsalaisen teollisuusmies <strong class=\"aw-ak79eh KyCXm yle__article__strong\">Alfred Nobelin<\/strong> testamentissa vuonna 1895 m\u00e4\u00e4ritellyt kriteerit. Niiden mukaan palkinto kuuluu henkil\u00f6lle, joka \u201don eniten tai parhaiten edist\u00e4nyt kansakuntien yhteytt\u00e4, vakinaisten armeijoiden lakkauttamista tai pienent\u00e4mist\u00e4 ja rauhankongressien perustamista ja tukemista\u201d.<\/p>\n<p class=\"aw-1gybjub aw-1p7kakr cmIuaG fmSRng yle__article__paragraph\">Lis\u00e4ksi palkinto \u201dt\u00e4ytyy asettaa nykyajan kontekstiin\u201d, muotoilee palkintokomitean sihteeri <strong class=\"aw-ak79eh KyCXm yle__article__strong\">Kristian Berg Harpviken<\/strong> uutistoimisto Reutersin mukaan.<\/p>\n<p class=\"aw-1gybjub aw-1p7kakr cmIuaG fmSRng yle__article__paragraph\"><strong class=\"aw-ak79eh KyCXm yle__article__strong\">Keit\u00e4 on ehdolla?<\/strong><\/p>\n<p class=\"aw-1gybjub aw-1p7kakr cmIuaG fmSRng yle__article__paragraph\">Norjan Nobel-komitea ei kerro ehdokkaiden nimi\u00e4 julkisuuteen tai edes ehdokkaille itselleen. Julkisuudessa liikkuu kuitenkin sek\u00e4 tietoja ett\u00e4 veikkauksia t\u00e4m\u00e4n vuoden ehdokkaista.<\/p>\n<p class=\"aw-1gybjub aw-1p7kakr cmIuaG fmSRng yle__article__paragraph\">Reutersin haastattelemat asiantuntijat nostivat esiin voittajaehdokkaina sudanilaisen Emergency Response Room -avustusverkoston, joka toimittaa humanitaarista apua Sudanin sis\u00e4llissodassa sek\u00e4 yhdysvaltalaisen Committee to Protect Journalists -j\u00e4rjest\u00f6n, joka ker\u00e4\u00e4 todisteita toimittajiin kohdistuvista hy\u00f6kk\u00e4yksist\u00e4 kriisi- ja sota-alueilla.<\/p>\n<p class=\"aw-1gybjub aw-1p7kakr cmIuaG fmSRng yle__article__paragraph\">Itse\u00e4\u00e4n ei voi asettaa ehdolle. Oletettavasti jokin taho on ehdottanut Trumpia.<\/p>\n<p class=\"aw-1gybjub aw-1p7kakr cmIuaG fmSRng yle__article__paragraph\">Useat ihmiset Yhdysvalloissa ja ulkomaiset poliitikot ovat ehdottaneet Trumpia Nobelin rauhanpalkinnon saajaksi vuoden 2018 j\u00e4lkeen.<\/p>\n<p class=\"aw-1gybjub aw-1p7kakr cmIuaG fmSRng yle__article__paragraph\">Viime joulukuussa republikaaniedustaja <strong class=\"aw-ak79eh KyCXm yle__article__strong\">Claudia Tenneyn<\/strong> toimisto nosti Trumpin esiin ehdokkaana, koska h\u00e4n oli v\u00e4litt\u00e4nyt Abraham-sopimukset, jotka normalisoivat Israelin ja useiden arabimaiden v\u00e4lit vuonna 2020, kertoo <a class=\"aw-iao6s4 iHOxEa yle__article__link\" href=\"https:\/\/abcnews.go.com\/International\/wireStory\/trump-nominated-nobel-peace-prize-experts-win-year-126176542\" role=\"link\" rel=\"nofollow noopener\" target=\"_blank\">uutistoimisto AP<\/a>.<\/p>\n<p class=\"aw-1gybjub aw-1p7kakr cmIuaG fmSRng yle__article__paragraph\">Oslon rauhantutkimusinstituutin johtaja <strong class=\"aw-ak79eh KyCXm yle__article__strong\">Henrik Urdal<\/strong> kertoi tammikuun lopussa, ett\u00e4 h\u00e4n on ehdottanut rauhanpalkinnon saajaksi Qatarin p\u00e4\u00e4- ja ulkoministeri\u00e4 <strong class=\"aw-ak79eh KyCXm yle__article__strong\">Sheikh Mohammedia<\/strong> t\u00e4m\u00e4n ty\u00f6st\u00e4 Israelin ja \u00e4\u00e4rij\u00e4rjest\u00f6 Hamasin v\u00e4lisen tulitauon v\u00e4litt\u00e4misess\u00e4. Lis\u00e4ksi Urdal asetti ehdolle nelj\u00e4 eri j\u00e4rjest\u00f6\u00e4.<\/p>\n<p class=\"aw-1gybjub aw-1p7kakr cmIuaG fmSRng yle__article__paragraph\">Muita mahdollisia henkil\u00f6ehdokkaita ovat esimerkiksi Palestiina- ja ilmastoaktivisti <strong class=\"aw-ak79eh KyCXm yle__article__strong\">Greta Thunberg<\/strong>, Ukrainan presidentti <strong class=\"aw-ak79eh KyCXm yle__article__strong\">Volodymyr Zelenskyi<\/strong>, miljard\u00f6\u00f6ri <strong class=\"aw-ak79eh KyCXm yle__article__strong\">Elon Musk<\/strong> ja Wikileaksin perustaja <strong class=\"aw-ak79eh KyCXm yle__article__strong\">Julian Assange<\/strong>, listaavat ennustusmarkkina-alusta Polymarket ja vedonly\u00f6ntisivustoja seuraava Oddspedia.<\/p>\n<p class=\"aw-1gybjub aw-1p7kakr cmIuaG fmSRng yle__article__paragraph\"><strong class=\"aw-ak79eh KyCXm yle__article__strong\">Kuinka ehdokkaat nimet\u00e4\u00e4n?<\/strong><\/p>\n<p class=\"aw-1gybjub aw-1p7kakr cmIuaG fmSRng yle__article__paragraph\">Nobelin rauhanpalkinnon saajia voivat ehdottaa muun muassa hallitusten ja parlamenttien j\u00e4senet, valtionp\u00e4\u00e4miehet, tiettyjen tieteenalojen professorit ja tutkimuslaitosten johtajat, tiettyjen kansainv\u00e4listen tuomioistuinten ja j\u00e4rjest\u00f6jen j\u00e4senet sek\u00e4 aiemmat Nobelin rauhanpalkinnon saajat.<\/p>\n<p class=\"aw-1gybjub aw-1p7kakr cmIuaG fmSRng yle__article__paragraph\">Takaraja t\u00e4m\u00e4n vuoden ehdokkaiden nime\u00e4miseen oli 31. tammikuuta 2025. Norjan Nobel-komitea sai viel\u00e4 lis\u00e4t\u00e4 nimi\u00e4 ehdokaslistalle ensimm\u00e4isess\u00e4 kokouksessaan 28. helmikuuta.<\/p>\n<p class=\"aw-1gybjub aw-1p7kakr cmIuaG fmSRng yle__article__paragraph\">Kambod\u017ean, Israelin ja Pakistanin johtajat ovat kertoneet julkisuudessa, ett\u00e4 he ovat ehdottaneet Trumpia. Heid\u00e4n ehdotuksensa on kuitenkin tehty vasta tammikuun takarajan j\u00e4lkeen, joten n\u00e4m\u00e4 ehdotukset eiv\u00e4t ole p\u00e4tevi\u00e4 t\u00e4m\u00e4 vuoden palkintoa varten.<\/p>\n<p><img decoding=\"async\" alt=\"Benjamin Netanjahu ja Donald Trump tiedotustilaisuudessa.\" src=\"https:\/\/www.europesays.com\/fi\/wp-content\/uploads\/2025\/10\/39-153023468db7d5680719.jpeg\" loading=\"lazy\" class=\"aw-1l9m598 hKVVvP\"\/><\/p>\n<p>Avaa kuvien katselu<\/p>\n<p>Donald Trump ja Israelin p\u00e4\u00e4ministeri Benjamin Netanjahu pitiv\u00e4t tiedotustilaisuuden Valkoisessa talossa 29. syyskuuta. Netanjahu sanoi kannattavansa Trumpin rauhansuunnitelmaa Gazan sodan lopettamiseksi. Kuva: Jim Watson \/ AFP<\/p>\n<p class=\"aw-1gybjub aw-1p7kakr cmIuaG fmSRng yle__article__paragraph\"><strong class=\"aw-ak79eh KyCXm yle__article__strong\">Kuka p\u00e4\u00e4tt\u00e4\u00e4 voittajan?<\/strong><\/p>\n<p class=\"aw-1gybjub aw-1p7kakr cmIuaG fmSRng yle__article__paragraph\">Norjan Nobel-komitea \u00e4\u00e4nest\u00e4\u00e4 voittajasta lokakuun alussa. Komitea koostuu viidest\u00e4 j\u00e4senest\u00e4, jotka Norjan parlamentti on nimitt\u00e4nyt. J\u00e4senist\u00f6 heijastaa Norjan parlamentissa istuvien puolueiden voimatasapainoa. Kaikki j\u00e4senet eiv\u00e4t itse v\u00e4ltt\u00e4m\u00e4tt\u00e4 ole poliitikkoja.<\/p>\n<p class=\"aw-1gybjub aw-1p7kakr cmIuaG fmSRng yle__article__paragraph\"><strong class=\"aw-ak79eh KyCXm yle__article__strong\">Voiko Trump voittaa?<\/strong><\/p>\n<p class=\"aw-1gybjub aw-1p7kakr cmIuaG fmSRng yle__article__paragraph\">Trumpin voitto ei tule kuulonkaan, Nobel-historioitsija <strong class=\"aw-ak79eh KyCXm yle__article__strong\">Asle Sveen<\/strong> arvioi Reutersille. H\u00e4nen mukaansa Trump ei voi voittaa, koska h\u00e4n \u201dtukee k\u00e4ynniss\u00e4 olevaa kansanmurhaa Gazassa\u201d.<\/p>\n<p class=\"aw-1gybjub aw-1p7kakr cmIuaG fmSRng yle__article__paragraph\">Videolla Sveen perustelee tarkemmin, miksi Trumpille ei anneta Nobelin rauhanpalkintoa.<\/p>\n<p class=\"aw-1gybjub aw-1p7kakr cmIuaG fmSRng yle__article__paragraph\">Reutersin haastattelemien asiantuntijoiden mukaan Norjan Nobel-komitea voi haluta palkita jonkin humanitaarisen j\u00e4rjest\u00f6n, YK:n instituution tai toimittajia. Luvassa voi my\u00f6s olla yll\u00e4tysnimi.<\/p>\n<p class=\"aw-1gybjub aw-1p7kakr cmIuaG fmSRng yle__article__paragraph\">Amerikkalaisen ennustusmarkkina-alusta <a class=\"aw-iao6s4 iHOxEa yle__article__link\" href=\"https:\/\/polymarket.com\/event\/nobel-peace-prize-winner-2025\" role=\"link\" rel=\"nofollow noopener\" target=\"_blank\">Polymarketin<\/a> mukaan todenn\u00e4k\u00f6isin voittaja on Sudanin Emergency Response Room -verkosto.<\/p>\n<p class=\"aw-1gybjub aw-1p7kakr cmIuaG fmSRng yle__article__paragraph\">Toisena on kuolleen ven\u00e4l\u00e4isen oppositiojohtajan <strong class=\"aw-ak79eh KyCXm yle__article__strong\">Aleksei Navalnyin<\/strong> leski <strong class=\"aw-ak79eh KyCXm yle__article__strong\">Julia Navalnaja<\/strong> ja kolmantena YK:n palestiinalaisia pakolaisia avustava j\u00e4rjest\u00f6 UNRWA. Polymarketin listalla Trump on sijalla viisi.<\/p>\n<p class=\"aw-1gybjub aw-1p7kakr cmIuaG fmSRng yle__article__paragraph\"><a class=\"aw-iao6s4 iHOxEa yle__article__link\" href=\"https:\/\/oddspedia.com\/insights\/features\/nobel-peace-prize-odds-and-predictions\" role=\"link\" rel=\"nofollow noopener\" target=\"_blank\">Oddspedian listalla<\/a> Trumpin sen sijaan on voittajasuosikki. Kakkossijalla on Sudanin Emergency Response Room ja kolmantena Julia Navalnaja.<\/p>\n<p class=\"aw-1gybjub aw-1p7kakr cmIuaG fmSRng yle__article__paragraph\"><strong class=\"aw-ak79eh KyCXm yle__article__strong\">Mit\u00e4 voittaja saa?<\/strong><\/p>\n<p class=\"aw-1gybjub aw-1p7kakr cmIuaG fmSRng yle__article__paragraph\">Nobelin rauhanpalkinto koostuu mitallista, kunniakirjasta ja rahasta. Summa on noin miljoona euroa. Lis\u00e4ksi voittaja saa maailmanlaajuista huomiota.<\/p>\n<p class=\"aw-1gybjub aw-1p7kakr cmIuaG fmSRng yle__article__paragraph\">Palkinnonjakoseremonia j\u00e4rjestet\u00e4\u00e4n joulukuussa Oslossa.<\/p>\n<p class=\"aw-1gybjub aw-1p7kakr cmIuaG fmSRng yle__article__paragraph\">L\u00e4hteet: AP, Reuters<\/p>\n","protected":false},"excerpt":{"rendered":"Nobelin rauhanpalkinnon vuoden 2025 voittaja tai voittajat ilmoitetaan t\u00e4m\u00e4n viikon perjantaina 10. lokakuuta. Yhdysvaltain presidentti Donald Trump on&hellip;\n","protected":false},"author":2,"featured_media":54411,"comment_status":"","ping_status":"","sticky":false,"template":"","format":"standard","meta":{"footnotes":""},"categories":[14],"tags":[22,23,585,26,27,33,31,30,17,4258,24,25,28,29,15,4714,385,18,21,1271,32,19,20,56,16,59,60,61,146],"class_list":{"0":"post-54410","1":"post","2":"type-post","3":"status-publish","4":"format-standard","5":"has-post-thumbnail","7":"category-ulkomaat","8":"tag-breaking-news","9":"tag-breakingnews","10":"tag-donald-trump","11":"tag-featured-news","12":"tag-featurednews","13":"tag-fi","14":"tag-finland","15":"tag-finnish","16":"tag-headlines","17":"tag-konfliktit","18":"tag-latest-news","19":"tag-latestnews","20":"tag-main-news","21":"tag-mainnews","22":"tag-news","23":"tag-nobelin-rauhanpalkinto","24":"tag-norja","25":"tag-otsikot","26":"tag-paauutiset","27":"tag-palkinnot","28":"tag-suomi","29":"tag-top-stories","30":"tag-topstories","31":"tag-ulkomaat","32":"tag-uutiset","33":"tag-world","34":"tag-world-news","35":"tag-worldnews","36":"tag-yhdysvaltain-presidentti"},"share_on_mastodon":{"url":"","error":""},"_links":{"self":[{"href":"https:\/\/www.europesays.com\/fi\/wp-json\/wp\/v2\/posts\/54410","targetHints":{"allow":["GET"]}}],"collection":[{"href":"https:\/\/www.europesays.com\/fi\/wp-json\/wp\/v2\/posts"}],"about":[{"href":"https:\/\/www.europesays.com\/fi\/wp-json\/wp\/v2\/types\/post"}],"author":[{"embeddable":true,"href":"https:\/\/www.europesays.com\/fi\/wp-json\/wp\/v2\/users\/2"}],"replies":[{"embeddable":true,"href":"https:\/\/www.europesays.com\/fi\/wp-json\/wp\/v2\/comments?post=54410"}],"version-history":[{"count":0,"href":"https:\/\/www.europesays.com\/fi\/wp-json\/wp\/v2\/posts\/54410\/revisions"}],"wp:featuredmedia":[{"embeddable":true,"href":"https:\/\/www.europesays.com\/fi\/wp-json\/wp\/v2\/media\/54411"}],"wp:attachment":[{"href":"https:\/\/www.europesays.com\/fi\/wp-json\/wp\/v2\/media?parent=54410"}],"wp:term":[{"taxonomy":"category","embeddable":true,"href":"https:\/\/www.europesays.com\/fi\/wp-json\/wp\/v2\/categories?post=54410"},{"taxonomy":"post_tag","embeddable":true,"href":"https:\/\/www.europesays.com\/fi\/wp-json\/wp\/v2\/tags?post=54410"}],"curies":[{"name":"wp","href":"https:\/\/api.w.org\/{rel}","templated":true}]}}