{"id":54412,"date":"2025-10-06T13:01:08","date_gmt":"2025-10-06T13:01:08","guid":{"rendered":"https:\/\/www.europesays.com\/fi\/54412\/"},"modified":"2025-10-06T13:01:08","modified_gmt":"2025-10-06T13:01:08","slug":"suomalainen-jarjesto-julistettiin-ei-toivotuksi-venajalla-kotimaa","status":"publish","type":"post","link":"https:\/\/www.europesays.com\/fi\/54412\/","title":{"rendered":"Suomalainen j\u00e4rjest\u00f6 julistettiin \u201dei-toivotuksi\u201d Ven\u00e4j\u00e4ll\u00e4 | Kotimaa"},"content":{"rendered":"<p class=\"aw-1gybjub aw-5vja16 cmIuaG zKETg yle__article__paragraph\">Initiative FoReDi uskoo, ett\u00e4 Ven\u00e4j\u00e4n viranomaisten p\u00e4\u00e4t\u00f6s johtuu siit\u00e4, ett\u00e4 j\u00e4rjest\u00f6 ker\u00e4\u00e4 rahaa Aleksei Navalnyin muistopenkin pystytt\u00e4miseksi Ven\u00e4j\u00e4n suurl\u00e4hetyst\u00f6n l\u00e4helle Helsinkiin.<\/p>\n<p><img decoding=\"async\" alt=\"Mies seisoo kivien edess\u00e4 ulkona pukeutuneena siniseen toppatakkiin.\" src=\"https:\/\/www.europesays.com\/fi\/wp-content\/uploads\/2025\/10\/39-141980767aa276036745.jpeg\" class=\"aw-1l9m598 hKVVvP\"\/><\/p>\n<p>Avaa kuvien katselu<\/p>\n<p>Aktivisti Nikita Kirillovin takana on Ven\u00e4j\u00e4n suurl\u00e4hetyst\u00f6, jonka l\u00e4heisyyteen Initiative FoReDi haluaa pystytt\u00e4\u00e4 Navalnyn muistopenkin. Kuva: Grigory Vorobyev \/ Yle<\/p>\n<p class=\"aw-1gybjub aw-1p7kakr cmIuaG fmSRng yle__article__paragraph\">Ven\u00e4j\u00e4n oikeusministeri\u00f6 on lis\u00e4nnyt suomalaisen voittoa tavoittelemattoman j\u00e4rjest\u00f6n \u201dei-toivottujen j\u00e4rjest\u00f6jen\u201d listalle. T\u00e4m\u00e4 k\u00e4y ilmi ministeri\u00f6n yll\u00e4pit\u00e4m\u00e4st\u00e4 rekisterist\u00e4.<\/p>\n<p class=\"aw-1gybjub aw-1p7kakr cmIuaG fmSRng yle__article__paragraph\">Suomessa rekister\u00f6ity j\u00e4rjest\u00f6 Initiative for Resistance and Dialogue (Initiative FoReDi ry) on julistettu ei-toivotuksi j\u00e4rjest\u00f6ksi Ven\u00e4j\u00e4ll\u00e4. J\u00e4rjest\u00f6n perustivat vuonna 2024 suomalaiset ja Ven\u00e4j\u00e4n kansalaiset, joista osa on saanut poliittisen turvapaikan Suomesta. He kuvaavat itse\u00e4\u00e4n Putinin politiikkaa vastustaviksi aktivisteiksi.<\/p>\n<p class=\"aw-1gybjub aw-1p7kakr cmIuaG fmSRng yle__article__paragraph\">J\u00e4rjest\u00f6n johdon mukaan p\u00e4\u00e4t\u00f6s Initiative FoReDin lis\u00e4\u00e4misest\u00e4 rekisteriin tehtiin pian sen j\u00e4lkeen, kun oli aloitettu <a class=\"aw-iao6s4 iHOxEa yle__article__link\" href=\"https:\/\/yle.fi\/a\/74-20143344\" role=\"link\" rel=\"nofollow noopener\" target=\"_blank\">varainkeruu<\/a> ven\u00e4l\u00e4isen oppositiopoliitikon <strong class=\"aw-ak79eh KyCXm yle__article__strong\">Aleksei Navalnyin<\/strong> muistopenkin pystytt\u00e4miseksi Ven\u00e4j\u00e4n suurl\u00e4hetyst\u00f6n l\u00e4heisyyteen Helsingiss\u00e4. Initiative FoReDi kertoo saaneensa virallisen luvan muistopenkin pystytt\u00e4miseen Helsingin kaupungilta.<\/p>\n<p class=\"aw-1gybjub aw-1p7kakr cmIuaG fmSRng yle__article__paragraph\">J\u00e4rjest\u00f6n perustajaj\u00e4sen <strong class=\"aw-ak79eh KyCXm yle__article__strong\">Nikita Kirillov<\/strong> arvioi, ett\u00e4 j\u00e4rjest\u00f6n lis\u00e4\u00e4minen rekisteriin liittyy yrityksiin vaikeuttaa sen toimintaa ja varainkeruuta Navalnyin muistomerkki\u00e4 varten.<\/p>\n<p class=\"aw-1gybjub aw-1p7kakr cmIuaG fmSRng yle__article__paragraph\">Aiemmin Ven\u00e4j\u00e4n p\u00e4\u00e4syytt\u00e4j\u00e4nvirasto on jo lis\u00e4nnyt \u201dei-toivottujen j\u00e4rjest\u00f6jen\u201d listalle EastCham Finlandin (entinen Suomalais-ven\u00e4l\u00e4inen kauppakamari) sek\u00e4 Suomen ven\u00e4j\u00e4nkielisten demokraattisen yhteis\u00f6n.<\/p>\n","protected":false},"excerpt":{"rendered":"Initiative FoReDi uskoo, ett\u00e4 Ven\u00e4j\u00e4n viranomaisten p\u00e4\u00e4t\u00f6s johtuu siit\u00e4, ett\u00e4 j\u00e4rjest\u00f6 ker\u00e4\u00e4 rahaa Aleksei Navalnyin muistopenkin pystytt\u00e4miseksi Ven\u00e4j\u00e4n&hellip;\n","protected":false},"author":2,"featured_media":54413,"comment_status":"","ping_status":"","sticky":false,"template":"","format":"standard","meta":{"footnotes":""},"categories":[12],"tags":[22,23,26,27,33,31,30,17,104,71,24,25,28,29,15,18,21,32,19,20,56,16,547],"class_list":{"0":"post-54412","1":"post","2":"type-post","3":"status-publish","4":"format-standard","5":"has-post-thumbnail","7":"category-suomi","8":"tag-breaking-news","9":"tag-breakingnews","10":"tag-featured-news","11":"tag-featurednews","12":"tag-fi","13":"tag-finland","14":"tag-finnish","15":"tag-headlines","16":"tag-helsinki","17":"tag-kotimaa","18":"tag-latest-news","19":"tag-latestnews","20":"tag-main-news","21":"tag-mainnews","22":"tag-news","23":"tag-otsikot","24":"tag-paauutiset","25":"tag-suomi","26":"tag-top-stories","27":"tag-topstories","28":"tag-ulkomaat","29":"tag-uutiset","30":"tag-venaja"},"share_on_mastodon":{"url":"","error":""},"_links":{"self":[{"href":"https:\/\/www.europesays.com\/fi\/wp-json\/wp\/v2\/posts\/54412","targetHints":{"allow":["GET"]}}],"collection":[{"href":"https:\/\/www.europesays.com\/fi\/wp-json\/wp\/v2\/posts"}],"about":[{"href":"https:\/\/www.europesays.com\/fi\/wp-json\/wp\/v2\/types\/post"}],"author":[{"embeddable":true,"href":"https:\/\/www.europesays.com\/fi\/wp-json\/wp\/v2\/users\/2"}],"replies":[{"embeddable":true,"href":"https:\/\/www.europesays.com\/fi\/wp-json\/wp\/v2\/comments?post=54412"}],"version-history":[{"count":0,"href":"https:\/\/www.europesays.com\/fi\/wp-json\/wp\/v2\/posts\/54412\/revisions"}],"wp:featuredmedia":[{"embeddable":true,"href":"https:\/\/www.europesays.com\/fi\/wp-json\/wp\/v2\/media\/54413"}],"wp:attachment":[{"href":"https:\/\/www.europesays.com\/fi\/wp-json\/wp\/v2\/media?parent=54412"}],"wp:term":[{"taxonomy":"category","embeddable":true,"href":"https:\/\/www.europesays.com\/fi\/wp-json\/wp\/v2\/categories?post=54412"},{"taxonomy":"post_tag","embeddable":true,"href":"https:\/\/www.europesays.com\/fi\/wp-json\/wp\/v2\/tags?post=54412"}],"curies":[{"name":"wp","href":"https:\/\/api.w.org\/{rel}","templated":true}]}}