{"id":54421,"date":"2025-10-06T13:25:17","date_gmt":"2025-10-06T13:25:17","guid":{"rendered":"https:\/\/www.europesays.com\/fi\/54421\/"},"modified":"2025-10-06T13:25:17","modified_gmt":"2025-10-06T13:25:17","slug":"pori-energia-jakaa-miljoonaosingot-omistajilleen-pori-myi-juuri-ison-siivun-yhtiosta-ruotsiin-satakunta","status":"publish","type":"post","link":"https:\/\/www.europesays.com\/fi\/54421\/","title":{"rendered":"Pori Energia jakaa miljoonaosingot omistajilleen \u2013 Pori myi juuri ison siivun yhti\u00f6st\u00e4 Ruotsiin | Satakunta"},"content":{"rendered":"<p class=\"aw-1gybjub aw-5vja16 cmIuaG zKETg yle__article__paragraph\">Porin kaupunki saa Pori Energiasta osinkoina l\u00e4hes 8,7 miljoonaa euroa kaupungin kassaan.<\/p>\n<p><img decoding=\"async\" alt=\"Py\u00f6r\u00e4tien vieress\u00e4 on kyltti, jossa lukee Pori energia. Kuva on alkusyksyll\u00e4 otettu, ruoho vihert\u00e4\u00e4.\" src=\"https:\/\/www.europesays.com\/fi\/wp-content\/uploads\/2025\/10\/39-134595566dedda9b36bf.jpeg\" class=\"aw-1l9m598 hKVVvP\"\/><\/p>\n<p>Avaa kuvien katselu<\/p>\n<p>Pori Energian omistajat ovat sopineet osingonjaosta. Kuva: Soila Ojanen \/ Yle<\/p>\n<p class=\"aw-1gybjub aw-1p7kakr cmIuaG fmSRng yle__article__paragraph\">Pori Energia maksaa omistajilleen ison osingon. Asiaa k\u00e4sitell\u00e4\u00e4n Porin kaupunginhallituksessa maanantaina.<\/p>\n<p class=\"aw-1gybjub aw-1p7kakr cmIuaG fmSRng yle__article__paragraph\">Porin kaupunki myi <a class=\"aw-iao6s4 iHOxEa yle__article__link\" href=\"https:\/\/yle.fi\/a\/74-20139713\" role=\"link\" rel=\"nofollow noopener\" target=\"_blank\">alkuvuonna<\/a> v\u00e4hemmist\u00f6osuuden s\u00e4hk\u00f6yhti\u00f6st\u00e4 ruotsalaiselle el\u00e4kerahaa sijoittavalle yhti\u00f6lle. Nyt molemmat omistajat ovat sopineet nostavansa Pori Energiasta miljoonaosingot, yhteens\u00e4 17 miljoonaa euroa.<\/p>\n<p class=\"aw-1gybjub aw-1p7kakr cmIuaG fmSRng yle__article__paragraph\">Porin kaupungille t\u00e4m\u00e4 tarkoittaa l\u00e4hes 8,7 miljoonan euron osinkotuloa. Pori on aiemmin ottanut tuottoja yhti\u00f6st\u00e4 sille antamansa lainan korkoina. Osinkoja ei ollut tapana nostaa.<\/p>\n<p>Hinnat nousemassa<\/p>\n<p class=\"aw-1gybjub aw-1p7kakr cmIuaG fmSRng yle__article__paragraph\">Pori Energia ilmoitti<a class=\"aw-iao6s4 iHOxEa yle__article__link\" href=\"https:\/\/yle.fi\/a\/74-20184404\" role=\"link\" rel=\"nofollow noopener\" target=\"_blank\"> juuri \u00e4skett\u00e4in <\/a>nostavansa s\u00e4hk\u00f6n siirtohintoja kustannusten kasvun takia. Porin kaupunginvaltuustossa hintojen nosto her\u00e4tti keskustelua, ja suurin valtuustoryhm\u00e4 SDP <a class=\"aw-iao6s4 iHOxEa yle__article__link\" href=\"https:\/\/yle.fi\/a\/74-20184404\" role=\"link\" rel=\"nofollow noopener\" target=\"_blank\">on ilmoittanut<\/a> vastustavansa hinnankorotusta.<\/p>\n<p class=\"aw-1gybjub aw-1p7kakr cmIuaG fmSRng yle__article__paragraph\">Porin kaupungin taloudenpidolle osingolla on iso merkitys, mutta Pori on silti t\u00e4ll\u00e4 hetkell\u00e4 paljon paremmassa talousasemassa kuin ennen Pori Energia -kauppaa.<\/p>\n<p class=\"aw-1gybjub aw-1p7kakr cmIuaG fmSRng yle__article__paragraph\">Kaupunginjohtaja <strong class=\"aw-ak79eh KyCXm yle__article__strong\">Lauri Inna<\/strong> kuvasi viime viikolla, ett\u00e4 Pori siirtyy <a class=\"aw-iao6s4 iHOxEa yle__article__link\" href=\"https:\/\/yle.fi\/a\/74-20186240\" role=\"link\" rel=\"nofollow noopener\" target=\"_blank\">velanhoidosta varainhoitoon<\/a>, kun se saa sijoitettua energiayhti\u00f6n kaupasta saamansa sadat miljoonat eurot markkinoille. Pori sai v\u00e4hemmist\u00f6osuuden kaupasta l\u00e4hes<a class=\"aw-iao6s4 iHOxEa yle__article__link\" href=\"https:\/\/yle.fi\/a\/74-20185045\" role=\"link\" rel=\"nofollow noopener\" target=\"_blank\"> 366 miljoonaa euroa<\/a>.<\/p>\n","protected":false},"excerpt":{"rendered":"Porin kaupunki saa Pori Energiasta osinkoina l\u00e4hes 8,7 miljoonaa euroa kaupungin kassaan. Avaa kuvien katselu Pori Energian omistajat&hellip;\n","protected":false},"author":2,"featured_media":54422,"comment_status":"","ping_status":"","sticky":false,"template":"","format":"standard","meta":{"footnotes":""},"categories":[76],"tags":[79,77,13080,33,31,30,71,2991,13081,2787,13079,968,13082,32,78,1356],"class_list":{"0":"post-54421","1":"post","2":"type-post","3":"status-publish","4":"format-standard","5":"has-post-thumbnail","7":"category-talous","8":"tag-business","9":"tag-economy","10":"tag-energiayhtiot","11":"tag-fi","12":"tag-finland","13":"tag-finnish","14":"tag-kotimaa","15":"tag-kuntatalous","16":"tag-osingot","17":"tag-pori","18":"tag-pori-energia","19":"tag-satakunta","20":"tag-sijoitustuotot","21":"tag-suomi","22":"tag-talous","23":"tag-yritykset"},"share_on_mastodon":{"url":"","error":""},"_links":{"self":[{"href":"https:\/\/www.europesays.com\/fi\/wp-json\/wp\/v2\/posts\/54421","targetHints":{"allow":["GET"]}}],"collection":[{"href":"https:\/\/www.europesays.com\/fi\/wp-json\/wp\/v2\/posts"}],"about":[{"href":"https:\/\/www.europesays.com\/fi\/wp-json\/wp\/v2\/types\/post"}],"author":[{"embeddable":true,"href":"https:\/\/www.europesays.com\/fi\/wp-json\/wp\/v2\/users\/2"}],"replies":[{"embeddable":true,"href":"https:\/\/www.europesays.com\/fi\/wp-json\/wp\/v2\/comments?post=54421"}],"version-history":[{"count":0,"href":"https:\/\/www.europesays.com\/fi\/wp-json\/wp\/v2\/posts\/54421\/revisions"}],"wp:featuredmedia":[{"embeddable":true,"href":"https:\/\/www.europesays.com\/fi\/wp-json\/wp\/v2\/media\/54422"}],"wp:attachment":[{"href":"https:\/\/www.europesays.com\/fi\/wp-json\/wp\/v2\/media?parent=54421"}],"wp:term":[{"taxonomy":"category","embeddable":true,"href":"https:\/\/www.europesays.com\/fi\/wp-json\/wp\/v2\/categories?post=54421"},{"taxonomy":"post_tag","embeddable":true,"href":"https:\/\/www.europesays.com\/fi\/wp-json\/wp\/v2\/tags?post=54421"}],"curies":[{"name":"wp","href":"https:\/\/api.w.org\/{rel}","templated":true}]}}