{"id":54430,"date":"2025-10-06T13:32:30","date_gmt":"2025-10-06T13:32:30","guid":{"rendered":"https:\/\/www.europesays.com\/fi\/54430\/"},"modified":"2025-10-06T13:32:30","modified_gmt":"2025-10-06T13:32:30","slug":"talta-araljarvi-nayttaa-nykyaan-satelliittikuvassa","status":"publish","type":"post","link":"https:\/\/www.europesays.com\/fi\/54430\/","title":{"rendered":"T\u00e4lt\u00e4 Aralj\u00e4rvi n\u00e4ytt\u00e4\u00e4 nyky\u00e4\u00e4n satelliittikuvassa"},"content":{"rendered":"<p>Suurelta osin kuivunut Aralj\u00e4rven alue on jatkuvassa muutoksessa. Euroopan avaruusj\u00e4rjest\u00f6 julkaisi tuoreen satelliittikuvan entisen suuren j\u00e4rven alueesta aavikoineen ja pysyvine j\u00e4rvineen.&#13;<\/p>\n<p class=\"bodytext\">Kuva on otettu Copernicus-ohjelman Sentinel-2-satelliiteilla, jotka ottavat kuvia laajalla spektrialueella p\u00e4\u00e4asiassa maank\u00e4yt\u00f6n tutkimusta varten.\n<\/p>\n<p>Jokien muutetun vedenk\u00e4yt\u00f6n seurauksena aikoinaan maailman nelj\u00e4nneksi suurin j\u00e4rvi on menett\u00e4nyt yli 90 prosenttia tilavuudestaan verrattuna 1960-luvun alkuun.\n<\/p>\n<p>J\u00e4rven pohjoisosaan muodostettiin vuonna 2005 Kok-Aralin pato, joka on erottanut Pieneksi Aralj\u00e4rveksi kutsutun osan. T\u00e4m\u00e4 on stabiloinut Pienen Aralj\u00e4rven suolaisuuden ja pinnankorkeuden, joka on noussut padon rakentamisen j\u00e4lkeen noin 4 metrill\u00e4.\n<\/p>\n<p>Jokien varrella s\u00e4ilyneiden pienempien j\u00e4rvien arvioidaan v\u00e4hitellen kuivuvan.\n<\/p>\n<p>J\u00e4rven it\u00e4inen osa kuivui kokonaan vuosien 2006 ja 2009 v\u00e4lill\u00e4 ja muodostaa nyky\u00e4\u00e4n suolaisen Aralkumin autiomaan, jota kutsutaan my\u00f6s maapallon uusimmaksi autiomaaksi.\n<\/p>\n<p>ESAlla on sivustollaan selostuksella varustettuja satelliittikuvia Aralj\u00e4rvest\u00e4 my\u00f6s <a href=\"https:\/\/www.esa.int\/ESA_Multimedia\/Images\/2019\/01\/Proba-V_view_of_Aral_Sea\" target=\"_blank\" rel=\"noreferrer nofollow noopener\">kes\u00e4kuulta 2018<\/a>, <a href=\"https:\/\/www.esa.int\/ESA_Multimedia\/Images\/2014\/05\/Aral_Sea\" target=\"_blank\" rel=\"noreferrer nofollow noopener\">toukokuulta 2014<\/a>, <a href=\"https:\/\/www.esa.int\/Applications\/Observing_the_Earth\/Earth_from_Space_Declining_Aral_Sea\" target=\"_blank\" rel=\"noreferrer nofollow noopener\">hein\u00e4kuulta 2009<\/a>, <a href=\"https:\/\/www.esa.int\/ESA_Multimedia\/Images\/2006\/07\/The_Aral_Sea_as_seen_by_Envisat\" target=\"_blank\" rel=\"noreferrer nofollow noopener\">hein\u00e4kuulta 2006<\/a> ja <a href=\"https:\/\/www.esa.int\/ESA_Multimedia\/Images\/2003\/08\/Aral_Sea_-_MERIS_9_July_2003\" target=\"_blank\" rel=\"noreferrer nofollow noopener\">kes\u00e4kuulta 2003<\/a>.\n<\/p>\n<p><a href=\"https:\/\/www.esa.int\/ESA_Multimedia\/Images\/2025\/04\/Earth_from_Space_The_shrinking_Aral_Sea\" target=\"_blank\" rel=\"noreferrer nofollow noopener\">Aiheesta lis\u00e4\u00e4 ESA<\/a> (englanniksi)<\/p>\n","protected":false},"excerpt":{"rendered":"Suurelta osin kuivunut Aralj\u00e4rven alue on jatkuvassa muutoksessa. Euroopan avaruusj\u00e4rjest\u00f6 julkaisi tuoreen satelliittikuvan entisen suuren j\u00e4rven alueesta aavikoineen&hellip;\n","protected":false},"author":2,"featured_media":54431,"comment_status":"","ping_status":"","sticky":false,"template":"","format":"standard","meta":{"footnotes":""},"categories":[114],"tags":[453,33,31,30,118,452,32,119],"class_list":{"0":"post-54430","1":"post","2":"type-post","3":"status-publish","4":"format-standard","5":"has-post-thumbnail","7":"category-avaruus","8":"tag-avaruus","9":"tag-fi","10":"tag-finland","11":"tag-finnish","12":"tag-science","13":"tag-space","14":"tag-suomi","15":"tag-tiede"},"share_on_mastodon":{"url":"","error":""},"_links":{"self":[{"href":"https:\/\/www.europesays.com\/fi\/wp-json\/wp\/v2\/posts\/54430","targetHints":{"allow":["GET"]}}],"collection":[{"href":"https:\/\/www.europesays.com\/fi\/wp-json\/wp\/v2\/posts"}],"about":[{"href":"https:\/\/www.europesays.com\/fi\/wp-json\/wp\/v2\/types\/post"}],"author":[{"embeddable":true,"href":"https:\/\/www.europesays.com\/fi\/wp-json\/wp\/v2\/users\/2"}],"replies":[{"embeddable":true,"href":"https:\/\/www.europesays.com\/fi\/wp-json\/wp\/v2\/comments?post=54430"}],"version-history":[{"count":0,"href":"https:\/\/www.europesays.com\/fi\/wp-json\/wp\/v2\/posts\/54430\/revisions"}],"wp:featuredmedia":[{"embeddable":true,"href":"https:\/\/www.europesays.com\/fi\/wp-json\/wp\/v2\/media\/54431"}],"wp:attachment":[{"href":"https:\/\/www.europesays.com\/fi\/wp-json\/wp\/v2\/media?parent=54430"}],"wp:term":[{"taxonomy":"category","embeddable":true,"href":"https:\/\/www.europesays.com\/fi\/wp-json\/wp\/v2\/categories?post=54430"},{"taxonomy":"post_tag","embeddable":true,"href":"https:\/\/www.europesays.com\/fi\/wp-json\/wp\/v2\/tags?post=54430"}],"curies":[{"name":"wp","href":"https:\/\/api.w.org\/{rel}","templated":true}]}}