{"id":54432,"date":"2025-10-06T13:38:09","date_gmt":"2025-10-06T13:38:09","guid":{"rendered":"https:\/\/www.europesays.com\/fi\/54432\/"},"modified":"2025-10-06T13:38:09","modified_gmt":"2025-10-06T13:38:09","slug":"mitka-samsung-laitteet-saivat-uuden-paivityksen-viikko-40-2025-samsung-magazine","status":"publish","type":"post","link":"https:\/\/www.europesays.com\/fi\/54432\/","title":{"rendered":"Mitk\u00e4 Samsung-laitteet saivat uuden p\u00e4ivityksen (viikko 40, 2025) \u2013 Samsung Magazine"},"content":{"rendered":"<p class=\"gt-block\">T\u00e4ss\u00e4 on luettelo Samsungin laitteista, joka sai ohjelmistop\u00e4ivityksen 29. syyskuuta &#8211; 3. lokakuuta. Erityisesti puhuen Galaxy S23, Galaxy S23 FE, Galaxy Z Fold5, Galaxy Z Flip5, Galaxy A36, Galaxy A35, Galaxy A55, Galaxy A54, Galaxy A34, Galaxy A26, Galaxy A17 5G, Galaxy A16, Galaxy A15, Galaxy M16 5G, Galaxy Tab S10, Galaxy Tab S9, Galaxy Tab S10 FE, Galaxy Z Fold4 Galaxy Z Flip4.<\/p>\n<p>Kaikille yll\u00e4 luetelluille puhelimille ja tableteille paitsi palapeleille Galaxy Z Fold4 Z Flip4 Samsung alkoi julkaista vakaata p\u00e4ivityst\u00e4 One UI 8. Sarjassa Galaxy S23 sis\u00e4lt\u00e4\u00e4 laiteohjelmistoversion <strong>S91xBXXU8EYI5<\/strong> ja levi\u00e4\u00e4 parhaillaan joissakin Euroopan maissa, kuten Saksassa tai Ranskassa, Galaxy S23 FE versio <strong>S711BXXUAFYI6<\/strong> ja se on nyt saatavilla Euroopassa osoitteessa Galaxy Z Foldu5 ja Z Flipu5 versio<strong> F946NKSU5FYI8<\/strong> ja oli ensimm\u00e4inen, joka &#8221;laskuutui&#8221; Etel\u00e4-Koreaan, u Galaxy A36 versio <strong>A366BXXU4BYI7<\/strong> ja Etel\u00e4-Koreasta se p\u00e4\u00e4si Eurooppaan ja Turkkiin, Galaxy A35 versio <strong>A356NKSU5CYI8<\/strong> ja ilmestyi ensimm\u00e4isen kerran Samsungin kotimaassa osoitteessa Galaxy A55 versio <strong>A556SKSU6CYI6<\/strong> ja se oli ensimm\u00e4isen kerran saatavilla Etel\u00e4-Koreassa klo Galaxy A54 versio<strong> A546SKSUCEYI5<\/strong> ja h\u00e4n oli ensimm\u00e4inen, joka katsoi my\u00f6s Etel\u00e4-Koreaa, Galaxy A34 versio <strong>A346NKSUAEYI7<\/strong> ja oli ensimm\u00e4inen, joka saapui vaihteeksi Etel\u00e4-Koreaan, Galaxy A26 versio <strong>A266BXXU4BYI2<\/strong> ja t\u00e4ll\u00e4 hetkell\u00e4 se on saatavilla Vietnamissa osoitteessa Galaxy A17 5G versio <strong>A176BXXU2BYID<\/strong> ja he olivat ensimm\u00e4iset, jotka &#8221;koskivat&#8221; sit\u00e4 Vietnamissa, tapauksessa, jossa Galaxy A16 ja A15 ovat t\u00e4ll\u00e4 hetkell\u00e4 saatavilla Etel\u00e4-Koreassa. Galaxy M16 5G:ss\u00e4 on laiteohjelmistoversio <strong>M166SKSU3BYI8<\/strong> ja oli ensimm\u00e4inen, joka saapui Etel\u00e4-Koreaan useiden Galaxy Tab S10 versiolla <strong>X820XXU4CYI5<\/strong>\/<strong>X820OXM4CYI5<\/strong> (malli Galaxy Tab S10 +) ja se oli ensimm\u00e4isen kerran saatavilla Etel\u00e4-Koreassa sarjana Galaxy Tab S9 &#8221;kaapattiin&#8221; uudelleen Samsungin kotimaassa ja sarjassa Galaxy Tab S10 FE:n voi tunnistaa laiteohjelmistoversiosta, joka p\u00e4\u00e4ttyy <strong>BYI7<\/strong> ja saapui ensimm\u00e4isen\u00e4 Etel\u00e4-Koreaan.<\/p>\n<p class=\"gt-block\">Joustavista puhelimista Galaxy Z Fold4 Z Flip4, jotka ovat alkaneet saada syyskuun tietoturvakorjauksen. Ensimm\u00e4isess\u00e4 on laiteohjelmistoversio <strong>F936BXXSAHYI1<\/strong> ja t\u00e4ll\u00e4 hetkell\u00e4 se levi\u00e4\u00e4 ymp\u00e4ri Eurooppaa ja toisessa versiossa <strong>F721BXXSAHYI1<\/strong> ja n\u00e4in\u00e4 p\u00e4ivin\u00e4 sit\u00e4 otetaan k\u00e4ytt\u00f6\u00f6n my\u00f6s vanhalla mantereella.<\/p>\n<p>Syyskuun tietoturvap\u00e4ivitys sis\u00e4lt\u00e4\u00e4 yhteens\u00e4 71 Googlen toimittamaa Android-korjausta ja 25 korjausta seuraaviin ongelmiin: One UIjotka liittyv\u00e4t laitteeseen GalaxyMy\u00f6s yksi korjaus saatiin korealaisen j\u00e4ttil\u00e4isen puolijohdeosastolta.<\/p>\n<p>                                <a href=\"https:\/\/samsungmagazine.eu\/fi\/2025\/10\/02\/toto-je-5-nejzajimavejsich-funkci-one-ui-8-5\/\" class=\"thumbnail\" title=\"N\u00e4m\u00e4 ovat viisi mielenkiintoista ominaisuutta One UI 8.5\" rel=\"nofollow noopener\" target=\"_blank\"><\/p>\n<p>    <img decoding=\"async\" class=\"lazyload landscape \"  data- src=\"https:\/\/www.europesays.com\/fi\/wp-content\/uploads\/2025\/10\/One-UI-cover-2.jpg\" title=\"One UI kansi 2\" alt=\"One UI kansi 2\" data-caption=\"\" data-orig-width=\"1900\" data-orig-height=\"1425\"\/><br \/>\n                    <\/a><\/p>\n<p class=\"gt-block\">Uusin tietoturvakorjaus korjaa kaksi kriittist\u00e4 ja 58 korkean riskin Android-haavoittuvuutta. Yksi n\u00e4ist\u00e4 korjauksista sis\u00e4ltyi jo aiempiin p\u00e4ivityksiin, kun taas kymmenen ei vaikuta laitteeseen. Galaxy.<\/p>\n<p class=\"gt-block\">Samsung on my\u00f6s korjannut haavoittuvuuden SVE-2024-2288 (CVE-2025-21032). T\u00e4st\u00e4 haavoittuvuudesta ilmoitettiin viime vuoden joulukuussa, ja se vaikutti laitteisiin. Galaxy yl\u00e4rakenteiden kanssa One UI 6 One UI 7. <strong>Saattoi olla ottanut k\u00e4ytt\u00f6\u00f6n v\u00e4\u00e4r\u00e4n k\u00e4ytt\u00f6oikeuksien hallinnan k\u00e4ynnistysohjelmassa One UI Home.<\/strong><\/p>\n","protected":false},"excerpt":{"rendered":"T\u00e4ss\u00e4 on luettelo Samsungin laitteista, joka sai ohjelmistop\u00e4ivityksen 29. syyskuuta &#8211; 3. lokakuuta. Erityisesti puhuen Galaxy S23, Galaxy&hellip;\n","protected":false},"author":2,"featured_media":1037,"comment_status":"","ping_status":"","sticky":false,"template":"","format":"standard","meta":{"footnotes":""},"categories":[86],"tags":[420,33,31,30,421,32,91,92],"class_list":{"0":"post-54432","1":"post","2":"type-post","3":"status-publish","4":"format-standard","5":"has-post-thumbnail","7":"category-laitteet","8":"tag-equipment","9":"tag-fi","10":"tag-finland","11":"tag-finnish","12":"tag-laitteet","13":"tag-suomi","14":"tag-technology","15":"tag-teknologia"},"share_on_mastodon":{"url":"","error":""},"_links":{"self":[{"href":"https:\/\/www.europesays.com\/fi\/wp-json\/wp\/v2\/posts\/54432","targetHints":{"allow":["GET"]}}],"collection":[{"href":"https:\/\/www.europesays.com\/fi\/wp-json\/wp\/v2\/posts"}],"about":[{"href":"https:\/\/www.europesays.com\/fi\/wp-json\/wp\/v2\/types\/post"}],"author":[{"embeddable":true,"href":"https:\/\/www.europesays.com\/fi\/wp-json\/wp\/v2\/users\/2"}],"replies":[{"embeddable":true,"href":"https:\/\/www.europesays.com\/fi\/wp-json\/wp\/v2\/comments?post=54432"}],"version-history":[{"count":0,"href":"https:\/\/www.europesays.com\/fi\/wp-json\/wp\/v2\/posts\/54432\/revisions"}],"wp:featuredmedia":[{"embeddable":true,"href":"https:\/\/www.europesays.com\/fi\/wp-json\/wp\/v2\/media\/1037"}],"wp:attachment":[{"href":"https:\/\/www.europesays.com\/fi\/wp-json\/wp\/v2\/media?parent=54432"}],"wp:term":[{"taxonomy":"category","embeddable":true,"href":"https:\/\/www.europesays.com\/fi\/wp-json\/wp\/v2\/categories?post=54432"},{"taxonomy":"post_tag","embeddable":true,"href":"https:\/\/www.europesays.com\/fi\/wp-json\/wp\/v2\/tags?post=54432"}],"curies":[{"name":"wp","href":"https:\/\/api.w.org\/{rel}","templated":true}]}}