{"id":54443,"date":"2025-10-06T13:54:10","date_gmt":"2025-10-06T13:54:10","guid":{"rendered":"https:\/\/www.europesays.com\/fi\/54443\/"},"modified":"2025-10-06T13:54:10","modified_gmt":"2025-10-06T13:54:10","slug":"lahden-koulupuukottaja-pakenee","status":"publish","type":"post","link":"https:\/\/www.europesays.com\/fi\/54443\/","title":{"rendered":"Lahden koulupuukottaja pakenee"},"content":{"rendered":"<p>Oppilas puukotti toista oppilasta maanantaina Salpaussel\u00e4n koulussa. Puukottaja pakenee.<\/p>\n<p><a href=\"https:\/\/www.iltalehti.fi\/kirjoittajat\/Joonas Alanne\" rel=\"nofollow noopener\" target=\"_blank\"><img decoding=\"async\" class=\"author-image-img\" alt=\"Tekij\u00e4n kuva\" src=\"https:\/\/www.europesays.com\/fi\/wp-content\/uploads\/2025\/09\/447bc84124e8c37fe8add0db850cf687be1e20e644d00f15269ad984c1036aad.png\"\/><\/a><a href=\"https:\/\/www.iltalehti.fi\/kirjoittajat\/Sofia H\u00e4nninen\" rel=\"nofollow noopener\" target=\"_blank\"><img decoding=\"async\" class=\"author-image-img\" alt=\"Tekij\u00e4n kuva\" src=\"https:\/\/www.europesays.com\/fi\/wp-content\/uploads\/2025\/10\/9b84bb3e67b61cb19b6f49f09abaf11eb10b3b3143bb37815ce5b2d34277af9d.png\"\/><\/a><\/p>\n<p>T\u00e4n\u00e4\u00e4n klo 14:40 (p\u00e4ivitetty klo 16:06)<\/p>\n<p class=\"paragraph\">Oppilas puukotti toista oppilasta k\u00e4teen Salpaussel\u00e4n koulussa Lahdessa maanantaina. Poliisin mukaan tapahtumia edelsi kahden 15-vuotiaan oppilaan v\u00e4linen sanaharkka.<\/p>\n<p class=\"paragraph\">Sanaharkka eskaloitui fyysiseksi tappeluksi. Toinen oppilaista oli ottanut ter\u00e4aseen esiin ja ly\u00f6nyt sill\u00e4 sanaharkan toista osapuolta.<\/p>\n<p><img decoding=\"async\" class=\"image image-show image-preview\" src=\"https:\/\/www.europesays.com\/fi\/wp-content\/uploads\/2025\/10\/59fe3d2da1c1aec73128d3560b47c9d72bd3af1a632d1f9ea3d306093ce063b7.jpg\" alt=\"\"\/><img decoding=\"async\" class=\"image image-show\" src=\"https:\/\/www.europesays.com\/fi\/wp-content\/uploads\/2025\/10\/1759758850_0_59fe3d2da1c1aec73128d3560b47c9d72bd3af1a632d1f9ea3d306093ce063b7.jpg\" alt=\"\"\/><\/p>\n<p>Loukkaantunut lapsi vietiin sairaalaan tarkistettavaksi, kertoo Salpaussel\u00e4n koulun rehteri Wilma-viestiss\u00e4. Lukijan kuva<\/p>\n<p class=\"paragraph\">Uhri sai osuman k\u00e4teens\u00e4. H\u00e4n loukkaantui poliisin mukaan liev\u00e4sti. H\u00e4net kuljetettiin sairaalaan hoidattamaan saamaansa vammaa.<\/p>\n<p class=\"paragraph\">Tekonsa j\u00e4lkeen ep\u00e4ilty 15-vuotias puukottaja poistui koululla. Tekij\u00e4 ei ole poliisin hallussa ja h\u00e4nen etsint\u00e4\u00e4ns\u00e4 jatketaan.<\/p>\n<p class=\"paragraph\">Poliisi on kirjannut asiasta rikosilmoituksen rikosnimikkeell\u00e4 tapon yritys.<\/p>\n<p>\u201dEi v\u00e4lit\u00f6nt\u00e4 vaaraa\u201d<\/p>\n<p>Koulu l\u00e4hetti puukotuksesta Wilma-viestin oppilaille ja vanhemmille maanantaina. Kuvakaappaus Wilma-viestist\u00e4<\/p>\n<p class=\"paragraph\">Tapahtumien kulku selvi\u00e4\u00e4 Iltalehden n\u00e4kem\u00e4st\u00e4 Wilma-viestist\u00e4, jossa kerrotaan puukotuksesta. Viesti on osoitettu koulun oppilaille ja heid\u00e4n huoltajilleen.<\/p>\n<p class=\"paragraph\">Viestin mukaan puukotus tapahtui kello 12.45 eli keskell\u00e4 p\u00e4iv\u00e4\u00e4 koulun k\u00e4yt\u00e4v\u00e4ll\u00e4. Viestin mukaan ensihoito k\u00e4vi paikalla tarkastamassa oppilaan v\u00e4litt\u00f6m\u00e4sti tapahtuneen j\u00e4lkeen.<\/p>\n<p class=\"paragraph\">\u2013 Oppilaalla ei ole v\u00e4lit\u00f6nt\u00e4 vaaraa, viestiss\u00e4 kerrotaan.<\/p>\n<p class=\"paragraph\">Lahden kaupungin mukaan rehtori kuulutti tapahtumista ja koulup\u00e4iv\u00e4n turvallisesta jatkumisesta tilanteen menty\u00e4 ohi.<\/p>\n<p class=\"paragraph\">\u2013 Tapahtumassa osallisena olleiden oppilaiden huoltajiin on oltu yhteydess\u00e4. Tapahtunutta k\u00e4sitell\u00e4\u00e4n koulussa perusteellisesti oppilaiden kanssa, kerrotaan kaupungin tiedotteessa.<\/p>\n<p class=\"paragraph\">Tilanteella oli silminn\u00e4kij\u00f6it\u00e4. Salpaussel\u00e4n peruskoulussa on noin 660 oppilasta. Koulussa on yl\u00e4luokat 7.\u20139. sek\u00e4 Tuva-opetusta eli tutkintokoulutukseen valmentavaa opetusta.<\/p>\n<p class=\"paragraph\">Asiasta kertoi aiemmin <a href=\"https:\/\/www.is.fi\/kotimaa\/art-2000011541368.html\" target=\"_blank\" rel=\"noopener nofollow\">Ilta-Sanomat<\/a>.<\/p>\n<p>Oppilas joutui toisen oppilaan puukottamaksi maanantaina koulup\u00e4iv\u00e4n aikana Lahdessa. Lukijan kuva<\/p>\n","protected":false},"excerpt":{"rendered":"Oppilas puukotti toista oppilasta maanantaina Salpaussel\u00e4n koulussa. Puukottaja pakenee. T\u00e4n\u00e4\u00e4n klo 14:40 (p\u00e4ivitetty klo 16:06) Oppilas puukotti toista&hellip;\n","protected":false},"author":2,"featured_media":54444,"comment_status":"","ping_status":"","sticky":false,"template":"","format":"standard","meta":{"footnotes":""},"categories":[5],"tags":[35,22,23,26,27,33,31,30,17,96,757,100,24,25,28,29,15,18,21,98,103,32,19,20,16],"class_list":{"0":"post-54443","1":"post","2":"type-post","3":"status-publish","4":"format-standard","5":"has-post-thumbnail","7":"category-otsikot","8":"tag-24h","9":"tag-breaking-news","10":"tag-breakingnews","11":"tag-featured-news","12":"tag-featurednews","13":"tag-fi","14":"tag-finland","15":"tag-finnish","16":"tag-headlines","17":"tag-koulutus","18":"tag-koulutus-ja-kasvatus","19":"tag-lapset-ja-nuoret","20":"tag-latest-news","21":"tag-latestnews","22":"tag-main-news","23":"tag-mainnews","24":"tag-news","25":"tag-otsikot","26":"tag-paauutiset","27":"tag-perhe","28":"tag-sosiaalikysymykset","29":"tag-suomi","30":"tag-top-stories","31":"tag-topstories","32":"tag-uutiset"},"share_on_mastodon":{"url":"","error":""},"_links":{"self":[{"href":"https:\/\/www.europesays.com\/fi\/wp-json\/wp\/v2\/posts\/54443","targetHints":{"allow":["GET"]}}],"collection":[{"href":"https:\/\/www.europesays.com\/fi\/wp-json\/wp\/v2\/posts"}],"about":[{"href":"https:\/\/www.europesays.com\/fi\/wp-json\/wp\/v2\/types\/post"}],"author":[{"embeddable":true,"href":"https:\/\/www.europesays.com\/fi\/wp-json\/wp\/v2\/users\/2"}],"replies":[{"embeddable":true,"href":"https:\/\/www.europesays.com\/fi\/wp-json\/wp\/v2\/comments?post=54443"}],"version-history":[{"count":0,"href":"https:\/\/www.europesays.com\/fi\/wp-json\/wp\/v2\/posts\/54443\/revisions"}],"wp:featuredmedia":[{"embeddable":true,"href":"https:\/\/www.europesays.com\/fi\/wp-json\/wp\/v2\/media\/54444"}],"wp:attachment":[{"href":"https:\/\/www.europesays.com\/fi\/wp-json\/wp\/v2\/media?parent=54443"}],"wp:term":[{"taxonomy":"category","embeddable":true,"href":"https:\/\/www.europesays.com\/fi\/wp-json\/wp\/v2\/categories?post=54443"},{"taxonomy":"post_tag","embeddable":true,"href":"https:\/\/www.europesays.com\/fi\/wp-json\/wp\/v2\/tags?post=54443"}],"curies":[{"name":"wp","href":"https:\/\/api.w.org\/{rel}","templated":true}]}}