{"id":54461,"date":"2025-10-06T14:21:10","date_gmt":"2025-10-06T14:21:10","guid":{"rendered":"https:\/\/www.europesays.com\/fi\/54461\/"},"modified":"2025-10-06T14:21:10","modified_gmt":"2025-10-06T14:21:10","slug":"luonnonkukkaniitty-voi-syntya-vahalla-vaivalla-perusta-se-ennen-pakkasia-kainuu","status":"publish","type":"post","link":"https:\/\/www.europesays.com\/fi\/54461\/","title":{"rendered":"Luonnonkukkaniitty voi synty\u00e4 v\u00e4h\u00e4ll\u00e4 vaivalla \u2013 perusta se ennen pakkasia | Kainuu"},"content":{"rendered":"<p class=\"aw-1gybjub aw-5vja16 cmIuaG zKETg yle__article__paragraph\">Oman niityn ehtii perustaa viel\u00e4 ennen maan j\u00e4\u00e4tymist\u00e4. Pelkk\u00e4 niitto ja hein\u00e4n poistaminen voi riitt\u00e4\u00e4, eik\u00e4 aloittelijan niityn tarvitse olla koolla pilattu.<\/p>\n<p>Toimittaja Juha Kemppainen kokeili, kuinka oman niityn tekeminen onnistuu. Video: Timo Sihvonen \/ Yle<\/p>\n<p class=\"aw-1gybjub aw-1p7kakr cmIuaG fmSRng yle__article__paragraph\">Perinteisen maatalouden seurauksena syntyneet biotoopit ovat v\u00e4hentyneet dramaattisesti.<\/p>\n<p class=\"aw-1gybjub aw-1p7kakr cmIuaG fmSRng yle__article__paragraph\">Esimerkiksi luonnonkukkien 1960-luvun kasvuymp\u00e4rist\u00f6ist\u00e4 on j\u00e4ljell\u00e4 en\u00e4\u00e4 kymmenesosa. Vuosisadan aikana tuho on ollut liki t\u00e4ydellinen: 1800-luvun lopun perinneymp\u00e4rist\u00f6ist\u00e4 on s\u00e4ilynyt yksi prosentti, kertoo Maa- ja kotitalousnaisten ymp\u00e4rist\u00f6asiantuntija <strong class=\"aw-ak79eh KyCXm yle__article__strong\">Taru Koskinen<\/strong>.<\/p>\n<p class=\"aw-1gybjub aw-1p7kakr cmIuaG fmSRng yle__article__paragraph\">Puolangan Siikavaaralla ymp\u00e4rist\u00f6kasvattaja <strong class=\"aw-ak79eh KyCXm yle__article__strong\">Riitta Nyk\u00e4sen<\/strong> tiluksilla niittykasvien siemenet ovat uinuneet h\u00e4nen rintamamiestaloaan ymp\u00e4r\u00f6iv\u00e4ss\u00e4 maaper\u00e4ss\u00e4. Kun pihan ruohoa ei en\u00e4\u00e4 leikattu jatkuvasti vaan alettiin niitt\u00e4\u00e4 kerran kes\u00e4ss\u00e4, kukkakasvit p\u00e4\u00e4siv\u00e4t kasvamaan.<\/p>\n<p><img decoding=\"async\" alt=\"Riitta Nyk\u00e4sen pihaniitty on syntynyt niitt\u00e4m\u00e4ll\u00e4 ja poistamalla hein\u00e4t. Vanhan tilan maaper\u00e4ss\u00e4 uinuneet siemenet p\u00e4\u00e4siv\u00e4t n\u00e4in kasvamaan.  \" src=\"https:\/\/www.europesays.com\/fi\/wp-content\/uploads\/2025\/10\/39-152874268d53fad9fe5a.jpeg\" loading=\"lazy\" class=\"aw-1l9m598 hKVVvP\"\/><\/p>\n<p>Avaa kuvien katselu<\/p>\n<p>Riitta Nyk\u00e4sen pihapiriiss\u00e4 on hyv\u00e4 niittykasvien siemenpankki. Kuva: Timo Sihvonen \/ Yle<\/p>\n<p class=\"aw-1gybjub aw-1p7kakr cmIuaG fmSRng yle__article__paragraph\">Nyk\u00e4nen kertoo, ett\u00e4 hein\u00e4t tukehduttavat herk\u00e4sti muun lajiston.<\/p>\n<p class=\"aw-1gybjub aw-1p7kakr cmIuaG fmSRng yle__article__paragraph\">\u2013 Monimuotoisuus t\u00e4ss\u00e4 on itsen\u00e4ist\u00e4 ja pysyv\u00e4\u00e4. T\u00e4llaisten vanhojen talojen pihapiiriss\u00e4 on usein niin hyv\u00e4 siemenpankki, ett\u00e4 ei tarvitse tehd\u00e4 muuta kuin niitt\u00e4\u00e4, Nyk\u00e4nen opastaa.<\/p>\n<p><img decoding=\"async\" alt=\"Ketonoidanlukko edustaa harvinaisia ja v\u00e4henevi\u00e4 noidanlukko-saniaisia ja on silm\u00e4ll\u00e4pidett\u00e4v\u00e4 laji. T\u00e4m\u00e4kin yksil\u00f6 kasvaa Riitta Nyk\u00e4sen kotipihassa.\" src=\"https:\/\/www.europesays.com\/fi\/wp-content\/uploads\/2025\/10\/39-152867468d5327ee2c33.jpeg\" loading=\"lazy\" class=\"aw-1l9m598 hKVVvP\"\/><\/p>\n<p>Avaa kuvien katselu<\/p>\n<p>Ketonoidanlukko edustaa harvinaisia ja v\u00e4henevi\u00e4 noidanlukko-saniaisia ja on silm\u00e4ll\u00e4pidett\u00e4v\u00e4 laji. T\u00e4m\u00e4kin yksil\u00f6 kasvaa Riitta Nyk\u00e4sen kotipihassa. Kuva: Riitta Nyk\u00e4nen<\/p>\n<p class=\"aw-1gybjub aw-1p7kakr cmIuaG fmSRng yle__article__paragraph\">Jos tontilla on pitk\u00e4 asuttu historia, kaikki niittyyn tarvittava voi lymyt\u00e4 jo valmiina maan alla.<\/p>\n<p class=\"aw-1gybjub aw-1p7kakr cmIuaG fmSRng yle__article__paragraph\">\u2013 Kannattaa muutama vuosi katsoa ennen kuin rupeaa kaivelemaan. Siell\u00e4 voi olla siemenpankki.<\/p>\n<p class=\"aw-1gybjub aw-1p7kakr cmIuaG fmSRng yle__article__paragraph\">Riitta Nyk\u00e4sen pihaniityn maaper\u00e4st\u00e4 ovat nousseet muun muassa kurjenpolvi, puna-ailakki, mets\u00e4orvokki, puna-apila sek\u00e4 kumina.<\/p>\n<p><img decoding=\"async\" alt=\"Kes\u00e4auringossa kylpevi\u00e4 ketoneilikoita. Laji on kuivien niittyjen ja jopa paahteisten paikkojen kasvi.\" src=\"https:\/\/www.europesays.com\/fi\/wp-content\/uploads\/2025\/10\/39-152867268d5327bbc20b.jpeg\" loading=\"lazy\" class=\"aw-1l9m598 hKVVvP\"\/><\/p>\n<p>Avaa kuvien katselu<\/p>\n<p>Kes\u00e4auringossa kylpevi\u00e4 ketoneilikoita Riitta Nyk\u00e4sen pihamaalla. Laji on kuivien niittyjen ja jopa paahteisten paikkojen kasvi. Kuva: Riitta Nyk\u00e4nen<\/p>\n<p class=\"aw-1gybjub aw-1p7kakr cmIuaG fmSRng yle__article__paragraph\">Koti- ja maatalousnaisten ymp\u00e4rist\u00f6asiantuntija <strong class=\"aw-ak79eh KyCXm yle__article__strong\">Taru Koskisen<\/strong> mukaan jokainen voi kantaa kortensa kekoon. Oman pienenkin niityn voi perustaa k\u00e4yt\u00e4nn\u00f6ss\u00e4 mihin tahansa.<\/p>\n<p class=\"aw-1gybjub aw-1p7kakr cmIuaG fmSRng yle__article__paragraph\">\u2013 Jos omaa pihamaata ei ole, tai sellaista vaikka naapurustossa, niin ainahan voi vaikuttaa vaikka omaan taloyhti\u00f6\u00f6n, olisiko taloyhti\u00f6n pihamaalla kulmaus, mihin niityn voisi perustaa?<\/p>\n<p class=\"aw-1gybjub aw-1p7kakr cmIuaG fmSRng yle__article__paragraph\">Syksy on erinomainen aika luonnonkukkaniityn perustamiseen. Ymp\u00e4rist\u00f6kasvattaja Riitta Nyk\u00e4nen kertoo vinkit, kuinka p\u00e4\u00e4set alkuun.<\/p>\n<p class=\"aw-1gybjub aw-1p7kakr cmIuaG fmSRng yle__article__paragraph\"><strong class=\"aw-ak79eh KyCXm yle__article__strong\">Kuinka my\u00f6h\u00e4\u00e4n syksyll\u00e4 ehtii viel\u00e4 perustaa oman luonnonkukkaniityn?<\/strong><\/p>\n<p class=\"aw-1gybjub aw-1p7kakr cmIuaG fmSRng yle__article__paragraph\">\u2013 Ennen kunnon pakkasia ja maan j\u00e4\u00e4tymist\u00e4 se pit\u00e4isi tehd\u00e4.<\/p>\n<p class=\"aw-1gybjub aw-1p7kakr cmIuaG fmSRng yle__article__paragraph\">\u2013 Monet meid\u00e4n lajit tarvitsevat kylm\u00e4n talven, ett\u00e4 siemenet osaavat it\u00e4\u00e4 kev\u00e4\u00e4ll\u00e4. Tarvittaessa pinnasta poistettava hein\u00e4kuntta on jo asettunut talvilepoon. Se ei en\u00e4\u00e4 kasva.<\/p>\n<p><img decoding=\"async\" alt=\"Keskikes\u00e4n pihaniityn luonnonkukkaloistoa Riitta Nyk\u00e4sen kotipihalla Puolangalla.\" src=\"https:\/\/www.europesays.com\/fi\/wp-content\/uploads\/2025\/10\/39-152867068d532776b784.jpeg\" loading=\"lazy\" class=\"aw-1l9m598 hKVVvP\"\/><\/p>\n<p>Avaa kuvien katselu<\/p>\n<p>Keskikes\u00e4n pihaniityn luonnonkukkaloistoa Riitta Nyk\u00e4sen kotipihalla Puolangalla. Kuva: Riitta Nyk\u00e4nen<\/p>\n<p class=\"aw-1gybjub aw-1p7kakr cmIuaG fmSRng yle__article__paragraph\"><strong class=\"aw-ak79eh KyCXm yle__article__strong\">Loppukes\u00e4 on paras aika l\u00f6yt\u00e4\u00e4 luonnonkasvien siemeni\u00e4. Siementen ker\u00e4\u00e4misen aika alkaa olla jo ohi, mutta voiko siemeni\u00e4 ostaa tai tilata?<\/strong><\/p>\n<p class=\"aw-1gybjub aw-1p7kakr cmIuaG fmSRng yle__article__paragraph\">\u2013 Kyll\u00e4 pystyy, mutta pit\u00e4\u00e4 olla tosi varovainen, ett\u00e4 tilaa sellaisia, joissa kaikki kasvit ovat luonnonvaraisia. Jos haluamme lis\u00e4t\u00e4 h\u00e4vi\u00e4m\u00e4ss\u00e4 olevien keto- ja niittykasvien kasvupaikkoja, kannattaa olla my\u00f6s tarkka, ett\u00e4 kasvit selvi\u00e4v\u00e4t sill\u00e4 kasvillisuusvy\u00f6hykkeell\u00e4 miss\u00e4 ollaan.<\/p>\n<p class=\"aw-1gybjub aw-1p7kakr cmIuaG fmSRng yle__article__paragraph\"><strong class=\"aw-ak79eh KyCXm yle__article__strong\">Voiko niityn tai kedon perustaa omalle pihanurmelle? Onko nurmikon h\u00e4vitt\u00e4minen ainoa tapa tehd\u00e4 pihanurmesta niitty tai keto?<\/strong><\/p>\n<p class=\"aw-1gybjub aw-1p7kakr cmIuaG fmSRng yle__article__paragraph\">\u2013 Jos se on ollut nurmikkona kauan, se on usein murha. Nurmikko kasvatetaan tihe\u00e4ksi, tasaiseksi ja sit\u00e4 hoidetaan monokulttuurina.<\/p>\n<p><img decoding=\"async\" alt=\"Avoin k\u00e4si pitelee kasassa siemeni\u00e4 ulkona vihre\u00e4ll\u00e4 taustalla.\" src=\"https:\/\/www.europesays.com\/fi\/wp-content\/uploads\/2025\/10\/39-153319868dfd6f2ed478.jpeg\" loading=\"lazy\" class=\"aw-1l9m598 hKVVvP\"\/><\/p>\n<p>Avaa kuvien katselu<\/p>\n<p>T\u00e4ss\u00e4 siemenseoksessa on 11 kotimaista lajia, muun muassa hein\u00e4t\u00e4htim\u00f6, niittyleinikki, puna-ailakki ja p\u00e4iv\u00e4nkakkara. Kuva: Timo Valtteri Sihvonen \/ Yle<\/p>\n<p class=\"aw-1gybjub aw-1p7kakr cmIuaG fmSRng yle__article__paragraph\"><strong class=\"aw-ak79eh KyCXm yle__article__strong\">Mit\u00e4 kev\u00e4\u00e4ll\u00e4 t\u00e4ytyy tehd\u00e4, kun oma niitty on perustettu joko niitt\u00e4m\u00e4ll\u00e4 tai kylv\u00e4m\u00e4ll\u00e4?<\/strong><\/p>\n<p class=\"aw-1gybjub aw-1p7kakr cmIuaG fmSRng yle__article__paragraph\">\u2013 Kyykistyt viereen, katsot ja t\u00f6kit niit\u00e4 pieni\u00e4 siementaimia sormella ja mietit mit\u00e4 niist\u00e4 mahtaa tulla. Voit mietti\u00e4, onkohan t\u00e4m\u00e4 nyt sit\u00e4, mit\u00e4 kylvin.<\/p>\n<p class=\"aw-1gybjub aw-1p7kakr cmIuaG fmSRng yle__article__paragraph\">\u2013 Hyv\u00e4\u00e4 kukintaa voi odottaa parin\u2013kolmen kes\u00e4n kuluttua. Yksivuotiset lajit, kuten puna-ailakki kukkivat jo seuraavana kes\u00e4n\u00e4, mutta moni kaksi- tai monivuotinen kukka kasvattaa ensimm\u00e4isen\u00e4 kes\u00e4n\u00e4 vain lehti\u00e4, kuten esimerkiksi kissankello.<\/p>\n<p class=\"aw-1gybjub aw-1p7kakr cmIuaG fmSRng yle__article__paragraph\">\u2013 Pitk\u00e4j\u00e4nteist\u00e4 hommaahan t\u00e4m\u00e4 on, mutta vaivaa on aika v\u00e4h\u00e4n.<\/p>\n","protected":false},"excerpt":{"rendered":"Oman niityn ehtii perustaa viel\u00e4 ennen maan j\u00e4\u00e4tymist\u00e4. Pelkk\u00e4 niitto ja hein\u00e4n poistaminen voi riitt\u00e4\u00e4, eik\u00e4 aloittelijan niityn&hellip;\n","protected":false},"author":2,"featured_media":54462,"comment_status":"","ping_status":"","sticky":false,"template":"","format":"standard","meta":{"footnotes":""},"categories":[117],"tags":[33,31,30,723,961,72,13085,476,13086,726,2323,118,32,119,477],"class_list":{"0":"post-54461","1":"post","2":"type-post","3":"status-publish","4":"format-standard","5":"has-post-thumbnail","7":"category-luonto","8":"tag-fi","9":"tag-finland","10":"tag-finnish","11":"tag-kainuu","12":"tag-luonnonsuojelu","13":"tag-luonto","14":"tag-mustarinda-seura","15":"tag-nature","16":"tag-niitty","17":"tag-puolanka","18":"tag-puutarhanhoito","19":"tag-science","20":"tag-suomi","21":"tag-tiede","22":"tag-wildlife"},"share_on_mastodon":{"url":"","error":""},"_links":{"self":[{"href":"https:\/\/www.europesays.com\/fi\/wp-json\/wp\/v2\/posts\/54461","targetHints":{"allow":["GET"]}}],"collection":[{"href":"https:\/\/www.europesays.com\/fi\/wp-json\/wp\/v2\/posts"}],"about":[{"href":"https:\/\/www.europesays.com\/fi\/wp-json\/wp\/v2\/types\/post"}],"author":[{"embeddable":true,"href":"https:\/\/www.europesays.com\/fi\/wp-json\/wp\/v2\/users\/2"}],"replies":[{"embeddable":true,"href":"https:\/\/www.europesays.com\/fi\/wp-json\/wp\/v2\/comments?post=54461"}],"version-history":[{"count":0,"href":"https:\/\/www.europesays.com\/fi\/wp-json\/wp\/v2\/posts\/54461\/revisions"}],"wp:featuredmedia":[{"embeddable":true,"href":"https:\/\/www.europesays.com\/fi\/wp-json\/wp\/v2\/media\/54462"}],"wp:attachment":[{"href":"https:\/\/www.europesays.com\/fi\/wp-json\/wp\/v2\/media?parent=54461"}],"wp:term":[{"taxonomy":"category","embeddable":true,"href":"https:\/\/www.europesays.com\/fi\/wp-json\/wp\/v2\/categories?post=54461"},{"taxonomy":"post_tag","embeddable":true,"href":"https:\/\/www.europesays.com\/fi\/wp-json\/wp\/v2\/tags?post=54461"}],"curies":[{"name":"wp","href":"https:\/\/api.w.org\/{rel}","templated":true}]}}