{"id":54475,"date":"2025-10-06T15:06:07","date_gmt":"2025-10-06T15:06:07","guid":{"rendered":"https:\/\/www.europesays.com\/fi\/54475\/"},"modified":"2025-10-06T15:06:07","modified_gmt":"2025-10-06T15:06:07","slug":"danny-rikkoi-somehiljaisuuden-uskoisitko-kahdeksankymppiseksi","status":"publish","type":"post","link":"https:\/\/www.europesays.com\/fi\/54475\/","title":{"rendered":"Danny rikkoi somehiljaisuuden &#8211; uskoisitko kahdeksankymppiseksi?"},"content":{"rendered":"<p>            Timo Korhonen\n        <\/p>\n<p class=\"subtitle \">Musiikkineuvos seurasi kamppailua Raumalla.<\/p>\n<p class=\"article-content article-content-width !bg-background\">Laulaja  rikkoi<br \/>\nkuukausia kest\u00e4neen somehiljaisuuden, kun musiikkineuvos julkaisi<br \/>\n<a href=\"https:\/\/www.instagram.com\/dannyisod\/?hl=fi\" target=\"_blank\" rel=\"nofollow noopener\">Instagram<\/a>-tilill\u00e4\u00e4n tuoreita kuvia itsest\u00e4\u00e4n.<\/p>\n<p class=\"article-content article-content-width !bg-background\">Raumalle Espoosta muuttanut iskelm\u00e4legenda k\u00e4vi julkaisun perusteella seuraamassa Lukon voitokasta<br \/>\nkamppailua kiekkokaukalossa.\u00a0<\/p>\n<p class=\"article-content article-content-width !bg-background\">Kuvassa Danny poseeraa hyv\u00e4ntuulisena kameralle<br \/>\nRauman Lukon pelipaita p\u00e4\u00e4ll\u00e4\u00e4n. <\/p>\n<p class=\"article-content article-content-width !bg-background\">Julkaisun<br \/>\nkuvatekstiss\u00e4 Danny jakaa my\u00f6s kiekkomuiston 60 vuoden takaa:<\/p>\n<p class=\"article-content article-content-width !bg-background\">\u2013 Ensimm\u00e4inen kerta katsomossa<br \/>\noli jo 1965, kun Teppo Rastio taklasi raumalaista j\u00e4\u00e4kiekkohistoriaa n\u00e4kyv\u00e4ksi.<br \/>\nSen j\u00e4lkeen seurasin tiiviisti my\u00f6s M\u00f6lli Keinosen edesottamuksia Rauman<br \/>\nLukossa.\u00a0<\/p>\n<p>        <a itemprop=\"url\" href=\"https:\/\/www.seiska.fi\/kotimaa\/talta-nayttaa-dannyn-ja-helmi-loukasmaen-rauman-kotona\/1629862\" rel=\"nofollow noopener\" target=\"_blank\"><\/p>\n<p>\nMik\u00e4 sisustus!\n<\/p>\n<p class=\"section-date\">\n        <strong class=\"article-section\" data-section=\"kotimaa\"><br \/>\n            kotimaa<br \/>\n        <\/strong><br \/>\n        3.3. 10:31\n    <\/p>\n<p>T\u00e4lt\u00e4 n\u00e4ytt\u00e4\u00e4 Dannyn ja Helmi Loukasm\u00e4en Rauman-kotona\n    <\/p>\n<p itemprop=\"description\" class=\"subtitle \">\n    Helmi Loukasm\u00e4ki tunnelmoi syntt\u00e4reidens\u00e4 j\u00e4lkimainingeissa somessa.\n<\/p>\n<p>        <\/a><\/p>\n<p class=\"article-content article-content-width !bg-background\">Vaikka Ilves<br \/>\nkaatui Rauman hornankattilassa nollapelill\u00e4 1 \u2013 0, yksi asia j\u00e4i laulajaa vaivaamaan. Monia seuralegendoja kaukalossa n\u00e4hnyt Danny ei p\u00e4\u00e4ssyt<br \/>\nseuraamaan  edesottamuksia tolppien v\u00e4liss\u00e4, sill\u00e4 mestarimolari<br \/>\non sairastuvalla.<\/p>\n<p class=\"article-content article-content-width !bg-background\">\u2013 Jotkin asiat eiv\u00e4t muutu:<br \/>\nLukko, kaukalo ja se tunne, kun sinikeltainen voittaa, Danny summaa<br \/>\nkuvatekstiss\u00e4.<\/p>\n<p>Keikkaputki<\/p>\n<p class=\"article-content article-content-width !bg-background\">M\u00e4\u00e4r\u00e4\u00e4ns\u00e4 enemp\u00e4\u00e4<br \/>\nIso D ei ehdi kotimaan urheilutarjonnasta paikan p\u00e4\u00e4ll\u00e4 nauttia, ainakaan keikkakalenterinsa perusteella. Muusikon tie vie halki maan ja mantereen.<\/p>\n<p class=\"article-content article-content-width !bg-background\">Hiljattain 83<br \/>\nvuotta t\u00e4ytt\u00e4nyt viihdepioneeri on nimitt\u00e4in l\u00e4hd\u00f6ss\u00e4 viihdytt\u00e4m\u00e4\u00e4n kansaa<br \/>\nEspanjan auringon alle nelj\u00e4n\u00e4 iltana per\u00e4tysten.<\/p>\n<p>        <a itemprop=\"url\" href=\"https:\/\/www.seiska.fi\/vain-seiskassa\/danny-82-kertoo-dramaattisesta-paluulennosta-pitaa-paikkansa\/1686399\" rel=\"nofollow noopener\" target=\"_blank\"><\/p>\n<p>\nSairauskohtaus paluulennolla\n<\/p>\n<p class=\"section-date\">\n        <strong class=\"article-section\" data-section=\"vain seiskassa\"><br \/>\n            vain seiskassa<br \/>\n        <\/strong><br \/>\n        30.4. 05:00\n    <\/p>\n<p>Danny, 82, kertoo dramaattisesta paluulennosta: \u201dPit\u00e4\u00e4 paikkansa\u201d\n    <\/p>\n<p itemprop=\"description\" class=\"subtitle \">\n    Ilkka Lipsasen sankarillinen toiminta ker\u00e4si kanssamatkustajilta kiitosta.\n<\/p>\n<p>        <\/a><\/p>\n<p class=\"article-content article-content-width !bg-background\">Kev\u00e4\u00e4ll\u00e4 iskelm\u00e4n<br \/>\nikit\u00e4hden Espanjan-matka nousi otsikoihin, kun h\u00e4n auttoi sankarillisesti<br \/>\nkanssaihmist\u00e4 h\u00e4d\u00e4ss\u00e4 luovuttaen oman istumapaikkansa sairauskohtauksen saaneelle matkustajalle.<\/p>\n<p><script async src=\"\/\/www.instagram.com\/embed.js\"><\/script><\/p>\n","protected":false},"excerpt":{"rendered":"Timo Korhonen Musiikkineuvos seurasi kamppailua Raumalla. Laulaja rikkoi kuukausia kest\u00e4neen somehiljaisuuden, kun musiikkineuvos julkaisi Instagram-tilill\u00e4\u00e4n tuoreita kuvia itsest\u00e4\u00e4n.&hellip;\n","protected":false},"author":2,"featured_media":54476,"comment_status":"","ping_status":"","sticky":false,"template":"","format":"standard","meta":{"footnotes":""},"categories":[130],"tags":[10509,8967,137,1819,33,31,30,10200,32,109],"class_list":{"0":"post-54475","1":"post","2":"type-post","3":"status-publish","4":"format-standard","5":"has-post-thumbnail","7":"category-viihde","8":"tag-antti-raanta","9":"tag-danny","10":"tag-entertainment","11":"tag-espanja","12":"tag-fi","13":"tag-finland","14":"tag-finnish","15":"tag-rauman-lukko","16":"tag-suomi","17":"tag-viihde"},"share_on_mastodon":{"url":"","error":""},"_links":{"self":[{"href":"https:\/\/www.europesays.com\/fi\/wp-json\/wp\/v2\/posts\/54475","targetHints":{"allow":["GET"]}}],"collection":[{"href":"https:\/\/www.europesays.com\/fi\/wp-json\/wp\/v2\/posts"}],"about":[{"href":"https:\/\/www.europesays.com\/fi\/wp-json\/wp\/v2\/types\/post"}],"author":[{"embeddable":true,"href":"https:\/\/www.europesays.com\/fi\/wp-json\/wp\/v2\/users\/2"}],"replies":[{"embeddable":true,"href":"https:\/\/www.europesays.com\/fi\/wp-json\/wp\/v2\/comments?post=54475"}],"version-history":[{"count":0,"href":"https:\/\/www.europesays.com\/fi\/wp-json\/wp\/v2\/posts\/54475\/revisions"}],"wp:featuredmedia":[{"embeddable":true,"href":"https:\/\/www.europesays.com\/fi\/wp-json\/wp\/v2\/media\/54476"}],"wp:attachment":[{"href":"https:\/\/www.europesays.com\/fi\/wp-json\/wp\/v2\/media?parent=54475"}],"wp:term":[{"taxonomy":"category","embeddable":true,"href":"https:\/\/www.europesays.com\/fi\/wp-json\/wp\/v2\/categories?post=54475"},{"taxonomy":"post_tag","embeddable":true,"href":"https:\/\/www.europesays.com\/fi\/wp-json\/wp\/v2\/tags?post=54475"}],"curies":[{"name":"wp","href":"https:\/\/api.w.org\/{rel}","templated":true}]}}