{"id":54481,"date":"2025-10-06T15:10:07","date_gmt":"2025-10-06T15:10:07","guid":{"rendered":"https:\/\/www.europesays.com\/fi\/54481\/"},"modified":"2025-10-06T15:10:07","modified_gmt":"2025-10-06T15:10:07","slug":"kuvernoori-ukrainan-sota-paattyy-vuoden-sisalla-uutissuomalainen","status":"publish","type":"post","link":"https:\/\/www.europesays.com\/fi\/54481\/","title":{"rendered":"Kuvern\u00f6\u00f6ri: Ukrainan sota p\u00e4\u00e4ttyy vuoden sis\u00e4ll\u00e4 | Uutissuomalainen"},"content":{"rendered":"<p>Ukrainan sota voi p\u00e4\u00e4tty\u00e4 hyvinkin pian, arvioi Ukrainan Mykolajivin alueen kuvern\u00f6\u00f6ri <strong>Vitali Kim<\/strong> ukrainalaismedia <a href=\"https:\/\/glavcom.ua\/interviews\/vitalij-kim-ja-prjamo-zaklikaju-vijskovikh-ne-jti-v-politiku-j-ne-piddavatisja-na-taki-propozitsiji-1081627.html\" rel=\"nofollow noopener\" target=\"_blank\">Glavkomin<\/a> haastattelussa. H\u00e4nen mukaansa sodan p\u00e4\u00e4tt\u00e4minen diplomaattisin keinoin on t\u00e4ysin mahdollista.<\/p>\n<p>\u2013 Joka tapauksessa jonkinlainen sopimus allekirjoitetaan, ja siksi voin olla sataprosenttisen varma, ett\u00e4 sota p\u00e4\u00e4ttyy diplomaattisesti, Kim toteaa.<\/p>\n<p>Kimin mukaan sodan voi p\u00e4\u00e4tt\u00e4\u00e4 my\u00f6s yksinkertaisesti lopettamalla ampuminen allekirjoittamatta mink\u00e4\u00e4nlaista sopimusta. Sodan osapuolet Ukraina ja Ven\u00e4j\u00e4 vaikuttavat h\u00e4nen mukaansa kuitenkin vaativan jonkinlaiset ehdot sodan loppumiselle.<\/p>\n<p>\u2013 Henkil\u00f6kohtainen ennusteeni on, ett\u00e4 se (sodan lopettaminen) tapahtuu kahden kuukauden ja vuoden v\u00e4lill\u00e4, Kim kuvailee.<\/p>\n<p>Kun Ven\u00e4j\u00e4 hy\u00f6kk\u00e4si Ukrainaan t\u00e4ysimittaisesti kev\u00e4\u00e4ll\u00e4 2022, Kim alkoi julkaista sosiaaliseen mediaan p\u00e4ivitt\u00e4isi\u00e4 videoita, joissa h\u00e4n selosti Mykolajivin alueen tilannetta. N\u00e4kyv\u00e4ksi hahmoksi kohonnut Kim on Glavkomin mukaan sittemmin n\u00e4kynyt v\u00e4hemm\u00e4n johtamansa alueen ulkopuolella.<\/p>\n","protected":false},"excerpt":{"rendered":"Ukrainan sota voi p\u00e4\u00e4tty\u00e4 hyvinkin pian, arvioi Ukrainan Mykolajivin alueen kuvern\u00f6\u00f6ri Vitali Kim ukrainalaismedia Glavkomin haastattelussa. H\u00e4nen mukaansa&hellip;\n","protected":false},"author":2,"featured_media":54482,"comment_status":"","ping_status":"","sticky":false,"template":"","format":"standard","meta":{"footnotes":""},"categories":[14],"tags":[22,23,26,27,33,31,30,17,148,24,25,803,28,29,1616,15,18,21,637,32,487,149,19,20,549,56,16,59,60,61],"class_list":{"0":"post-54481","1":"post","2":"type-post","3":"status-publish","4":"format-standard","5":"has-post-thumbnail","7":"category-ulkomaat","8":"tag-breaking-news","9":"tag-breakingnews","10":"tag-featured-news","11":"tag-featurednews","12":"tag-fi","13":"tag-finland","14":"tag-finnish","15":"tag-headlines","16":"tag-internet","17":"tag-latest-news","18":"tag-latestnews","19":"tag-levottomuudet-ja-sodat","20":"tag-main-news","21":"tag-mainnews","22":"tag-media-viestinta","23":"tag-news","24":"tag-otsikot","25":"tag-paauutiset","26":"tag-politiikka","27":"tag-suomi","28":"tag-teknologia-yleista","29":"tag-tietojenkasittely-ja-informaatioteknologia","30":"tag-top-stories","31":"tag-topstories","32":"tag-ukrainan-sota","33":"tag-ulkomaat","34":"tag-uutiset","35":"tag-world","36":"tag-world-news","37":"tag-worldnews"},"share_on_mastodon":{"url":"","error":""},"_links":{"self":[{"href":"https:\/\/www.europesays.com\/fi\/wp-json\/wp\/v2\/posts\/54481","targetHints":{"allow":["GET"]}}],"collection":[{"href":"https:\/\/www.europesays.com\/fi\/wp-json\/wp\/v2\/posts"}],"about":[{"href":"https:\/\/www.europesays.com\/fi\/wp-json\/wp\/v2\/types\/post"}],"author":[{"embeddable":true,"href":"https:\/\/www.europesays.com\/fi\/wp-json\/wp\/v2\/users\/2"}],"replies":[{"embeddable":true,"href":"https:\/\/www.europesays.com\/fi\/wp-json\/wp\/v2\/comments?post=54481"}],"version-history":[{"count":0,"href":"https:\/\/www.europesays.com\/fi\/wp-json\/wp\/v2\/posts\/54481\/revisions"}],"wp:featuredmedia":[{"embeddable":true,"href":"https:\/\/www.europesays.com\/fi\/wp-json\/wp\/v2\/media\/54482"}],"wp:attachment":[{"href":"https:\/\/www.europesays.com\/fi\/wp-json\/wp\/v2\/media?parent=54481"}],"wp:term":[{"taxonomy":"category","embeddable":true,"href":"https:\/\/www.europesays.com\/fi\/wp-json\/wp\/v2\/categories?post=54481"},{"taxonomy":"post_tag","embeddable":true,"href":"https:\/\/www.europesays.com\/fi\/wp-json\/wp\/v2\/tags?post=54481"}],"curies":[{"name":"wp","href":"https:\/\/api.w.org\/{rel}","templated":true}]}}