{"id":54606,"date":"2025-10-06T19:32:09","date_gmt":"2025-10-06T19:32:09","guid":{"rendered":"https:\/\/www.europesays.com\/fi\/54606\/"},"modified":"2025-10-06T19:32:09","modified_gmt":"2025-10-06T19:32:09","slug":"trumpin-rauhansuunnitelma-on-lupaava-kulman-takana-uhkaa-uusi-kriisi","status":"publish","type":"post","link":"https:\/\/www.europesays.com\/fi\/54606\/","title":{"rendered":"Trumpin rauhansuunnitelma on lupaava \u2013 Kulman takana uhkaa uusi kriisi"},"content":{"rendered":"<p>L\u00e4nsiranta ja palestiinalaishallinto uhkaavat j\u00e4\u00e4d\u00e4 rauhansuunnitelman varjoon. <\/p>\n<p><img decoding=\"async\" class=\"image image-show image-preview\" src=\"https:\/\/www.europesays.com\/fi\/wp-content\/uploads\/2025\/10\/64bac09b1ff5c4f600985fa8b768fa7b402ba337f57963aaf7fa13bf9ea8934b.jpg\" alt=\"\"\/><img decoding=\"async\" class=\"image image-show\" src=\"https:\/\/www.europesays.com\/fi\/wp-content\/uploads\/2025\/10\/1759779129_998_64bac09b1ff5c4f600985fa8b768fa7b402ba337f57963aaf7fa13bf9ea8934b.jpg\" alt=\"\"\/><\/p>\n<p>Trump esitteli rauhansuunnitelmansa viime viikolla.  ZumaWire \/ MVPHOTOS<\/p>\n<p class=\"paragraph\">Israel ja Hamas ovat k\u00e4yneet maanantaina Yhdysvaltain v\u00e4litt\u00e4mi\u00e4 neuvotteluja Egyptiss\u00e4 Trumpin viime viikolla esittelem\u00e4n rauhansuunnitelman toteutuksen yksityiskohdista.<\/p>\n<p class=\"paragraph\">Rauhasta ei ole viel\u00e4 sovittu, mutta asiantuntijoiden mukaan kyseess\u00e4 on ainakin paras mahdollisuus siihen pitk\u00e4\u00e4n aikaan.<\/p>\n<p class=\"paragraph\">\u2013 Rauhansuunnitelma on hyv\u00e4 alku, sanoo <strong>Samer Abdelrazzak Sinijlawi<\/strong>.<\/p>\n<p class=\"paragraph\">Sinijlawi on tunnettu palestiinalaisaktivisti, joka toimi nuorempana muun muassa Fatahin nuorisosiiven puheenjohtajana ja vietti 5 vuotta israelilaisessa vankilassa tultuaan vangituksi ensimm\u00e4isen intifadan aikana. Sinijlawi osallistui Helsingiss\u00e4 CMI \u2013 Martti Ahtisaari Peace Foundationin j\u00e4rjest\u00e4m\u00e4\u00e4n tilaisuuteen, jonka tarkoituksena on tuoda yhteen palestiinalaisia, israelilaisia ja eurooppalaisia toimijoita.<\/p>\n<p class=\"paragraph\">Israelinpalestiinalainen, entinen Israelin parlamentin Knessetin j\u00e4sen <strong>Ghaida Rinawie Zoabi<\/strong> ei kuitenkaan suhtaudu optimistisesti siihen, ett\u00e4 todellinen rauha olisi viel\u00e4 edess\u00e4. H\u00e4nen mukaansa sodan aktiivisin vaihe saattaa olla takana, mutta Israel tulee jatkamaan l\u00e4sn\u00e4oloaan Gazan kaistaleella.<\/p>\n<p class=\"paragraph\">\u2013 En usko, ett\u00e4 Israelin asevoimat tulevat palaamaan lokakuun 7. p\u00e4iv\u00e4\u00e4 edelt\u00e4neisiin asemiinsa. <strong>Benjamin Netanjahu<\/strong> tulee tekem\u00e4\u00e4n sit\u00e4, miss\u00e4 Netanjahu on paras, eli konfliktin yll\u00e4pit\u00e4misess\u00e4 ja hallitsemisessa.<\/p>\n<p>Sinijlawi, Zoabi ja Schatz osallistuivat CMI:n ja saksalaisen Candid-ajatushautomon keskustelutilaisuuteen, jonka tarkoituksena on tuoda yhteen palestiinalaisia, israelilaisia ja eurooppalaisia toimijoita.  Ali Isokangas<\/p>\n<p>Tulevaisuudenn\u00e4kym\u00e4t<\/p>\n<p class=\"paragraph\">Kest\u00e4v\u00e4n rauhan kannalta tapahtuman osallistujat painottavat L\u00e4nsirannan merkityst\u00e4, joka Trumpin rauhansuunnitelmassa j\u00e4\u00e4 h\u00e4m\u00e4r\u00e4n peittoon. Israel on kiihdytt\u00e4nyt laittomien siirtokuntien rakentamista L\u00e4nsirannalla, ja siirtokuntalaiset toimivat yh\u00e4 eneneviss\u00e4 m\u00e4\u00e4rin Israelin asevoimien aseistamina, sanoo <strong>Achiya Schatz<\/strong>.<\/p>\n<p class=\"paragraph\">Schatz johtaa Israelin mediakentt\u00e4\u00e4 seuraavaa FakeReporter-j\u00e4rjest\u00f6\u00e4. H\u00e4nen mukaansa Euroopan valtioiden pit\u00e4isi t\u00e4ll\u00e4 hetkell\u00e4 keskitty\u00e4 Palestiinan valtion tunnustamisen lis\u00e4ksi siirtokuntalaisten toimien sanktioimiseen ja valvontaan.<\/p>\n<p class=\"paragraph\">H\u00e4nen mukaansa Palestiinan tunnustaminen ei voi olla seuraava askel, vaan sen pit\u00e4isi tapahtua juuri nyt, jotta edes t\u00e4m\u00e4nhetkiset rajat voitaisiin s\u00e4ilytt\u00e4\u00e4 ja vaikuttaa sodanj\u00e4lkeiseen tilanteeseen.<\/p>\n<p class=\"paragraph\">\u2013 Euroopalla on paljon valtaa. Se on Israelin suurin kauppakumppani, ja sinne haluamme menn\u00e4 lomailemaan, h\u00e4n sanoo.<\/p>\n<p class=\"paragraph\">Sinijlawi painottaa, ett\u00e4 kansainv\u00e4lisen paineen lis\u00e4ksi tarvitaan ennen kaikkea toimiva palestiinalainen johto, joka aidosti edustaisi palestiinalaisten mielipiteit\u00e4. Palestiinalaishallinnon presidenttin\u00e4 vuodesta 2005 toiminut <strong>Mahmoud Abbas<\/strong> saa Sinijlawilta kovaa kritiikki\u00e4.<\/p>\n<p class=\"paragraph\">\u2013 Abbas on ty\u00f6skennellyt kahdeksan Israelin nelj\u00e4st\u00e4toista p\u00e4\u00e4ministerist\u00e4 kanssa. H\u00e4n on ty\u00f6skennellyt kuuden Yhdysvaltain presidentin kanssa. Ja nyt 90 vuoden i\u00e4ss\u00e4 h\u00e4n haluaa vakuuttaa minut, ett\u00e4 meid\u00e4n pit\u00e4isi antaa h\u00e4nelle lis\u00e4\u00e4 aikaa menesty\u00e4kseen.<\/p>\n<p class=\"paragraph\">Sinijlawi kritisoi l\u00e4nsimaita Abbasin tukemisesta ja yhteisty\u00f6n jatkamisesta. H\u00e4nen mielest\u00e4\u00e4n on tekopyh\u00e4\u00e4, ett\u00e4 Palestiinan tunnustamisessa puhutaan aina maan demilitarisoinnista, mutta ei sen demokratisoimisesta.<\/p>\n<p class=\"paragraph\">\u2013 Meid\u00e4n on annettava palestiinalaisille mahdollisuus \u00e4\u00e4nest\u00e4\u00e4, h\u00e4n sanoo.<\/p>\n<p>Palestiinalaishallintoa johtavaa Mahmoud Abbasia on kritisoitu valtaan takertumisesta.  ZumaWire \/ MVPHOTOS<\/p>\n<p>Miehitys ja sovinto<\/p>\n<p class=\"paragraph\">Sinijlawin mielest\u00e4 kaikista maailman tunnustuksista lopulta vain sill\u00e4, ett\u00e4 Israel tunnustaa Palestiinan valtion, on v\u00e4li\u00e4. Sinijlawi painottaa, ett\u00e4 senkin vuoksi tulevat parlamenttivaalit Israelissa ovat \u00e4\u00e4rimm\u00e4isen t\u00e4rke\u00e4t.<\/p>\n<p class=\"paragraph\">Zoabi ja Schatz ovat kuitenkin skeptisempi\u00e4 siit\u00e4, ett\u00e4 Israelin juutalaisessa yhteiskunnassa voisi l\u00e4hiaikoina tapahtua radikaalia muutosta suhteessa palestiinalaisiin. Israelin armeijan erikoisjoukoissa nuorempana palvellut Schatz painottaa, kuinka syv\u00e4sti palestiinalaisalueiden miehitys on juurtunut israelilaisten ajatteluun.<\/p>\n<p class=\"paragraph\">\u2013 Israelilaisten pit\u00e4isi p\u00e4\u00e4st\u00e4 ulos ajattelutavasta, ett\u00e4 meid\u00e4n vapautemme riippuu palestiinalaisten vapauden puutteesta, ja ett\u00e4 vapauden antaminen palestiinalaisille vaarantaa meid\u00e4t.<\/p>\n<p>Israel on tuhonnut suurimman osan Gazan rakennuksista. Kuva Khan Yunisin kaupungista helmikuulta. EPA \/ AOP<\/p>\n<p class=\"paragraph\">Miehityksess\u00e4 on h\u00e4nen mukaansa kyse ennen kaikkea kontrollista.<\/p>\n<p class=\"paragraph\">\u2013 Armeijan tarkoitus L\u00e4nsirannalla on pitk\u00e4<\/p>\n","protected":false},"excerpt":{"rendered":"L\u00e4nsiranta ja palestiinalaishallinto uhkaavat j\u00e4\u00e4d\u00e4 rauhansuunnitelman varjoon. Trump esitteli rauhansuunnitelmansa viime viikolla. ZumaWire \/ MVPHOTOS Israel ja Hamas&hellip;\n","protected":false},"author":2,"featured_media":54607,"comment_status":"","ping_status":"","sticky":false,"template":"","format":"standard","meta":{"footnotes":""},"categories":[5],"tags":[35,22,23,26,27,33,31,30,17,24,25,803,28,29,15,18,21,142,637,144,32,19,20,16,638],"class_list":{"0":"post-54606","1":"post","2":"type-post","3":"status-publish","4":"format-standard","5":"has-post-thumbnail","7":"category-otsikot","8":"tag-24h","9":"tag-breaking-news","10":"tag-breakingnews","11":"tag-featured-news","12":"tag-featurednews","13":"tag-fi","14":"tag-finland","15":"tag-finnish","16":"tag-headlines","17":"tag-latest-news","18":"tag-latestnews","19":"tag-levottomuudet-ja-sodat","20":"tag-main-news","21":"tag-mainnews","22":"tag-news","23":"tag-otsikot","24":"tag-paauutiset","25":"tag-poliitikot","26":"tag-politiikka","27":"tag-presidentti","28":"tag-suomi","29":"tag-top-stories","30":"tag-topstories","31":"tag-uutiset","32":"tag-valtiovalta"},"share_on_mastodon":{"url":"","error":""},"_links":{"self":[{"href":"https:\/\/www.europesays.com\/fi\/wp-json\/wp\/v2\/posts\/54606","targetHints":{"allow":["GET"]}}],"collection":[{"href":"https:\/\/www.europesays.com\/fi\/wp-json\/wp\/v2\/posts"}],"about":[{"href":"https:\/\/www.europesays.com\/fi\/wp-json\/wp\/v2\/types\/post"}],"author":[{"embeddable":true,"href":"https:\/\/www.europesays.com\/fi\/wp-json\/wp\/v2\/users\/2"}],"replies":[{"embeddable":true,"href":"https:\/\/www.europesays.com\/fi\/wp-json\/wp\/v2\/comments?post=54606"}],"version-history":[{"count":0,"href":"https:\/\/www.europesays.com\/fi\/wp-json\/wp\/v2\/posts\/54606\/revisions"}],"wp:featuredmedia":[{"embeddable":true,"href":"https:\/\/www.europesays.com\/fi\/wp-json\/wp\/v2\/media\/54607"}],"wp:attachment":[{"href":"https:\/\/www.europesays.com\/fi\/wp-json\/wp\/v2\/media?parent=54606"}],"wp:term":[{"taxonomy":"category","embeddable":true,"href":"https:\/\/www.europesays.com\/fi\/wp-json\/wp\/v2\/categories?post=54606"},{"taxonomy":"post_tag","embeddable":true,"href":"https:\/\/www.europesays.com\/fi\/wp-json\/wp\/v2\/tags?post=54606"}],"curies":[{"name":"wp","href":"https:\/\/api.w.org\/{rel}","templated":true}]}}