{"id":54610,"date":"2025-10-06T19:52:07","date_gmt":"2025-10-06T19:52:07","guid":{"rendered":"https:\/\/www.europesays.com\/fi\/54610\/"},"modified":"2025-10-06T19:52:07","modified_gmt":"2025-10-06T19:52:07","slug":"nina-mikkonen-yllatettiin-aidin-sydamessa-laikahti","status":"publish","type":"post","link":"https:\/\/www.europesays.com\/fi\/54610\/","title":{"rendered":"Nina Mikkonen yll\u00e4tettiin: \u201d\u00c4idin syd\u00e4mess\u00e4 l\u00e4ik\u00e4hti\u201d"},"content":{"rendered":"<p>Kahden pojan \u00e4iti ja leski <strong>Nina Mikkonen<\/strong> on saanut yll\u00e4tty\u00e4 positiivisella tavalla. Sen on tarjonnut h\u00e4nelle h\u00e4nen nuorempi poikansa <strong>Matias<\/strong>, joka muutti viime kuussa pois \u00e4itins\u00e4 helmoista. Nina j\u00e4i t\u00e4ten yksin asumaan, koska h\u00e4nen vanhempi poikansa <strong>Mikael<\/strong> on muuttanut kotoa pois jo muutama vuosi sitten. Nyt \u00e4iti on saanut kutsun kyl\u00e4\u00e4n.<\/p>\n<p>Lue my\u00f6s: <a href=\"https:\/\/www.como.fi\/uutiset\/nina-mikkosen-suuri-elamanmuutos-tiedan-etta-selvian-tastakin\/\" title=\"Nina Mikkosen suuri el\u00e4m\u00e4nmuutos \u2013 \u201dTied\u00e4n, ett\u00e4 selvi\u00e4n t\u00e4st\u00e4kin\u201d\" class=\"underline-custom !font-montserrat !font-bold !underline-offset-4 !decoration-4 !decoration-red-600 !text-md\" rel=\"nofollow noopener\" target=\"_blank\">Nina Mikkosen suuri el\u00e4m\u00e4nmuutos \u2013 \u201dTied\u00e4n, ett\u00e4 selvi\u00e4n t\u00e4st\u00e4kin\u201d<\/a><\/p>\n<p>\u2013 \u00c4idin syd\u00e4mess\u00e4 l\u00e4ik\u00e4hti\u2026kun oma lapsi, joka viel\u00e4 hetki sitten lojui kotisohvalla pieruverkkareissa, pyyt\u00e4\u00e4kin yht\u00e4kki\u00e4 minut ja veljens\u00e4 kyl\u00e4\u00e4n kuin mik\u00e4kin itsen\u00e4inen aikuinen, kirjoittaa Nina.<\/p>\n<p>Kutsu tuntui Ninasta ensin kummalliselta.<\/p>\n<p>\u2013 Tuntui yht\u00e4 aikaa hassulta ja liikuttavalta n\u00e4hd\u00e4 viestiss\u00e4 sanat \u201ctuutteko mun luo\u201d \u2013 aivan kuin meill\u00e4 olisi jo joku perheiden v\u00e4linen vierailuk\u00e4yt\u00e4nt\u00f6, paljastaa Nina.<\/p>\n<p>Lopulta kutsu olikin sellainen asia, joka sai Ninan olon tuntumaan hyv\u00e4lt\u00e4.<\/p>\n<p>\u2013 Ja silti syd\u00e4men pohjassa jokin l\u00e4mpeni: ehk\u00e4 t\u00e4m\u00e4 irtiotto ei ollutkaan menetyst\u00e4 vaan uusi, hilpe\u00e4n haikea luku meid\u00e4n yhteisess\u00e4 tarinassa, kirjoittaa Nina viel\u00e4.<\/p>\n<p>Ninan seuraajien mielest\u00e4 t\u00e4m\u00e4 tapahtuma vaikuttaa ihanalta.<\/p>\n<p>Jos upotus ei n\u00e4y, avaa se auki <a href=\"https:\/\/www.instagram.com\/p\/DPeQOhMiHH9\/?utm_source=ig_web_copy_link&amp;igsh=MzRlODBiNWFlZA==\" target=\"_blank\" rel=\"noreferrer noopener nofollow\">t\u00e4st\u00e4<\/a>.<\/p>\n<p>Lue my\u00f6s: <a href=\"https:\/\/www.como.fi\/tilaa-comon-uutiskirje\/\" title=\"Tilaa Comon uutiskirje ja tied\u00e4t mist\u00e4 kahvitauolla puhutaan! Nappaa kotimaan tv-vinkit ja puheenaiheet suoraan s\u00e4hk\u00f6postiin t\u00e4st\u00e4.\" class=\"underline-custom !font-montserrat !font-bold !underline-offset-4 !decoration-4 !decoration-red-600 !text-md\" rel=\"nofollow noopener\" target=\"_blank\">Tilaa Comon uutiskirje ja tied\u00e4t mist\u00e4 kahvitauolla puhutaan! Nappaa kotimaan tv-vinkit ja puheenaiheet suoraan s\u00e4hk\u00f6postiin t\u00e4st\u00e4.<\/a><\/p>\n<p>\t\t\t<script async src=\"\/\/www.instagram.com\/embed.js\"><\/script><\/p>\n","protected":false},"excerpt":{"rendered":"Kahden pojan \u00e4iti ja leski Nina Mikkonen on saanut yll\u00e4tty\u00e4 positiivisella tavalla. Sen on tarjonnut h\u00e4nelle h\u00e4nen nuorempi&hellip;\n","protected":false},"author":2,"featured_media":54611,"comment_status":"","ping_status":"","sticky":false,"template":"","format":"standard","meta":{"footnotes":""},"categories":[130],"tags":[137,33,31,30,3064,32,109],"class_list":{"0":"post-54610","1":"post","2":"type-post","3":"status-publish","4":"format-standard","5":"has-post-thumbnail","7":"category-viihde","8":"tag-entertainment","9":"tag-fi","10":"tag-finland","11":"tag-finnish","12":"tag-nina-mikkonen","13":"tag-suomi","14":"tag-viihde"},"share_on_mastodon":{"url":"","error":""},"_links":{"self":[{"href":"https:\/\/www.europesays.com\/fi\/wp-json\/wp\/v2\/posts\/54610","targetHints":{"allow":["GET"]}}],"collection":[{"href":"https:\/\/www.europesays.com\/fi\/wp-json\/wp\/v2\/posts"}],"about":[{"href":"https:\/\/www.europesays.com\/fi\/wp-json\/wp\/v2\/types\/post"}],"author":[{"embeddable":true,"href":"https:\/\/www.europesays.com\/fi\/wp-json\/wp\/v2\/users\/2"}],"replies":[{"embeddable":true,"href":"https:\/\/www.europesays.com\/fi\/wp-json\/wp\/v2\/comments?post=54610"}],"version-history":[{"count":0,"href":"https:\/\/www.europesays.com\/fi\/wp-json\/wp\/v2\/posts\/54610\/revisions"}],"wp:featuredmedia":[{"embeddable":true,"href":"https:\/\/www.europesays.com\/fi\/wp-json\/wp\/v2\/media\/54611"}],"wp:attachment":[{"href":"https:\/\/www.europesays.com\/fi\/wp-json\/wp\/v2\/media?parent=54610"}],"wp:term":[{"taxonomy":"category","embeddable":true,"href":"https:\/\/www.europesays.com\/fi\/wp-json\/wp\/v2\/categories?post=54610"},{"taxonomy":"post_tag","embeddable":true,"href":"https:\/\/www.europesays.com\/fi\/wp-json\/wp\/v2\/tags?post=54610"}],"curies":[{"name":"wp","href":"https:\/\/api.w.org\/{rel}","templated":true}]}}