{"id":54618,"date":"2025-10-06T19:58:12","date_gmt":"2025-10-06T19:58:12","guid":{"rendered":"https:\/\/www.europesays.com\/fi\/54618\/"},"modified":"2025-10-06T19:58:12","modified_gmt":"2025-10-06T19:58:12","slug":"sveitsilaisseura-nimesi-jussi-tapolan-seuraajan","status":"publish","type":"post","link":"https:\/\/www.europesays.com\/fi\/54618\/","title":{"rendered":"Sveitsil\u00e4isseura nimesi Jussi Tapolan seuraajan"},"content":{"rendered":"<p>Jussi Tapolan korvaaja on nimetty.<\/p>\n<p><img decoding=\"async\" class=\"image image-show image-preview\" src=\"https:\/\/www.europesays.com\/fi\/wp-content\/uploads\/2025\/10\/1c845dbbff0e070f693e18ab406e46671555765cc48ff5662a01ef7dd6d99fd5.jpg\" alt=\"\"\/><img decoding=\"async\" class=\"image image-show\" src=\"https:\/\/www.europesays.com\/fi\/wp-content\/uploads\/2025\/10\/1759780691_385_1c845dbbff0e070f693e18ab406e46671555765cc48ff5662a01ef7dd6d99fd5.jpg\" alt=\"\"\/><\/p>\n<p>Heinz Ehlers ottaa SC Berniss\u00e4 p\u00e4\u00e4valmentajan vastuun. AOP<\/p>\n<p class=\"paragraph\">Sveitsin p\u00e4\u00e4sarjaseura SC Bern on nimennyt <strong>Heinz Ehlersin<\/strong> uudeksi p\u00e4\u00e4valmentajakseen.<\/p>\n<p class=\"paragraph\">Ehlers aloittaa teht\u00e4v\u00e4ss\u00e4\u00e4n v\u00e4litt\u00f6m\u00e4sti ja saa tuekseen <strong>Pavel Rosan<\/strong> sek\u00e4 <strong>Patrick Sch\u00f6bin<\/strong>, jotka toimivat joukkueen apuvalmentajina. Ehlersin ja Rosan sopimukset ovat voimassa kauden loppuun saakka.<\/p>\n<p class=\"paragraph\">Rosa on suomalaisille kiekkoilun yst\u00e4ville tuttu nimi. H\u00e4n pelasi urallaan muun muassa HPK:ssa, Jokereissa, K\u00e4rpiss\u00e4 ja Pelicansissa.<\/p>\n<p class=\"paragraph\">Bern irtisanoi keskiviikkona suomalaisvalmentaja <strong>Jussi Tapolan<\/strong> p\u00e4\u00e4valmentajan teht\u00e4v\u00e4st\u00e4. Samalla seurasta l\u00e4hti my\u00f6s Tapolan apuvalmentaja <strong>Pasi Puistola<\/strong>.<\/p>\n<p class=\"paragraph\">Seuran riveiss\u00e4 pelaavat suomalaisista <strong>Waltteri Merel\u00e4<\/strong> ja <strong>Miro Aaltonen<\/strong>, joiden on nyt totuteltava uuteen valmennusryhm\u00e4\u00e4n.<\/p>\n<p><a href=\"https:\/\/www.iltalehti.fi\/telkku\/?utm_source=iltalehti.fi&amp;utm_medium=almainternal&amp;utm_campaign=urheilu_artikkelibanneri&amp;utm_content=banner_612_a\" rel=\"nofollow noopener\" target=\"_blank\"><img decoding=\"async\" src=\"https:\/\/www.europesays.com\/fi\/wp-content\/uploads\/2025\/08\/7ef604e47d46ca174b7df4149bd3557dbde56a86d520f8e1b2125548b0a2e03a.png\" alt=\"TV-ohjelmat t\u00e4n\u00e4\u00e4n, TV-opas\"\/><\/a><\/p>\n","protected":false},"excerpt":{"rendered":"Jussi Tapolan korvaaja on nimetty. Heinz Ehlers ottaa SC Berniss\u00e4 p\u00e4\u00e4valmentajan vastuun. AOP Sveitsin p\u00e4\u00e4sarjaseura SC Bern on&hellip;\n","protected":false},"author":2,"featured_media":54619,"comment_status":"","ping_status":"","sticky":false,"template":"","format":"standard","meta":{"footnotes":""},"categories":[5],"tags":[35,1144,1274,22,23,26,27,33,31,30,17,1143,24,25,28,29,1146,15,18,21,32,1145,19,20,16],"class_list":{"0":"post-54618","1":"post","2":"type-post","3":"status-publish","4":"format-standard","5":"has-post-thumbnail","7":"category-otsikot","8":"tag-24h","9":"tag-ammattilaisjaakiekko","10":"tag-ammattiurheilu","11":"tag-breaking-news","12":"tag-breakingnews","13":"tag-featured-news","14":"tag-featurednews","15":"tag-fi","16":"tag-finland","17":"tag-finnish","18":"tag-headlines","19":"tag-jaakiekko","20":"tag-latest-news","21":"tag-latestnews","22":"tag-main-news","23":"tag-mainnews","24":"tag-miesten-jaakiekko","25":"tag-news","26":"tag-otsikot","27":"tag-paauutiset","28":"tag-suomi","29":"tag-talviurheilu","30":"tag-top-stories","31":"tag-topstories","32":"tag-uutiset"},"share_on_mastodon":{"url":"","error":""},"_links":{"self":[{"href":"https:\/\/www.europesays.com\/fi\/wp-json\/wp\/v2\/posts\/54618","targetHints":{"allow":["GET"]}}],"collection":[{"href":"https:\/\/www.europesays.com\/fi\/wp-json\/wp\/v2\/posts"}],"about":[{"href":"https:\/\/www.europesays.com\/fi\/wp-json\/wp\/v2\/types\/post"}],"author":[{"embeddable":true,"href":"https:\/\/www.europesays.com\/fi\/wp-json\/wp\/v2\/users\/2"}],"replies":[{"embeddable":true,"href":"https:\/\/www.europesays.com\/fi\/wp-json\/wp\/v2\/comments?post=54618"}],"version-history":[{"count":0,"href":"https:\/\/www.europesays.com\/fi\/wp-json\/wp\/v2\/posts\/54618\/revisions"}],"wp:featuredmedia":[{"embeddable":true,"href":"https:\/\/www.europesays.com\/fi\/wp-json\/wp\/v2\/media\/54619"}],"wp:attachment":[{"href":"https:\/\/www.europesays.com\/fi\/wp-json\/wp\/v2\/media?parent=54618"}],"wp:term":[{"taxonomy":"category","embeddable":true,"href":"https:\/\/www.europesays.com\/fi\/wp-json\/wp\/v2\/categories?post=54618"},{"taxonomy":"post_tag","embeddable":true,"href":"https:\/\/www.europesays.com\/fi\/wp-json\/wp\/v2\/tags?post=54618"}],"curies":[{"name":"wp","href":"https:\/\/api.w.org\/{rel}","templated":true}]}}