{"id":54620,"date":"2025-10-06T20:17:08","date_gmt":"2025-10-06T20:17:08","guid":{"rendered":"https:\/\/www.europesays.com\/fi\/54620\/"},"modified":"2025-10-06T20:17:08","modified_gmt":"2025-10-06T20:17:08","slug":"koripallon-191-senttinen-barbie-takoo-miljoonia-kuvillaan","status":"publish","type":"post","link":"https:\/\/www.europesays.com\/fi\/54620\/","title":{"rendered":"Koripallon 191-senttinen Barbie takoo miljoonia kuvillaan"},"content":{"rendered":"<p>Angel Reese loi tuottavan sivubisneksen.<\/p>\n<p><img decoding=\"async\" class=\"image image-show image-preview\" src=\"https:\/\/www.europesays.com\/fi\/wp-content\/uploads\/2025\/10\/8ffe16d1f9e6e4df248e4138c7547b7e4a190a329c06409a615c4c01740fdd03.jpg\" alt=\"\"\/><img decoding=\"async\" class=\"image image-show\" src=\"https:\/\/www.europesays.com\/fi\/wp-content\/uploads\/2025\/10\/1759781828_44_8ffe16d1f9e6e4df248e4138c7547b7e4a190a329c06409a615c4c01740fdd03.jpg\" alt=\"\"\/><\/p>\n<p>Angel Reese osui kultasuoneen. AOP<\/p>\n<p class=\"paragraph\">Koripallon WNBA-liigan supert\u00e4hti <strong>Angel Reese<\/strong>, 23, kertoo X:ss\u00e4 tienaavansa hurjia summia <a href=\"https:\/\/www.instagram.com\/angelreese5\/\" target=\"_blank\" rel=\"noopener nofollow\">Instagram-kuvillaan<\/a>.<\/p>\n<p class=\"paragraph\">WNBA-pelaajien palkoista on k\u00e4yty Pohjois-Amerikassa kovaa keskustelua jo jonkin aikaa, sill\u00e4 pelaajat kokevat olevansa palkkakuopassa verrattuna miesten NBA-t\u00e4htiin.<\/p>\n<p class=\"paragraph\">\u201dBayou Barbie\u201d -lempinime\u00e4 k\u00e4ytt\u00e4v\u00e4 Reese on ottanut asiat omiin k\u00e4siins\u00e4 ja valjastanut Instagram-tilins\u00e4 rahantekokoneeksi.<\/p>\n<p class=\"paragraph\">H\u00e4nell\u00e4 on kuvapalvelussa hurjat 5,1 miljoonaa seuraajaa ja Tiktokissakin per\u00e4ti 5,9 miljoonaa fania.<\/p>\n<p class=\"paragraph\">\u2013 Kyll\u00e4, olen 191-senttinen, h\u00e4n mainostaa Tiktok-profiilissaan.<\/p>\n<p class=\"paragraph\">Reese kirjoittaa X:ss\u00e4, ettei ole aikeissa lopettaa somet\u00f6it\u00e4\u00e4n, vaikka jotkut koripallofanit niin vaativat.<\/p>\n<p class=\"paragraph\">\u2013 En saa unelmaty\u00f6st\u00e4ni riitt\u00e4v\u00e4sti rahaa, ja sivuty\u00f6ss\u00e4ni tienaan seitsem\u00e4nnumeroisia summia, h\u00e4n perustelee.<\/p>\n<p class=\"paragraph\">Reese py\u00f6ritt\u00e4\u00e4 my\u00f6s omaa podcastia ja hyv\u00e4ntekev\u00e4isyysj\u00e4rjest\u00f6\u00e4. Lis\u00e4ksi h\u00e4n on Power FC -nimisen jalkapalloseuran osaomistaja.<\/p>\n<p><script async src=\"\/\/www.instagram.com\/embed.js\"><\/script><\/p>\n","protected":false},"excerpt":{"rendered":"Angel Reese loi tuottavan sivubisneksen. Angel Reese osui kultasuoneen. AOP Koripallon WNBA-liigan supert\u00e4hti Angel Reese, 23, kertoo X:ss\u00e4&hellip;\n","protected":false},"author":2,"featured_media":54621,"comment_status":"","ping_status":"","sticky":false,"template":"","format":"standard","meta":{"footnotes":""},"categories":[158],"tags":[35,722,33,31,30,3288,41,1703,5037,159,32,160],"class_list":{"0":"post-54620","1":"post","2":"type-post","3":"status-publish","4":"format-standard","5":"has-post-thumbnail","7":"category-urheilu","8":"tag-24h","9":"tag-amerikka","10":"tag-fi","11":"tag-finland","12":"tag-finnish","13":"tag-koripalloilu","14":"tag-liikunta-ja-urheilu","15":"tag-miesten-koripallo","16":"tag-national-basketball-association-nba","17":"tag-sports","18":"tag-suomi","19":"tag-urheilu"},"share_on_mastodon":{"url":"","error":""},"_links":{"self":[{"href":"https:\/\/www.europesays.com\/fi\/wp-json\/wp\/v2\/posts\/54620","targetHints":{"allow":["GET"]}}],"collection":[{"href":"https:\/\/www.europesays.com\/fi\/wp-json\/wp\/v2\/posts"}],"about":[{"href":"https:\/\/www.europesays.com\/fi\/wp-json\/wp\/v2\/types\/post"}],"author":[{"embeddable":true,"href":"https:\/\/www.europesays.com\/fi\/wp-json\/wp\/v2\/users\/2"}],"replies":[{"embeddable":true,"href":"https:\/\/www.europesays.com\/fi\/wp-json\/wp\/v2\/comments?post=54620"}],"version-history":[{"count":0,"href":"https:\/\/www.europesays.com\/fi\/wp-json\/wp\/v2\/posts\/54620\/revisions"}],"wp:featuredmedia":[{"embeddable":true,"href":"https:\/\/www.europesays.com\/fi\/wp-json\/wp\/v2\/media\/54621"}],"wp:attachment":[{"href":"https:\/\/www.europesays.com\/fi\/wp-json\/wp\/v2\/media?parent=54620"}],"wp:term":[{"taxonomy":"category","embeddable":true,"href":"https:\/\/www.europesays.com\/fi\/wp-json\/wp\/v2\/categories?post=54620"},{"taxonomy":"post_tag","embeddable":true,"href":"https:\/\/www.europesays.com\/fi\/wp-json\/wp\/v2\/tags?post=54620"}],"curies":[{"name":"wp","href":"https:\/\/api.w.org\/{rel}","templated":true}]}}