{"id":54640,"date":"2025-10-06T20:49:08","date_gmt":"2025-10-06T20:49:08","guid":{"rendered":"https:\/\/www.europesays.com\/fi\/54640\/"},"modified":"2025-10-06T20:49:08","modified_gmt":"2025-10-06T20:49:08","slug":"kristina-kasma-antoi-vieraansa-lenkittaa-koiria-sitten-mies-ja-koirat-katosivat-2","status":"publish","type":"post","link":"https:\/\/www.europesays.com\/fi\/54640\/","title":{"rendered":"Kristina K\u00e4sm\u00e4 antoi vieraansa lenkitt\u00e4\u00e4 koiria, sitten mies ja koirat katosivat"},"content":{"rendered":"<p>Tapahtumasarja p\u00e4\u00e4ttyi lopulta hyvin, sill\u00e4 Kristina K\u00e4sm\u00e4 sai koiransa hyvinvoivina takaisin.<\/p>\n<p class=\"article-body mb-nof-24 px-nof-16\">Sunnuntaina <a class=\"article-personlink\" href=\"https:\/\/www.satakunnankansa.fi\/haku\/?query=Kristina%20K%C3%A4sm%C3%A4\" rel=\"nofollow noopener\" target=\"_blank\">Kristina K\u00e4sm\u00e4<\/a> her\u00e4si kotoaan Tampereelta ja tajusi, ett\u00e4 jokin oli pieless\u00e4. H\u00e4nen koiransa Sulo ja Bablo olivat kadonneet.<\/p>\n<p class=\"article-body mb-nof-24 px-nof-16\">Poissa oli my\u00f6s mies, johon h\u00e4n oli tutustunut y\u00f6ll\u00e4 baarissa.<\/p>\n<p class=\"article-body mb-nof-24 px-nof-16\">Siit\u00e4 alkoi tapahtumaketju, joka lopulta p\u00e4\u00e4ttyi onnellisesti.<\/p>\n<p class=\"article-body mb-nof-24 px-nof-16\">Edellisy\u00f6n\u00e4 K\u00e4sm\u00e4 oli ollut viett\u00e4m\u00e4ss\u00e4 iltaa Pata\u00e4ss\u00e4ss\u00e4. Siell\u00e4 h\u00e4n tutustui <a class=\"article-personlink\" href=\"https:\/\/www.satakunnankansa.fi\/haku\/?query=Jukka%20H%C3%A4melahteen\" rel=\"nofollow noopener\" target=\"_blank\">Jukka H\u00e4melahteen<\/a>, joka lopulta \u201dtarttui mukaan\u201d. Kaksikko p\u00e4\u00e4tti l\u00e4hte\u00e4 jatkamaan iltaa K\u00e4sm\u00e4n asunnolle.<\/p>\n<p class=\"article-body mb-nof-24 px-nof-16\">Asunnolle p\u00e4\u00e4sty\u00e4\u00e4n mies halusi olla yst\u00e4v\u00e4llinen ja tehd\u00e4 palveluksen. H\u00e4n lupautui k\u00e4ytt\u00e4m\u00e4\u00e4n K\u00e4sm\u00e4n koirat ulkona. K\u00e4sm\u00e4 antoi miehelle avaimet, joilla t\u00e4m\u00e4 p\u00e4\u00e4sisi takaisin sis\u00e4\u00e4n.<\/p>\n<p class=\"article-body mb-nof-24 px-nof-16\">Kun H\u00e4melahti ja koirat olivat aamuy\u00f6ll\u00e4 valmiina palaamaan takaisin, H\u00e4melahti ei en\u00e4\u00e4 osannutkaan asunnolle.<\/p>\n<p class=\"article-body mb-nof-24 px-nof-16\">\u201dKokeilin kaikkia ovia porttikongeissa. Sen verran oli alkoholia otettu kuitenkin, etten l\u00f6yt\u00e4nyt oikeaa ovea.\u201d<\/p>\n<p class=\"article-body mb-nof-24 px-nof-16\">K\u00e4sm\u00e4 ja H\u00e4melahti olivat sen verran uusia tuttavia, ettei heill\u00e4 ollut toistensa puhelinnumeroita. Lopulta H\u00e4melahti p\u00e4\u00e4tti ottaa koirien kanssa taksin ja l\u00e4hte\u00e4 kotiinsa Kangasalle.<\/p>\n<p class=\"article-body mb-nof-24 px-nof-16\">Sunnuntaina K\u00e4sm\u00e4n huoli koirista vain kasvoi. H\u00e4n l\u00e4hti kiert\u00e4m\u00e4\u00e4n kaupunkia ja etsim\u00e4\u00e4n niit\u00e4. H\u00e4n soitti my\u00f6s poliisille ja teki p\u00e4ivityksen er\u00e4\u00e4seen Tampereen Facebook-ryhm\u00e4\u00e4n.<\/p>\n<p class=\"article-body mb-nof-24 px-nof-16\">Sill\u00e4 aikaa H\u00e4melahti oli k\u00e4ynyt naapurista hakemassa koiranruokaa ja k\u00e4ytt\u00e4nyt koirat lenkill\u00e4 useaan otteeseen.<\/p>\n<p class=\"article-body mb-nof-24 px-nof-16\">H\u00e4nen mukaansa koirat eiv\u00e4t olleet h\u00e4diss\u00e4\u00e4n, vaan viihtyiv\u00e4t hyvin h\u00e4nen kanssaan.<\/p>\n<p class=\"article-body mb-nof-24 px-nof-16\">H\u00e4n oli my\u00f6s yhteydess\u00e4 entiseen ty\u00f6kaveriinsa, jolla oli Facebook-tili, jotta t\u00e4m\u00e4 osaisi pit\u00e4\u00e4 silm\u00e4t auki sosiaalisessa mediassa.<\/p>\n<p class=\"article-body mb-nof-24 px-nof-16\">Entinen ty\u00f6kaveri n\u00e4ki K\u00e4sm\u00e4n julkaisun ja soitti h\u00e4nelle kertoakseen, ett\u00e4 koirat ja mies olivat kunnossa.<\/p>\n<p class=\"article-body mb-nof-24 px-nof-16\">Lopulta H\u00e4melahti toi koirat takaisin K\u00e4sm\u00e4lle alkuillasta. K\u00e4sm\u00e4kin totesi, ettei koirilla vaikuttanut olleen h\u00e4t\u00e4\u00e4.<\/p>\n<p class=\"article-body mb-nof-24 px-nof-16\">Siit\u00e4 kaksikko suuntasi bingoon, jonne K\u00e4sm\u00e4 oli suunnitellut jo aiemmin menev\u00e4ns\u00e4.<\/p>\n<p class=\"article-body mb-nof-24 px-nof-16\">Kun H\u00e4melahti saapui hieman my\u00f6hemmin paikalle, koko ravintola huusi h\u00e4nen nime\u00e4\u00e4n ja ihmiset taputtivat.<\/p>\n<p class=\"article-body mb-nof-24 px-nof-16\">\u201dMinusta tulikin julkkis yhdess\u00e4 p\u00e4iv\u00e4ss\u00e4\u201d, H\u00e4melahti naureskelee.<\/p>\n<p class=\"article-body mb-nof-24 px-nof-16\">Kummallekaan ei ole aiemmin sattunut vastaavia kommelluksia. K\u00e4sm\u00e4n puolesta ei tarvitse en\u00e4\u00e4 sattuakaan.<\/p>\n<p class=\"article-body mb-nof-24 px-nof-16\">\u201dEn tunne hyv\u00e4ksi itse\u00e4ni, t\u00e4ysin moraalitonta toimintaa\u201d, K\u00e4sm\u00e4 moittii itse\u00e4\u00e4n naurahtaen.<\/p>\n<p class=\"article-body mb-nof-24 px-nof-16\">K\u00e4sm\u00e4n ja H\u00e4melahden v\u00e4lille tapaus ei aiheuttanut riitoja, ja kaksikko on ollut toisiinsa yhteyksiss\u00e4.<\/p>\n<p class=\"article-body mb-nof-24 px-nof-16\">Nyt heill\u00e4 on my\u00f6s toistensa puhelinnumerot.<\/p>\n","protected":false},"excerpt":{"rendered":"Tapahtumasarja p\u00e4\u00e4ttyi lopulta hyvin, sill\u00e4 Kristina K\u00e4sm\u00e4 sai koiransa hyvinvoivina takaisin. Sunnuntaina Kristina K\u00e4sm\u00e4 her\u00e4si kotoaan Tampereelta ja&hellip;\n","protected":false},"author":2,"featured_media":54641,"comment_status":"","ping_status":"","sticky":false,"template":"","format":"standard","meta":{"footnotes":""},"categories":[12],"tags":[22,23,26,27,33,31,30,17,24,25,28,29,15,18,21,80,32,19,20,16],"class_list":{"0":"post-54640","1":"post","2":"type-post","3":"status-publish","4":"format-standard","5":"has-post-thumbnail","7":"category-suomi","8":"tag-breaking-news","9":"tag-breakingnews","10":"tag-featured-news","11":"tag-featurednews","12":"tag-fi","13":"tag-finland","14":"tag-finnish","15":"tag-headlines","16":"tag-latest-news","17":"tag-latestnews","18":"tag-main-news","19":"tag-mainnews","20":"tag-news","21":"tag-otsikot","22":"tag-paauutiset","23":"tag-satakunnan-kansa","24":"tag-suomi","25":"tag-top-stories","26":"tag-topstories","27":"tag-uutiset"},"share_on_mastodon":{"url":"","error":""},"_links":{"self":[{"href":"https:\/\/www.europesays.com\/fi\/wp-json\/wp\/v2\/posts\/54640","targetHints":{"allow":["GET"]}}],"collection":[{"href":"https:\/\/www.europesays.com\/fi\/wp-json\/wp\/v2\/posts"}],"about":[{"href":"https:\/\/www.europesays.com\/fi\/wp-json\/wp\/v2\/types\/post"}],"author":[{"embeddable":true,"href":"https:\/\/www.europesays.com\/fi\/wp-json\/wp\/v2\/users\/2"}],"replies":[{"embeddable":true,"href":"https:\/\/www.europesays.com\/fi\/wp-json\/wp\/v2\/comments?post=54640"}],"version-history":[{"count":0,"href":"https:\/\/www.europesays.com\/fi\/wp-json\/wp\/v2\/posts\/54640\/revisions"}],"wp:featuredmedia":[{"embeddable":true,"href":"https:\/\/www.europesays.com\/fi\/wp-json\/wp\/v2\/media\/54641"}],"wp:attachment":[{"href":"https:\/\/www.europesays.com\/fi\/wp-json\/wp\/v2\/media?parent=54640"}],"wp:term":[{"taxonomy":"category","embeddable":true,"href":"https:\/\/www.europesays.com\/fi\/wp-json\/wp\/v2\/categories?post=54640"},{"taxonomy":"post_tag","embeddable":true,"href":"https:\/\/www.europesays.com\/fi\/wp-json\/wp\/v2\/tags?post=54640"}],"curies":[{"name":"wp","href":"https:\/\/api.w.org\/{rel}","templated":true}]}}