{"id":54687,"date":"2025-10-06T22:34:07","date_gmt":"2025-10-06T22:34:07","guid":{"rendered":"https:\/\/www.europesays.com\/fi\/54687\/"},"modified":"2025-10-06T22:34:07","modified_gmt":"2025-10-06T22:34:07","slug":"trump-optimistinen-siita-etta-gazan-rauhansopimus-syntyy-pian-uutisia-lyhyesti","status":"publish","type":"post","link":"https:\/\/www.europesays.com\/fi\/54687\/","title":{"rendered":"Trump optimistinen siit\u00e4, ett\u00e4 Gazan rauhansopimus \u201dsyntyy pian\u201d | Uutisia lyhyesti"},"content":{"rendered":"<p class=\"aw-1gybjub aw-5vja16 cmIuaG zKETg yle__article__paragraph\">Neuvotteluissa on Trumpin mukaan tapahtunut valtavan paljon edistyst\u00e4.<\/p>\n<p>6.10. 23:40\u2022P\u00e4ivitetty 0:04<\/p>\n<p class=\"aw-1gybjub aw-1p7kakr cmIuaG fmSRng yle__article__paragraph\">Yhdysvaltain presidentti <strong class=\"aw-ak79eh KyCXm yle__article__strong\">Donald Trump<\/strong> sanoi maanantaina, ett\u00e4 h\u00e4n uskoo Gazan rauhansopimuksen syntyv\u00e4n pian.<\/p>\n<p class=\"aw-1gybjub aw-1p7kakr cmIuaG fmSRng yle__article__paragraph\">Puhuessaan toimittajille Valkoisen talon Oval Officessa Trump sanoi, ett\u00e4 neuvotteluissa on tapahtunut valtavan paljon edistyst\u00e4.<\/p>\n<p class=\"aw-1gybjub aw-1p7kakr cmIuaG fmSRng yle__article__paragraph\">\u2013 Meill\u00e4 tulee olemaan Gazan rauhansopimus, olen melko varma siit\u00e4, kyll\u00e4, Yhdysvaltain presidentti sanoi.<\/p>\n<p class=\"aw-1gybjub aw-1p7kakr cmIuaG fmSRng yle__article__paragraph\">Trump sanoi \u00e4\u00e4rij\u00e4rjest\u00f6 Hamasin suostuneen &#8221;hyvin t\u00e4rkeisiin&#8221; asioihin, kun Hamasin ja Israelin valtuuskunnat aloittivat ep\u00e4suorat neuvottelut Egyptiss\u00e4 sodan p\u00e4\u00e4tt\u00e4misest\u00e4 Trumpin 20-kohtaisen suunnitelman mukaisesti.<\/p>\n<p class=\"aw-1gybjub aw-1p7kakr cmIuaG fmSRng yle__article__paragraph\">\u2013 Mielest\u00e4ni meill\u00e4 menee eritt\u00e4in hyvin ja mielest\u00e4ni Hamas on suostunut asioihin, jotka ovat hyvin t\u00e4rkeit\u00e4, Trump sanoi, kun toimittajat kysyiv\u00e4t h\u00e4nelt\u00e4 neuvotteluista.<\/p>\n<p class=\"aw-1gybjub aw-1p7kakr cmIuaG fmSRng yle__article__paragraph\">Trump my\u00f6s kiisti toimittajille tiedon, jonka mukaan h\u00e4n olisi syytt\u00e4nyt Israelin p\u00e4\u00e4ministeri <strong class=\"aw-ak79eh KyCXm yle__article__strong\">Benjamin Netanjahua<\/strong> kielteisest\u00e4 suhtautumisesta neuvotteluihin sanoen, ett\u00e4 Netanjahu on ollut &#8221;hyvin my\u00f6nteinen sopimuksen suhteen.&#8221;<\/p>\n<p class=\"aw-1gybjub aw-1p7kakr cmIuaG fmSRng yle__article__paragraph\">AFP, Reuters<\/p>\n","protected":false},"excerpt":{"rendered":"Neuvotteluissa on Trumpin mukaan tapahtunut valtavan paljon edistyst\u00e4. 6.10. 23:40\u2022P\u00e4ivitetty 0:04 Yhdysvaltain presidentti Donald Trump sanoi maanantaina, ett\u00e4&hellip;\n","protected":false},"author":2,"featured_media":74,"comment_status":"","ping_status":"","sticky":false,"template":"","format":"standard","meta":{"footnotes":""},"categories":[14],"tags":[22,23,585,26,27,33,31,30,994,505,997,17,993,992,24,25,28,29,15,18,21,995,5071,32,19,20,56,16,6407,59,60,61,619],"class_list":{"0":"post-54687","1":"post","2":"type-post","3":"status-publish","4":"format-standard","5":"has-post-thumbnail","7":"category-ulkomaat","8":"tag-breaking-news","9":"tag-breakingnews","10":"tag-donald-trump","11":"tag-featured-news","12":"tag-featurednews","13":"tag-fi","14":"tag-finland","15":"tag-finnish","16":"tag-gazan-kaista","17":"tag-gazan-sota","18":"tag-hamas","19":"tag-headlines","20":"tag-israel","21":"tag-lahi-ita","22":"tag-latest-news","23":"tag-latestnews","24":"tag-main-news","25":"tag-mainnews","26":"tag-news","27":"tag-otsikot","28":"tag-paauutiset","29":"tag-palestiinalaisalueet","30":"tag-rauhansopimukset","31":"tag-suomi","32":"tag-top-stories","33":"tag-topstories","34":"tag-ulkomaat","35":"tag-uutiset","36":"tag-valkoinen-talo","37":"tag-world","38":"tag-world-news","39":"tag-worldnews","40":"tag-yhdysvallat"},"share_on_mastodon":{"url":"","error":""},"_links":{"self":[{"href":"https:\/\/www.europesays.com\/fi\/wp-json\/wp\/v2\/posts\/54687","targetHints":{"allow":["GET"]}}],"collection":[{"href":"https:\/\/www.europesays.com\/fi\/wp-json\/wp\/v2\/posts"}],"about":[{"href":"https:\/\/www.europesays.com\/fi\/wp-json\/wp\/v2\/types\/post"}],"author":[{"embeddable":true,"href":"https:\/\/www.europesays.com\/fi\/wp-json\/wp\/v2\/users\/2"}],"replies":[{"embeddable":true,"href":"https:\/\/www.europesays.com\/fi\/wp-json\/wp\/v2\/comments?post=54687"}],"version-history":[{"count":0,"href":"https:\/\/www.europesays.com\/fi\/wp-json\/wp\/v2\/posts\/54687\/revisions"}],"wp:featuredmedia":[{"embeddable":true,"href":"https:\/\/www.europesays.com\/fi\/wp-json\/wp\/v2\/media\/74"}],"wp:attachment":[{"href":"https:\/\/www.europesays.com\/fi\/wp-json\/wp\/v2\/media?parent=54687"}],"wp:term":[{"taxonomy":"category","embeddable":true,"href":"https:\/\/www.europesays.com\/fi\/wp-json\/wp\/v2\/categories?post=54687"},{"taxonomy":"post_tag","embeddable":true,"href":"https:\/\/www.europesays.com\/fi\/wp-json\/wp\/v2\/tags?post=54687"}],"curies":[{"name":"wp","href":"https:\/\/api.w.org\/{rel}","templated":true}]}}