{"id":54726,"date":"2025-10-06T23:54:11","date_gmt":"2025-10-06T23:54:11","guid":{"rendered":"https:\/\/www.europesays.com\/fi\/54726\/"},"modified":"2025-10-06T23:54:11","modified_gmt":"2025-10-06T23:54:11","slug":"ammattikuljettajat-paasevat-edelleen-vessaan-ja-suihkuun-vaikka-kuortin-ja-juvan-abct-sulkevat-ovensa-yoksi-kotimaa","status":"publish","type":"post","link":"https:\/\/www.europesays.com\/fi\/54726\/","title":{"rendered":"Ammattikuljettajat p\u00e4\u00e4sev\u00e4t edelleen vessaan ja suihkuun, vaikka Kuortin ja Juvan ABC:t sulkevat ovensa y\u00f6ksi | Kotimaa"},"content":{"rendered":"<p class=\"aw-1gybjub aw-5vja16 cmIuaG zKETg yle__article__paragraph\">Viitostiell\u00e4 sijaitsevat Kuortin ja Juvan ABC:t supistavat aukioloaikojaan, mutta ammattikuljettajien taukotilat ovat edelleen k\u00e4yt\u00f6ss\u00e4 vuorokauden ymp\u00e4ri.<\/p>\n<p><img decoding=\"async\" alt=\"Kuortin aluetta. Abc-bensa-asema ja muita kiinteist\u00f6j\u00e4.\" src=\"https:\/\/www.europesays.com\/fi\/wp-content\/uploads\/2025\/10\/39-11832086523acc46d9a9.jpeg\" class=\"aw-1l9m598 hKVVvP\"\/><\/p>\n<p>Avaa kuvien katselu<\/p>\n<p>Kuortti sijaitsee M\u00e4ntyharjulla. Liikenneasema on kuvassa etualalla. Kuva: Simo Pitk\u00e4nen \/ Yle<\/p>\n<p>Juttu tiivistettyn\u00e4<\/p>\n<ul class=\"aw-1jjocuh iJTSwP yle__article__list yle__article__list--ul\">\n<li class=\"aw-1j7gwms kUeLji\">Ammattikuljettajat voivat k\u00e4ytt\u00e4\u00e4 taukotilojaan Kuortin ja Juvan ABC:ll\u00e4 \u00f6isin, vaikka asemat sulkeutuvat muilta asiakkailta.<\/li>\n<li class=\"aw-1j7gwms kUeLji\">Taukotilat, wc-tilat ja suihkut ovat auki 24 tuntia kuljettajien k\u00e4ytt\u00f6\u00f6n, ja niihin p\u00e4\u00e4see kulkuluvalla.<\/li>\n<li class=\"aw-1j7gwms kUeLji\">Liikenneasemien y\u00f6aukiolojen rajoittaminen on her\u00e4tt\u00e4nyt keskustelua. Kuljettajat ovat huolissaan sosiaalisten tilojen puutteesta.<\/li>\n<li class=\"aw-1j7gwms kUeLji\">Suur-Savon osuuskauppa supistaa liikenneasemien y\u00f6aukioloja, koska ne eiv\u00e4t ole kannattavaa toimintaa.<\/li>\n<\/ul>\n<p class=\"aw-1gybjub aw-1p7kakr cmIuaG fmSRng yle__article__paragraph\">T\u00e4m\u00e4 on teko\u00e4lyn avulla tuotettu, toimittajan tarkistama tiivistelm\u00e4.<\/p>\n<p class=\"aw-1gybjub aw-1p7kakr cmIuaG fmSRng yle__article__paragraph\">Ammattikuljettajat p\u00e4\u00e4sev\u00e4t edelleen taukotiloihin \u00f6isin, vaikka Kuortin ja Juvan ABC:t <a class=\"aw-iao6s4 iHOxEa yle__article__link\" href=\"https:\/\/yle.fi\/a\/74-20184322\" role=\"link\" rel=\"nofollow noopener\" target=\"_blank\">suljetaan muilta asiakkailta<\/a> kello 24\u20136.<\/p>\n<p class=\"aw-1gybjub aw-1p7kakr cmIuaG fmSRng yle__article__paragraph\">Asiasta kertoo Suur-Savon osuuskaupan toimialajohtaja <strong class=\"aw-ak79eh KyCXm yle__article__strong\">Sami Kovanen.<\/strong><\/p>\n<p class=\"aw-1gybjub aw-1p7kakr cmIuaG fmSRng yle__article__paragraph\">\u2013 Heill\u00e4 on edelleen kulkuoikeus tauko- ja wc-tiloihin, suihkuihin ja Juvalla jopa saunaan. Ne ovat 24 tuntia kuljettajien k\u00e4yt\u00f6ss\u00e4.<\/p>\n<p class=\"aw-1gybjub aw-1p7kakr cmIuaG fmSRng yle__article__paragraph\">Tiloihin p\u00e4\u00e4see kulkuluvalla, joka toimii kaikilla Suomen ABC-asemilla.<\/p>\n<p class=\"aw-1gybjub aw-1p7kakr cmIuaG fmSRng yle__article__paragraph\">Kuortin ja Juvan liikenneasemien y\u00f6aukiolojen lopettaminen on her\u00e4tt\u00e4nyt paljon keskustelua. Asiaa on kommentoinut muun muassa <a class=\"aw-iao6s4 iHOxEa yle__article__link\" href=\"https:\/\/www.akt.fi\/uutiset\/akt-pula-rekkaparkeista-stressaa-kuljettajia\/\" role=\"link\" rel=\"nofollow noopener\" target=\"_blank\">Auto- ja kuljetusalan ty\u00f6ntekij\u00e4liitto AKT<\/a>.<\/p>\n<p class=\"aw-1gybjub aw-1p7kakr cmIuaG fmSRng yle__article__paragraph\">AKT:n hallituksen j\u00e4sen <strong class=\"aw-ak79eh KyCXm yle__article__strong\">Janne Karhiaho<\/strong> on tyytyv\u00e4inen kuullessaan, ett\u00e4 taukotilojen k\u00e4ytt\u00f6 on edelleen mahdollista.<\/p>\n<p class=\"aw-1gybjub aw-1p7kakr cmIuaG fmSRng yle__article__paragraph\">\u2013 Varsinkin Juvalla y\u00f6pyy paljon porukkaa ja my\u00f6s y\u00f6ty\u00f6l\u00e4iset viett\u00e4v\u00e4t siell\u00e4 lyhyempi\u00e4 taukoja. Se on Viitostiell\u00e4 t\u00e4rke\u00e4.<\/p>\n<p class=\"aw-1gybjub aw-1p7kakr cmIuaG fmSRng yle__article__paragraph\">Liikenneasemilla ei ole majoitustiloja, vaan kuljettajat y\u00f6pyv\u00e4t autoissaan. Karhiahollakin on rekassaan my\u00f6s muun muassa mikroaaltouuni. Sosiaalitilat kuitenkin puuttuvat.<\/p>\n<p class=\"aw-1gybjub aw-1p7kakr cmIuaG fmSRng yle__article__paragraph\">\u2013 Y\u00f6vuoroja ajavat eiv\u00e4t y\u00f6vy autoissa, vaan he ovat t\u00e4ysin ulkopuolisten palveluiden varassa. Heille olisi t\u00e4rke\u00e4\u00e4 saada kunnollista, terveellist\u00e4 ruokaa.<\/p>\n<p>Markkinatilanne muuttui<\/p>\n<p class=\"aw-1gybjub aw-1p7kakr cmIuaG fmSRng yle__article__paragraph\">\u00d6isin auki olevien liikenneasemien m\u00e4\u00e4r\u00e4 on supistunut koronavuosien j\u00e4lkeen. <a class=\"aw-iao6s4 iHOxEa yle__article__link\" href=\"https:\/\/yle.fi\/a\/74-20184829\" role=\"link\" rel=\"nofollow noopener\" target=\"_blank\">Ammattikuljettajat ovat asiasta pahoillaan<\/a>.<\/p>\n<p class=\"aw-1gybjub aw-1p7kakr cmIuaG fmSRng yle__article__paragraph\">\u2013 Kun ABC-ketju aikanaan kasvoi, niin se lis\u00e4si palveluita, joiden varassa reissussa liikutaan, Janne Karhiaho sanoo.<\/p>\n<p class=\"aw-1gybjub aw-1p7kakr cmIuaG fmSRng yle__article__paragraph\">Suur-Savon Sami Kovasen mukaan alueosuuskaupat ovat saaneet p\u00e4\u00e4tt\u00e4\u00e4 itse liikenneasemien aukioloajoista koronavuosien j\u00e4lkeen.<\/p>\n<p class=\"aw-1gybjub aw-1p7kakr cmIuaG fmSRng yle__article__paragraph\">Sit\u00e4 ennen ketjun sis\u00e4inen palvelulupaus oli, ett\u00e4 ne ovat auki v\u00e4hint\u00e4\u00e4n kello 6\u201324.<\/p>\n<p class=\"aw-1gybjub aw-1p7kakr cmIuaG fmSRng yle__article__paragraph\">\u2013 Y\u00f6 on ollut aina haasteellinen ajankohta, sanoo Kovanen.<\/p>\n<p class=\"aw-1gybjub aw-1p7kakr cmIuaG fmSRng yle__article__paragraph\">H\u00e4nen mukaansa markkinatilanteeseen on vaikuttanut muun muassa kauppojen aukioloaikojen vapauttaminen vuonna 2016.<\/p>\n<p class=\"aw-1gybjub aw-1p7kakr cmIuaG fmSRng yle__article__paragraph\">Sen j\u00e4lkeen liikenneasema ei ollut en\u00e4\u00e4 paikkakuntansa ainut myym\u00e4l\u00e4, josta saa maitoa ja vaippoja sunnuntaisinkin.<\/p>\n<p class=\"aw-1gybjub aw-1p7kakr cmIuaG fmSRng yle__article__paragraph\">Etel\u00e4-Savon ainut ymp\u00e4rivuorokautinen liikenneasema on joulukuun alusta l\u00e4htien Mikkeliss\u00e4 sijaitseva Pitk\u00e4j\u00e4rven ABC.<\/p>\n<p class=\"aw-1gybjub aw-1p7kakr cmIuaG fmSRng yle__article__paragraph\">Samalla se on maakuntakeskuksen ainut ymp\u00e4rivuorokautinen ruokakauppa.<\/p>\n<p class=\"aw-1gybjub aw-1p7kakr cmIuaG fmSRng yle__article__paragraph\">\u2013 Y\u00f6aukiolo vaatii sit\u00e4, ett\u00e4 liikennemyym\u00e4l\u00e4 sijaitsee kasvukeskuksen tai ison taajaman ymp\u00e4rill\u00e4, Kovanen sanoo.<\/p>\n","protected":false},"excerpt":{"rendered":"Viitostiell\u00e4 sijaitsevat Kuortin ja Juvan ABC:t supistavat aukioloaikojaan, mutta ammattikuljettajien taukotilat ovat edelleen k\u00e4yt\u00f6ss\u00e4 vuorokauden ymp\u00e4ri. Avaa kuvien&hellip;\n","protected":false},"author":2,"featured_media":54727,"comment_status":"","ping_status":"","sticky":false,"template":"","format":"standard","meta":{"footnotes":""},"categories":[5],"tags":[13131,22,23,184,26,27,33,31,30,17,7462,71,13129,24,25,1161,28,29,15,18,21,13130,32,13132,19,20,16],"class_list":{"0":"post-54726","1":"post","2":"type-post","3":"status-publish","4":"format-standard","5":"has-post-thumbnail","7":"category-otsikot","8":"tag-abc-huoltoasemaketju","9":"tag-breaking-news","10":"tag-breakingnews","11":"tag-etela-savo","12":"tag-featured-news","13":"tag-featurednews","14":"tag-fi","15":"tag-finland","16":"tag-finnish","17":"tag-headlines","18":"tag-juva","19":"tag-kotimaa","20":"tag-kuortti","21":"tag-latest-news","22":"tag-latestnews","23":"tag-liikenne","24":"tag-main-news","25":"tag-mainnews","26":"tag-news","27":"tag-otsikot","28":"tag-paauutiset","29":"tag-pertunmaa","30":"tag-suomi","31":"tag-suur-savon-osuuskauppa","32":"tag-top-stories","33":"tag-topstories","34":"tag-uutiset"},"share_on_mastodon":{"url":"","error":""},"_links":{"self":[{"href":"https:\/\/www.europesays.com\/fi\/wp-json\/wp\/v2\/posts\/54726","targetHints":{"allow":["GET"]}}],"collection":[{"href":"https:\/\/www.europesays.com\/fi\/wp-json\/wp\/v2\/posts"}],"about":[{"href":"https:\/\/www.europesays.com\/fi\/wp-json\/wp\/v2\/types\/post"}],"author":[{"embeddable":true,"href":"https:\/\/www.europesays.com\/fi\/wp-json\/wp\/v2\/users\/2"}],"replies":[{"embeddable":true,"href":"https:\/\/www.europesays.com\/fi\/wp-json\/wp\/v2\/comments?post=54726"}],"version-history":[{"count":0,"href":"https:\/\/www.europesays.com\/fi\/wp-json\/wp\/v2\/posts\/54726\/revisions"}],"wp:featuredmedia":[{"embeddable":true,"href":"https:\/\/www.europesays.com\/fi\/wp-json\/wp\/v2\/media\/54727"}],"wp:attachment":[{"href":"https:\/\/www.europesays.com\/fi\/wp-json\/wp\/v2\/media?parent=54726"}],"wp:term":[{"taxonomy":"category","embeddable":true,"href":"https:\/\/www.europesays.com\/fi\/wp-json\/wp\/v2\/categories?post=54726"},{"taxonomy":"post_tag","embeddable":true,"href":"https:\/\/www.europesays.com\/fi\/wp-json\/wp\/v2\/tags?post=54726"}],"curies":[{"name":"wp","href":"https:\/\/api.w.org\/{rel}","templated":true}]}}