{"id":54731,"date":"2025-10-07T00:14:17","date_gmt":"2025-10-07T00:14:17","guid":{"rendered":"https:\/\/www.europesays.com\/fi\/54731\/"},"modified":"2025-10-07T00:14:17","modified_gmt":"2025-10-07T00:14:17","slug":"brooklyn-beckham-ja-nicola-peltz-eivat-saapuneet-victoria-beckhamin-muotinaytokseen","status":"publish","type":"post","link":"https:\/\/www.europesays.com\/fi\/54731\/","title":{"rendered":"Brooklyn Beckham ja Nicola Peltz eiv\u00e4t saapuneet Victoria Beckhamin muotin\u00e4yt\u00f6kseen"},"content":{"rendered":"<p>Victoria Beckham esitteli ensi vuoden vaatteitaan Pariisin muotiviikoilla. L\u00e4hes koko perhe saapui paikalle.<\/p>\n<p>6.10. 19:01<\/p>\n<p class=\"article-body mb-nof-24 px-nof-16\">Pariisin muotiviikot ovat parhaillaan k\u00e4ynniss\u00e4 ja tapahtumassa n\u00e4htiin my\u00f6s <a class=\"article-personlink\" href=\"https:\/\/www.is.fi\/haku\/?query=Victoria%20Beckhamin\" rel=\"nofollow noopener\" target=\"_blank\">Victoria Beckhamin<\/a> muotin\u00e4yt\u00f6s. Beckhamin perheelle ominaiseen tapaan erityisest\u00e4 hetkest\u00e4 on julkaistu runsaasti kuvia sosiaaliseen mediaan, mutta j\u00e4lleen kaksi perheenj\u00e4sent\u00e4 loistivat poissaolollaan, kertoo <a class=\"article-genericlink\" href=\"https:\/\/pagesix.com\/2025\/10\/03\/celebrity-news\/brooklyn-beckham-and-nicola-peltz-skip-mom-victorias-paris-fashion-week-show-while-siblings-show-up-in-support\/\" rel=\"nofollow noopener\" target=\"_blank\">Page Six<\/a>.<\/p>\n<p class=\"article-body mb-nof-24 px-nof-16\">Perheen vanhin poika <a class=\"article-personlink\" href=\"https:\/\/www.is.fi\/haku\/?query=Brooklyn%20Beckham\" rel=\"nofollow noopener\" target=\"_blank\">Brooklyn Beckham<\/a> sek\u00e4 h\u00e4nen puolisonsa <a class=\"article-personlink\" href=\"https:\/\/www.is.fi\/haku\/?query=Nicola%20Peltz\" rel=\"nofollow noopener\" target=\"_blank\">Nicola Peltz<\/a> eiv\u00e4t saapuneet paikalle.<\/p>\n<p><img decoding=\"async\" src=\"https:\/\/www.europesays.com\/fi\/wp-content\/uploads\/2025\/10\/1759796054_482_468.jpg\" alt=\"David Beckham sek\u00e4 lapset Romeo ja Harper saapuivat kannustamaan Victoria Beckhamia.\" class=\"_Img_1rerz_1\" style=\"aspect-ratio:0.6661458333333333\" loading=\"eager\"\/><\/p>\n<p class=\"article-picture-caption\">David Beckham sek\u00e4 lapset Romeo ja Harper saapuivat kannustamaan Victoria Beckhamia. Kuva:\u00a0STELLA Pictures\/ddp\/abaca press\/AOP<\/p>\n<p><img decoding=\"async\" src=\"https:\/\/www.europesays.com\/fi\/wp-content\/uploads\/2025\/10\/1759796055_154_468.jpg\" alt=\"Cruz Beckham saapui paikalle tytt\u00f6yst\u00e4v\u00e4ns\u00e4 Jackie Apostelin kanssa. Pariskunta on saanut sosiaalisessa mediassa kritiikki\u00e4 ik\u00e4erostaan: Apostel on Beckhamia miltei 10 vuotta vanhempi.\" class=\"_Img_1rerz_1\" style=\"aspect-ratio:0.7276041666666667\" loading=\"eager\"\/><\/p>\n<p class=\"article-picture-caption\">Cruz Beckham saapui paikalle tytt\u00f6yst\u00e4v\u00e4ns\u00e4 Jackie Apostelin kanssa. Pariskunta on saanut sosiaalisessa mediassa kritiikki\u00e4 ik\u00e4erostaan: Apostel on Beckhamia miltei 10 vuotta vanhempi. Kuva:\u00a0LELE, NINO \/ BACKGRID\/All Over Press<\/p>\n<p class=\"article-body mb-nof-24 px-nof-16\">Victoria Beckham julkaisi <a class=\"article-genericlink\" href=\"https:\/\/www.instagram.com\/p\/DPXXznsiFox\/?utm_source=ig_web_copy_link&amp;igsh=OHkyeHY0aXBmaGc=\" rel=\"nofollow noopener\" target=\"_blank\">Instagramissaan<\/a> kuvan perheest\u00e4. Kommenttikent\u00e4ss\u00e4 joku kuittailee, ett\u00e4 Brooklyn-poika on korvattu David Beckhamin vieress\u00e4 poseeraavalla <a class=\"article-personlink\" href=\"https:\/\/www.is.fi\/haku\/?query=Anna%20Wintourilla\" rel=\"nofollow noopener\" target=\"_blank\">Anna Wintourilla<\/a>.<\/p>\n<p class=\"article-body mb-nof-24 px-nof-16\">\u2013 Anna on uusi Brooklyn, toinen kommentoi.<\/p>\n<p class=\"article-body mb-nof-24 px-nof-16\">\u2013 Anna Wintour Beckham, kolmas naljailee.<\/p>\n<p class=\"article-body mb-nof-24 px-nof-16\">\u2013 Rakastan teit\u00e4 kaikkia niin paljon&#8230; En voisi tehd\u00e4 t\u00e4t\u00e4 kaikkea ilman teit\u00e4, kirjoitti Victoria Beckham julkaisussa.<\/p>\n<p><img decoding=\"async\" src=\"https:\/\/www.europesays.com\/fi\/wp-content\/uploads\/2025\/10\/1759796055_668_468.jpg\" alt=\"Victoria Beckhamin muotin\u00e4yt\u00f6ksess\u00e4 esiteltiin ensi vuoden luomuksia.\" class=\"_Img_1rerz_1\" style=\"aspect-ratio:1.5035238841033673\" loading=\"eager\"\/><\/p>\n<p class=\"article-picture-caption\">Victoria Beckhamin muotin\u00e4yt\u00f6ksess\u00e4 esiteltiin ensi vuoden luomuksia. Kuva:\u00a0Gonzalo Fuentes \/ Reuters<\/p>\n<p class=\"article-body mb-nof-24 px-nof-16\">Brooklyn Beckham ja Nicola Peltz eiv\u00e4t ole osallistuneet Victoria Beckhamin muotin\u00e4yt\u00f6ksiin sitten vuoden 2023. Kaksikko j\u00e4tti v\u00e4list\u00e4 my\u00f6s Davidin 50-vuotissyntym\u00e4p\u00e4iv\u00e4juhlat kev\u00e4\u00e4ll\u00e4 ja uusi h\u00e4\u00e4valansa ilman, ett\u00e4 kukaan Beckhameista oli paikalla.<\/p>\n<p class=\"article-body mb-nof-24 px-nof-16\">Page Sixin mukaan riita Victorian ja Nicolan v\u00e4lill\u00e4 n\u00e4kyi jo vuonna 2022, kun Nicola ja Brooklyn suunnittelivat h\u00e4it\u00e4\u00e4n. Nicolan oli alunperin tarkoitus pukeutua Victorian suunnittelemaan h\u00e4\u00e4pukuun, mutta h\u00e4n p\u00e4\u00e4tyikin sitten toisen muotimerkin mekkoon.<\/p>\n<p><img decoding=\"async\" src=\"https:\/\/www.europesays.com\/fi\/wp-content\/uploads\/2025\/10\/1759796057_945_468.jpg\" alt=\"\" class=\"_Img_1rerz_1\" style=\"aspect-ratio:0.8\" loading=\"eager\"\/><\/p>\n<p class=\"article-picture-caption\">Kuva:\u00a0Ik Aldama\/dpa via ZUMA Press<\/p>\n<p class=\"article-body mb-nof-24 px-nof-16\">Muutama p\u00e4iv\u00e4 sitten Brooklyn kommentoi <a class=\"article-genericlink\" href=\"https:\/\/www.dailymail.co.uk\/sport\/golf\/article-15130387\/Brooklyn-Beckham-feud-David-Victoria-Inter-Miami-New-York-Ryder-Cup.html\" rel=\"nofollow noopener\" target=\"_blank\">Daily Mailille<\/a>, ettei v\u00e4lit\u00e4, mit\u00e4 perheen huhutusta v\u00e4lirikosta kirjoitetaan.<\/p>\n<p class=\"article-body mb-nof-24 px-nof-16\">\u2013\u2009Aina tulee olemaan ihmisi\u00e4, jotka sanovat negatiivisia asioita, mutta vaimoni tukee minua. Min\u00e4 ja h\u00e4n, me keskitymme omiin tekemisiimme, pid\u00e4mme p\u00e4\u00e4mme alhaalla ja teemme t\u00f6it\u00e4. Ja olemme onnellisia, Brooklyn sanoi lehdelle.<\/p>\n<p><script async src=\"\/\/www.instagram.com\/embed.js\"><\/script><\/p>\n","protected":false},"excerpt":{"rendered":"Victoria Beckham esitteli ensi vuoden vaatteitaan Pariisin muotiviikoilla. L\u00e4hes koko perhe saapui paikalle. 6.10. 19:01 Pariisin muotiviikot ovat&hellip;\n","protected":false},"author":2,"featured_media":54732,"comment_status":"","ping_status":"","sticky":false,"template":"","format":"standard","meta":{"footnotes":""},"categories":[130],"tags":[137,33,31,30,34,32,109],"class_list":{"0":"post-54731","1":"post","2":"type-post","3":"status-publish","4":"format-standard","5":"has-post-thumbnail","7":"category-viihde","8":"tag-entertainment","9":"tag-fi","10":"tag-finland","11":"tag-finnish","12":"tag-ilta-sanomat","13":"tag-suomi","14":"tag-viihde"},"share_on_mastodon":{"url":"","error":""},"_links":{"self":[{"href":"https:\/\/www.europesays.com\/fi\/wp-json\/wp\/v2\/posts\/54731","targetHints":{"allow":["GET"]}}],"collection":[{"href":"https:\/\/www.europesays.com\/fi\/wp-json\/wp\/v2\/posts"}],"about":[{"href":"https:\/\/www.europesays.com\/fi\/wp-json\/wp\/v2\/types\/post"}],"author":[{"embeddable":true,"href":"https:\/\/www.europesays.com\/fi\/wp-json\/wp\/v2\/users\/2"}],"replies":[{"embeddable":true,"href":"https:\/\/www.europesays.com\/fi\/wp-json\/wp\/v2\/comments?post=54731"}],"version-history":[{"count":0,"href":"https:\/\/www.europesays.com\/fi\/wp-json\/wp\/v2\/posts\/54731\/revisions"}],"wp:featuredmedia":[{"embeddable":true,"href":"https:\/\/www.europesays.com\/fi\/wp-json\/wp\/v2\/media\/54732"}],"wp:attachment":[{"href":"https:\/\/www.europesays.com\/fi\/wp-json\/wp\/v2\/media?parent=54731"}],"wp:term":[{"taxonomy":"category","embeddable":true,"href":"https:\/\/www.europesays.com\/fi\/wp-json\/wp\/v2\/categories?post=54731"},{"taxonomy":"post_tag","embeddable":true,"href":"https:\/\/www.europesays.com\/fi\/wp-json\/wp\/v2\/tags?post=54731"}],"curies":[{"name":"wp","href":"https:\/\/api.w.org\/{rel}","templated":true}]}}