{"id":54782,"date":"2025-10-07T02:04:09","date_gmt":"2025-10-07T02:04:09","guid":{"rendered":"https:\/\/www.europesays.com\/fi\/54782\/"},"modified":"2025-10-07T02:04:09","modified_gmt":"2025-10-07T02:04:09","slug":"ranska-on-sekaisin-kuin-seinakello-tata-on-luvassa-tulevina-paivina","status":"publish","type":"post","link":"https:\/\/www.europesays.com\/fi\/54782\/","title":{"rendered":"Ranska on sekaisin kuin sein\u00e4kello \u2013 T\u00e4t\u00e4 on luvassa tulevina p\u00e4ivin\u00e4"},"content":{"rendered":"<p>Ex-p\u00e4\u00e4ministeri ei halua jatkaa teht\u00e4v\u00e4ss\u00e4\u00e4n, vaikka onnistuisikin solmimaan sovun puolueiden v\u00e4lille.<\/p>\n<p><img decoding=\"async\" class=\"image image-show image-preview\" src=\"https:\/\/www.europesays.com\/fi\/wp-content\/uploads\/2025\/10\/7c4eb2fae7f8fc30934848f08857390c303ef047ab7726ed3f79cc1f64398c3b.jpg\" alt=\"\"\/><img decoding=\"async\" class=\"image image-show\" src=\"https:\/\/www.europesays.com\/fi\/wp-content\/uploads\/2025\/10\/1759802649_512_7c4eb2fae7f8fc30934848f08857390c303ef047ab7726ed3f79cc1f64398c3b.jpg\" alt=\"\"\/><\/p>\n<p>S\u00e9bastien Lecornu yritt\u00e4\u00e4 edist\u00e4\u00e4 hallitusneuvotteluita viel\u00e4 kerran. EPA \/ AOP<\/p>\n<p class=\"paragraph\">Ranskan p\u00e4\u00e4ministeri <a href=\"https:\/\/www.iltalehti.fi\/henkilot\/S\u00e9bastien Lecornu\" class=\"article-link-person-page\" rel=\"nofollow noopener\" target=\"_blank\">S\u00e9bastien Lecornu<\/a> ilmoitti erostaan maanantaina. Eron my\u00f6t\u00e4 uusiksi menee my\u00f6s hallitus, joka oli nimitetty vain p\u00e4iv\u00e4\u00e4 aiemmin.<\/p>\n<p class=\"paragraph\">Ranskan presidentti <a href=\"https:\/\/www.iltalehti.fi\/henkilot\/Emmanuel Macron\" class=\"article-link-person-page\" rel=\"nofollow noopener\" target=\"_blank\">Emmanuel Macron<\/a> on pyyt\u00e4nyt Lecornua pysym\u00e4\u00e4n pestiss\u00e4\u00e4n viel\u00e4 keskiviikkoon asti. Lyhytik\u00e4isen p\u00e4\u00e4ministerin viimeiseksi teht\u00e4v\u00e4ksi j\u00e4\u00e4 neuvotella oppositiopuolueiden kanssa.<\/p>\n<p class=\"paragraph\">Lecornu kertoi X-viestipalvelussa my\u00f6ntyneens\u00e4 Macronin pyynt\u00f6\u00f6n.<\/p>\n<p class=\"paragraph\">\u2013 Olen suostunut tasavallan presidentin pyynt\u00f6\u00f6n k\u00e4yd\u00e4 viimeiset neuvottelut poliittisten voimien kanssa maan vakauden varmistamiseksi, Lecornu <a href=\"https:\/\/x.com\/SebLecornu\/status\/1975232236967600416\" rel=\"noopener nofollow\">kirjoitti <\/a>maanantai-iltana.<\/p>\n<p class=\"paragraph\">\u2013 Ilmoitan keskiviikkoiltana valtionp\u00e4\u00e4miehelle, onko t\u00e4m\u00e4 mahdollista vai ei, jotta h\u00e4n voi tehd\u00e4 tarvittavat johtop\u00e4\u00e4t\u00f6kset.<\/p>\n<p class=\"paragraph\"><a href=\"https:\/\/www.euronews.com\/2025\/10\/06\/what-comes-next-for-france-after-pm-sebastien-lecornus-shock-resignation\" rel=\"noopener nofollow\" target=\"_blank\">Euronewsin<\/a> mukaan Lecornu on ilmoittanut, ettei aio palata p\u00e4\u00e4ministeriksi, vaikka neuvottelut onnistuisivatkin.<\/p>\n<p>Mist\u00e4 uusi p\u00e4\u00e4ministeri?<\/p>\n<p class=\"paragraph\">Tilanne Ranskassa voi edet\u00e4 muutamalla tavalla, <a href=\"https:\/\/www.theguardian.com\/world\/2025\/oct\/06\/sebastien-lecornu-france-pm-resigns-explainer\" rel=\"noopener nofollow\" target=\"_blank\">Guardian<\/a> kirjoittaa.<\/p>\n<p class=\"paragraph\">Macron voisi nimitt\u00e4\u00e4 uuden p\u00e4\u00e4ministerin, mutta uuden edustajan valinta voi osoittautua poliittisesti tulenaraksi aiheeksi.<\/p>\n<p class=\"paragraph\">Macron voisi my\u00f6s j\u00e4rjest\u00e4\u00e4 uudet vaalit, mutta presidentin vaalimenestys ei ole taattu.<\/p>\n<p class=\"paragraph\">Viimeisen\u00e4 vaihtoehtonaan Macron voisi erota.<\/p>\n<p>Eroaako Macron?<\/p>\n<p class=\"paragraph\">Poliitikot sek\u00e4 vasempaa ett\u00e4 oikeaa laitaa edustavista puolueista ovat v\u00e4l\u00e4ytelleet presidentti Macronin eroa, <a href=\"https:\/\/www.lemonde.fr\/en\/les-decodeurs\/article\/2025\/10\/06\/what-s-next-for-france-six-questions-to-understand-the-consequences-of-lecornu-s-resignation_6746155_8.html\" rel=\"noopener nofollow\" target=\"_blank\">Le Monde<\/a> kirjoittaa. Macronin eron kannalle on kallistunut my\u00f6s konservatiivipuolueen edustajia.<\/p>\n<p class=\"paragraph\">Macron on aiemmin sanonut aikovansa jatkaa 2027 p\u00e4\u00e4ttyv\u00e4n presidenttikautensa loppuun asti.<\/p>\n<p class=\"paragraph\">Uutistoimisto AFP:n ja ranskalaisen televisioyhti\u00f6 BFM:n virkamiesl\u00e4hteen mukaan Macron on valmis \u201dkantamaan vastuunsa\u201d, jos uudet neuvottelut ep\u00e4onnistuvat.<\/p>\n<p>Hurja v\u00e4ite: Macron kylv\u00e4\u00e4 kaaosta<\/p>\n<p class=\"paragraph\">My\u00f6s presidentin omassa leiriss\u00e4 on noussut kritiikki\u00e4 Macronia kohtaan.<\/p>\n<p class=\"paragraph\"><a href=\"https:\/\/www.politico.eu\/article\/french-government-fall-emmanuel-macron-sebastien-lecornu\/\" rel=\"noopener nofollow\" target=\"_blank\">Politicon<\/a> l\u00e4hteen mukaan Macronin l\u00e4hipiiriss\u00e4 uskotaan, ett\u00e4 Macron kylv\u00e4\u00e4 poliittista kaaosta tarkoituksenaan saada \u00e4\u00e4rioikeistolaisen Kansallinen liittouma -puolueen v\u00e4liaikaisesti valtaan.<\/p>\n<p class=\"paragraph\">Nimett\u00f6m\u00e4n\u00e4 pysyttelev\u00e4n poliitikon mukaan t\u00e4m\u00e4 antaisi Macronille mahdollisuuden pyrki\u00e4 uudelleen presidentiksi v\u00e4livuosien j\u00e4lkeen vuonna 2032.<\/p>\n<p>Presidentti Macronin hallitus on taas kriisiss\u00e4. Kuvituskuva. Li Rui<\/p>\n<p>Budjettijumi<\/p>\n<p class=\"paragraph\">Uudet ministerit ehtiv\u00e4t olla virassaan vain 14 tuntia ennen Lecornun eroa, Le Monde kirjoittaa.<\/p>\n<p class=\"paragraph\">Ministerit muodostavat nyt v\u00e4liaikaisen hallituksen, jonka p\u00e4\u00e4t\u00f6svalta on tarkkaan rajattu. T\u00e4m\u00e4n takia ensi vuoden budjetti on vaarassa my\u00f6h\u00e4sty\u00e4.<\/p>\n<p class=\"paragraph\">Budjettiluonnos pit\u00e4isi luovuttaa parlamentin k\u00e4sitelt\u00e4v\u00e4ksi viimeist\u00e4\u00e4n maanantaina 13. lokakuuta, jotta se ehditt\u00e4isiin k\u00e4sitell\u00e4 ajoissa. T\u00e4m\u00e4 ei tule onnistumaan, vaikka uusi p\u00e4\u00e4ministeri nimitett\u00e4isiin nopeasti.<\/p>\n<p class=\"paragraph\">Ranskalainen lains\u00e4\u00e4d\u00e4nt\u00f6 antaa hallitukselle kuitenkin muutamia vaihtoehtoja, miten julkisten palveluiden rahoittamista voidaan v\u00e4liaikaisesti jatkaa ilman uutta varsinaista budjettia.<\/p>\n<p>Euroopan vakaus vaakalaudalla<\/p>\n<p class=\"paragraph\">Poliittinen ep\u00e4varmuus Ranskassa puhuttaa muualla Euroopassa, AFP kirjoittaa. Saksan hallituksen edustajan mukaan \u201dvakaa Ranska\u201d on t\u00e4rke\u00e4 osa Euroopan vakautta.<\/p>\n<p class=\"paragraph\">Syvenev\u00e4 poliittinen kriisi on ajanut Ranskan osakemarkkinat sy\u00f6ksykierteeseen.<\/p>\n","protected":false},"excerpt":{"rendered":"Ex-p\u00e4\u00e4ministeri ei halua jatkaa teht\u00e4v\u00e4ss\u00e4\u00e4n, vaikka onnistuisikin solmimaan sovun puolueiden v\u00e4lille. S\u00e9bastien Lecornu yritt\u00e4\u00e4 edist\u00e4\u00e4 hallitusneuvotteluita viel\u00e4 kerran.&hellip;\n","protected":false},"author":2,"featured_media":54783,"comment_status":"","ping_status":"","sticky":false,"template":"","format":"standard","meta":{"footnotes":""},"categories":[5],"tags":[35,22,23,26,27,33,31,30,2346,863,17,24,25,28,29,15,18,1706,21,637,886,32,19,20,16],"class_list":{"0":"post-54782","1":"post","2":"type-post","3":"status-publish","4":"format-standard","5":"has-post-thumbnail","7":"category-otsikot","8":"tag-24h","9":"tag-breaking-news","10":"tag-breakingnews","11":"tag-featured-news","12":"tag-featurednews","13":"tag-fi","14":"tag-finland","15":"tag-finnish","16":"tag-hallituksen-talouspolitiikka","17":"tag-hallitus","18":"tag-headlines","19":"tag-latest-news","20":"tag-latestnews","21":"tag-main-news","22":"tag-mainnews","23":"tag-news","24":"tag-otsikot","25":"tag-paaministeri","26":"tag-paauutiset","27":"tag-politiikka","28":"tag-puolueet","29":"tag-suomi","30":"tag-top-stories","31":"tag-topstories","32":"tag-uutiset"},"share_on_mastodon":{"url":"","error":""},"_links":{"self":[{"href":"https:\/\/www.europesays.com\/fi\/wp-json\/wp\/v2\/posts\/54782","targetHints":{"allow":["GET"]}}],"collection":[{"href":"https:\/\/www.europesays.com\/fi\/wp-json\/wp\/v2\/posts"}],"about":[{"href":"https:\/\/www.europesays.com\/fi\/wp-json\/wp\/v2\/types\/post"}],"author":[{"embeddable":true,"href":"https:\/\/www.europesays.com\/fi\/wp-json\/wp\/v2\/users\/2"}],"replies":[{"embeddable":true,"href":"https:\/\/www.europesays.com\/fi\/wp-json\/wp\/v2\/comments?post=54782"}],"version-history":[{"count":0,"href":"https:\/\/www.europesays.com\/fi\/wp-json\/wp\/v2\/posts\/54782\/revisions"}],"wp:featuredmedia":[{"embeddable":true,"href":"https:\/\/www.europesays.com\/fi\/wp-json\/wp\/v2\/media\/54783"}],"wp:attachment":[{"href":"https:\/\/www.europesays.com\/fi\/wp-json\/wp\/v2\/media?parent=54782"}],"wp:term":[{"taxonomy":"category","embeddable":true,"href":"https:\/\/www.europesays.com\/fi\/wp-json\/wp\/v2\/categories?post=54782"},{"taxonomy":"post_tag","embeddable":true,"href":"https:\/\/www.europesays.com\/fi\/wp-json\/wp\/v2\/tags?post=54782"}],"curies":[{"name":"wp","href":"https:\/\/api.w.org\/{rel}","templated":true}]}}