{"id":54983,"date":"2025-10-07T08:41:09","date_gmt":"2025-10-07T08:41:09","guid":{"rendered":"https:\/\/www.europesays.com\/fi\/54983\/"},"modified":"2025-10-07T08:41:09","modified_gmt":"2025-10-07T08:41:09","slug":"suomessa-luonnonvarojen-kulutus-henkea-kohden-euroopan-suurinta-uutisia-lyhyesti","status":"publish","type":"post","link":"https:\/\/www.europesays.com\/fi\/54983\/","title":{"rendered":"Suomessa luonnonvarojen kulutus henke\u00e4 kohden Euroopan suurinta | Uutisia lyhyesti"},"content":{"rendered":"<p><img decoding=\"async\" alt=\"Hakkuuaukeaa ilmakuvassa.\" src=\"https:\/\/www.europesays.com\/fi\/wp-content\/uploads\/2025\/10\/39-153368068e362d83cce0.jpeg\" class=\"aw-1l9m598 hKVVvP\"\/><\/p>\n<p>Avaa kuvien katselu<\/p>\n<p>Hakkuu-aukea Janakkalassa kuvattiin 10. hein\u00e4kuuta. Euroopan ymp\u00e4rist\u00f6keskuksen raportin mukaan hakkuut ja turvepitoisten maiden p\u00e4\u00e4st\u00f6t ovat k\u00e4\u00e4nt\u00e4neet maank\u00e4ytt\u00f6sektorin hiilinielusta p\u00e4\u00e4st\u00f6l\u00e4hteeksi. Kuva: Roni Rekomaa \/ Lehtikuva<\/p>\n<p>6.10. 9:21\u2022P\u00e4ivitetty 6.10. 9:40<\/p>\n<p class=\"aw-1gybjub aw-1p7kakr cmIuaG fmSRng yle__article__paragraph\">Suomessa luonnonvarojen kulutus henke\u00e4 kohden <a class=\"aw-iao6s4 iHOxEa yle__article__link\" href=\"https:\/\/www.sttinfo.fi\/tiedote\/71500499\/suomen-kannattaa-pitaa-kiinni-ymparistotavoitteistaan?publisherId=69819243&amp;lang=fi\" role=\"link\" rel=\"nofollow noopener\" target=\"_blank\">on Euroopan suurinta<\/a>, paljastaa juuri julkaistu Euroopan ymp\u00e4rist\u00f6keskuksen raportti.<\/p>\n<p class=\"aw-1gybjub aw-1p7kakr cmIuaG fmSRng yle__article__paragraph\">Materiaalien hy\u00f6dynt\u00e4misaste on Suomessa vain 4,4 prosenttia, mik\u00e4 on selv\u00e4sti alle EU:n keskiarvon.<\/p>\n<p class=\"aw-1gybjub aw-1p7kakr cmIuaG fmSRng yle__article__paragraph\">Viiden vuoden v\u00e4lein julkaistavan laajan raportin mukaan Suomella on haastetta useissa ekologisen kest\u00e4vyyden politiikkatavoitteissa.<\/p>\n<p class=\"aw-1gybjub aw-1p7kakr cmIuaG fmSRng yle__article__paragraph\">Vaikeuksia on esimerkiksi luontokadon pys\u00e4ytt\u00e4misess\u00e4 vuoteen 2030 menness\u00e4 ja hiilineutraaliuden saavuttamisessa vuoteen 2035 menness\u00e4.<\/p>\n","protected":false},"excerpt":{"rendered":"Avaa kuvien katselu Hakkuu-aukea Janakkalassa kuvattiin 10. hein\u00e4kuuta. Euroopan ymp\u00e4rist\u00f6keskuksen raportin mukaan hakkuut ja turvepitoisten maiden p\u00e4\u00e4st\u00f6t ovat&hellip;\n","protected":false},"author":2,"featured_media":54984,"comment_status":"","ping_status":"","sticky":false,"template":"","format":"standard","meta":{"footnotes":""},"categories":[113],"tags":[446,33,31,30,118,32,119,445,447],"class_list":{"0":"post-54983","1":"post","2":"type-post","3":"status-publish","4":"format-standard","5":"has-post-thumbnail","7":"category-ymparisto","8":"tag-environment","9":"tag-fi","10":"tag-finland","11":"tag-finnish","12":"tag-science","13":"tag-suomi","14":"tag-tiede","15":"tag-yle-uutiset-somenostot","16":"tag-ymparisto"},"share_on_mastodon":{"url":"","error":""},"_links":{"self":[{"href":"https:\/\/www.europesays.com\/fi\/wp-json\/wp\/v2\/posts\/54983","targetHints":{"allow":["GET"]}}],"collection":[{"href":"https:\/\/www.europesays.com\/fi\/wp-json\/wp\/v2\/posts"}],"about":[{"href":"https:\/\/www.europesays.com\/fi\/wp-json\/wp\/v2\/types\/post"}],"author":[{"embeddable":true,"href":"https:\/\/www.europesays.com\/fi\/wp-json\/wp\/v2\/users\/2"}],"replies":[{"embeddable":true,"href":"https:\/\/www.europesays.com\/fi\/wp-json\/wp\/v2\/comments?post=54983"}],"version-history":[{"count":0,"href":"https:\/\/www.europesays.com\/fi\/wp-json\/wp\/v2\/posts\/54983\/revisions"}],"wp:featuredmedia":[{"embeddable":true,"href":"https:\/\/www.europesays.com\/fi\/wp-json\/wp\/v2\/media\/54984"}],"wp:attachment":[{"href":"https:\/\/www.europesays.com\/fi\/wp-json\/wp\/v2\/media?parent=54983"}],"wp:term":[{"taxonomy":"category","embeddable":true,"href":"https:\/\/www.europesays.com\/fi\/wp-json\/wp\/v2\/categories?post=54983"},{"taxonomy":"post_tag","embeddable":true,"href":"https:\/\/www.europesays.com\/fi\/wp-json\/wp\/v2\/tags?post=54983"}],"curies":[{"name":"wp","href":"https:\/\/api.w.org\/{rel}","templated":true}]}}