{"id":55144,"date":"2025-10-07T13:44:09","date_gmt":"2025-10-07T13:44:09","guid":{"rendered":"https:\/\/www.europesays.com\/fi\/55144\/"},"modified":"2025-10-07T13:44:09","modified_gmt":"2025-10-07T13:44:09","slug":"tuukka-ja-olga-temonen-saapumassa-cancel-elokuvan-punaiselle-matolle-suora-lahetys-alkamassa","status":"publish","type":"post","link":"https:\/\/www.europesays.com\/fi\/55144\/","title":{"rendered":"Tuukka ja Olga Temonen saapumassa Cancel-elokuvan punaiselle matolle \u2013 Suora l\u00e4hetys alkamassa"},"content":{"rendered":"<p>Iltalehti seuraa liven\u00e4 Cancel-elokuvan ensi-iltaa noin kello 17\u201318.<\/p>\n<p><img decoding=\"async\" class=\"image image-show image-preview\" src=\"https:\/\/www.europesays.com\/fi\/wp-content\/uploads\/2025\/10\/7fa1e47488d8bd611e33f51c15dae2d51a28d8d2dab11eb506d5ba946e8ea320.jpg\" alt=\"\"\/><img decoding=\"async\" class=\"image image-show\" src=\"https:\/\/www.europesays.com\/fi\/wp-content\/uploads\/2025\/10\/1759337108_740_7fa1e47488d8bd611e33f51c15dae2d51a28d8d2dab11eb506d5ba946e8ea320.jpg\" alt=\"\"\/><\/p>\n<p>Cancel on Tuukka Temosen ohjaus.  Pete Anikari<\/p>\n<p class=\"paragraph\">Cancel-elokuva saa t\u00e4n\u00e4\u00e4n ensi-iltansa Helsingin Tennispalatsissa.<\/p>\n<p class=\"paragraph\">Iltalehti tekee suoraa l\u00e4hetyst\u00e4 elokuvan kutsuvierasensi-illasta.<\/p>\n<p class=\"paragraph\">Paikalle on tulossa ohjaaja <a href=\"https:\/\/www.iltalehti.fi\/henkilot\/Tuukka Temonen\" class=\"article-link-person-page\" rel=\"nofollow noopener\" target=\"_blank\">Tuukka Temonen<\/a> puolisonsa <a href=\"https:\/\/www.iltalehti.fi\/henkilot\/Olga Temonen\" class=\"article-link-person-page\" rel=\"nofollow noopener\" target=\"_blank\">Olga Temosen<\/a> kanssa sek\u00e4 useita kutsuvieraita.<\/p>\n<p class=\"paragraph\">Cancelissa n\u00e4yttelee useita sosiaalisen median vaikuttajia.<\/p>\n","protected":false},"excerpt":{"rendered":"Iltalehti seuraa liven\u00e4 Cancel-elokuvan ensi-iltaa noin kello 17\u201318. Cancel on Tuukka Temosen ohjaus. Pete Anikari Cancel-elokuva saa t\u00e4n\u00e4\u00e4n&hellip;\n","protected":false},"author":2,"featured_media":55145,"comment_status":"","ping_status":"","sticky":false,"template":"","format":"standard","meta":{"footnotes":""},"categories":[130],"tags":[35,153,623,137,33,31,30,1928,1616,32,485,140,109],"class_list":{"0":"post-55144","1":"post","2":"type-post","3":"status-publish","4":"format-standard","5":"has-post-thumbnail","7":"category-viihde","8":"tag-24h","9":"tag-audiovisuaalinen-media","10":"tag-elokuva","11":"tag-entertainment","12":"tag-fi","13":"tag-finland","14":"tag-finnish","15":"tag-kirjallisuus-ja-audiovisuaalinen-media","16":"tag-media-viestinta","17":"tag-suomi","18":"tag-taide-yleista","19":"tag-tv-ja-elokuvat","20":"tag-viihde"},"share_on_mastodon":{"url":"","error":""},"_links":{"self":[{"href":"https:\/\/www.europesays.com\/fi\/wp-json\/wp\/v2\/posts\/55144","targetHints":{"allow":["GET"]}}],"collection":[{"href":"https:\/\/www.europesays.com\/fi\/wp-json\/wp\/v2\/posts"}],"about":[{"href":"https:\/\/www.europesays.com\/fi\/wp-json\/wp\/v2\/types\/post"}],"author":[{"embeddable":true,"href":"https:\/\/www.europesays.com\/fi\/wp-json\/wp\/v2\/users\/2"}],"replies":[{"embeddable":true,"href":"https:\/\/www.europesays.com\/fi\/wp-json\/wp\/v2\/comments?post=55144"}],"version-history":[{"count":0,"href":"https:\/\/www.europesays.com\/fi\/wp-json\/wp\/v2\/posts\/55144\/revisions"}],"wp:featuredmedia":[{"embeddable":true,"href":"https:\/\/www.europesays.com\/fi\/wp-json\/wp\/v2\/media\/55145"}],"wp:attachment":[{"href":"https:\/\/www.europesays.com\/fi\/wp-json\/wp\/v2\/media?parent=55144"}],"wp:term":[{"taxonomy":"category","embeddable":true,"href":"https:\/\/www.europesays.com\/fi\/wp-json\/wp\/v2\/categories?post=55144"},{"taxonomy":"post_tag","embeddable":true,"href":"https:\/\/www.europesays.com\/fi\/wp-json\/wp\/v2\/tags?post=55144"}],"curies":[{"name":"wp","href":"https:\/\/api.w.org\/{rel}","templated":true}]}}