{"id":55218,"date":"2025-10-07T15:59:10","date_gmt":"2025-10-07T15:59:10","guid":{"rendered":"https:\/\/www.europesays.com\/fi\/55218\/"},"modified":"2025-10-07T15:59:10","modified_gmt":"2025-10-07T15:59:10","slug":"poliisi-paastaa-erikoisen-harvelin-irti","status":"publish","type":"post","link":"https:\/\/www.europesays.com\/fi\/55218\/","title":{"rendered":"Poliisi p\u00e4\u00e4st\u00e4\u00e4 erikoisen h\u00e4rvelin irti"},"content":{"rendered":"<p>Liikuteltava valvontakamera otetaan k\u00e4ytt\u00f6\u00f6n Helsingiss\u00e4 lokakuussa. <\/p>\n<p><img decoding=\"async\" class=\"image image-show image-preview\" src=\"https:\/\/www.europesays.com\/fi\/wp-content\/uploads\/2025\/10\/917bd375af4bc42a6cebb1f74fc7d0e8b7c9ccbaa223abdb0ae40f1bdb6778b2.jpg\" alt=\"\"\/><img decoding=\"async\" class=\"image image-show\" src=\"https:\/\/www.europesays.com\/fi\/wp-content\/uploads\/2025\/10\/1759852750_158_917bd375af4bc42a6cebb1f74fc7d0e8b7c9ccbaa223abdb0ae40f1bdb6778b2.jpg\" alt=\"\"\/><\/p>\n<p>T\u00e4lt\u00e4 poliisin valvontaper\u00e4vaunu n\u00e4ytt\u00e4\u00e4. Se on merkitty poliisin tunnuksin. Kuvat: Poliisi<\/p>\n<p class=\"paragraph\">Poliisi ottaa k\u00e4ytt\u00f6\u00f6ns\u00e4 siirrelt\u00e4v\u00e4n valvontakameran.<\/p>\n<p class=\"paragraph\">Uusi, per\u00e4k\u00e4rryss\u00e4 kulkeva valvontakamera mahdollistaa julkisten paikkojen valvonnan aiempaa tehokkaammin. Vaunu otetaan k\u00e4ytt\u00f6\u00f6n Helsingiss\u00e4 lokakuun alussa.<\/p>\n<p class=\"paragraph\">T\u00e4m\u00e4 on yksi keinoista, joilla pyrit\u00e4\u00e4n puuttumaan huumausainetilanteen aiheuttamiin h\u00e4iri\u00f6ihin Helsingiss\u00e4. Huumausaineiden yleiselle j\u00e4rjestykselle aiheuttamat ongelmat ovat olleet paljon esill\u00e4 kes\u00e4n ja syksyn aikana.<\/p>\n<p class=\"paragraph\">Valvontavaunu kuvaa ymp\u00e4rist\u00f6\u00e4\u00e4n joka suuntaan, ja poliisi voi katsoa materiaalia suorana. Se ei kuitenkaan tallenna \u00e4\u00e4nt\u00e4. Jos kamera tallentaa ep\u00e4illyn rikoksen, kuvaa voidaan k\u00e4ytt\u00e4\u00e4 rikostutkinnan tarpeisiin.<\/p>\n<p class=\"paragraph\">\u2013 Vaunua voidaan siirt\u00e4\u00e4 poliisin oman analyysin ja esimerkiksi kaupunkilaisilta saadun palautteen perusteella valikoituihin kohteisiin. Lis\u00e4ksi sit\u00e4 voidaan k\u00e4ytt\u00e4\u00e4 apuna erilaisten yleis\u00f6tapahtumien valvonnassa, Helsingin poliisin valvontatoiminnon johtaja, ylikomisario <strong>Hanna Kiiskinen<\/strong> kertoo tiedotteessa.<\/p>\n<p class=\"paragraph\">Valvontaper\u00e4vaunu n\u00e4hd\u00e4\u00e4n ensin Helsingiss\u00e4, mutta vaunu voidaan siirt\u00e4\u00e4 my\u00f6s muualle Suomeen tarpeen mukaan.<\/p>\n<p class=\"paragraph\">Poliisin kameravalvonta perustuu poliisilakiin.<\/p>\n<p>Poliisin tuoreen valvontaper\u00e4vaunun voi jo n\u00e4hd\u00e4 esimerkiksi Helsingin Kalliossa. Sirri Rimppi<\/p>\n","protected":false},"excerpt":{"rendered":"Liikuteltava valvontakamera otetaan k\u00e4ytt\u00f6\u00f6n Helsingiss\u00e4 lokakuussa. T\u00e4lt\u00e4 poliisin valvontaper\u00e4vaunu n\u00e4ytt\u00e4\u00e4. Se on merkitty poliisin tunnuksin. Kuvat: Poliisi Poliisi&hellip;\n","protected":false},"author":2,"featured_media":55219,"comment_status":"","ping_status":"","sticky":false,"template":"","format":"standard","meta":{"footnotes":""},"categories":[12],"tags":[35,22,23,26,27,33,31,30,17,55,24,25,28,29,15,18,21,122,54,52,32,19,20,546,16],"class_list":{"0":"post-55218","1":"post","2":"type-post","3":"status-publish","4":"format-standard","5":"has-post-thumbnail","7":"category-suomi","8":"tag-24h","9":"tag-breaking-news","10":"tag-breakingnews","11":"tag-featured-news","12":"tag-featurednews","13":"tag-fi","14":"tag-finland","15":"tag-finnish","16":"tag-headlines","17":"tag-lainvalvonta","18":"tag-latest-news","19":"tag-latestnews","20":"tag-main-news","21":"tag-mainnews","22":"tag-news","23":"tag-otsikot","24":"tag-paauutiset","25":"tag-pelastaminen","26":"tag-pelastuspalvelut","27":"tag-poliisi","28":"tag-suomi","29":"tag-top-stories","30":"tag-topstories","31":"tag-turvallisuus","32":"tag-uutiset"},"share_on_mastodon":{"url":"","error":""},"_links":{"self":[{"href":"https:\/\/www.europesays.com\/fi\/wp-json\/wp\/v2\/posts\/55218","targetHints":{"allow":["GET"]}}],"collection":[{"href":"https:\/\/www.europesays.com\/fi\/wp-json\/wp\/v2\/posts"}],"about":[{"href":"https:\/\/www.europesays.com\/fi\/wp-json\/wp\/v2\/types\/post"}],"author":[{"embeddable":true,"href":"https:\/\/www.europesays.com\/fi\/wp-json\/wp\/v2\/users\/2"}],"replies":[{"embeddable":true,"href":"https:\/\/www.europesays.com\/fi\/wp-json\/wp\/v2\/comments?post=55218"}],"version-history":[{"count":0,"href":"https:\/\/www.europesays.com\/fi\/wp-json\/wp\/v2\/posts\/55218\/revisions"}],"wp:featuredmedia":[{"embeddable":true,"href":"https:\/\/www.europesays.com\/fi\/wp-json\/wp\/v2\/media\/55219"}],"wp:attachment":[{"href":"https:\/\/www.europesays.com\/fi\/wp-json\/wp\/v2\/media?parent=55218"}],"wp:term":[{"taxonomy":"category","embeddable":true,"href":"https:\/\/www.europesays.com\/fi\/wp-json\/wp\/v2\/categories?post=55218"},{"taxonomy":"post_tag","embeddable":true,"href":"https:\/\/www.europesays.com\/fi\/wp-json\/wp\/v2\/tags?post=55218"}],"curies":[{"name":"wp","href":"https:\/\/api.w.org\/{rel}","templated":true}]}}