{"id":55297,"date":"2025-10-07T18:34:08","date_gmt":"2025-10-07T18:34:08","guid":{"rendered":"https:\/\/www.europesays.com\/fi\/55297\/"},"modified":"2025-10-07T18:34:08","modified_gmt":"2025-10-07T18:34:08","slug":"urheilun-taydellinen-avioliitto-kriisissa-vaimo-hurjana-instagramissa","status":"publish","type":"post","link":"https:\/\/www.europesays.com\/fi\/55297\/","title":{"rendered":"Urheilun t\u00e4ydellinen avioliitto kriisiss\u00e4? Vaimo hurjana Instagramissa"},"content":{"rendered":"<p>Ilia Topurian vaimo kertoi vain v\u00e4h\u00e4n aikaa sitten pariskunnan onnesta.<\/p>\n<p><img decoding=\"async\" class=\"image image-show image-preview\" src=\"https:\/\/www.europesays.com\/fi\/wp-content\/uploads\/2025\/10\/62723842a0c03dfe33245b8551f9142a39fcfaa9fb23cc56122d422eb760710e.jpg\" alt=\"\"\/><img decoding=\"async\" class=\"image image-show\" src=\"https:\/\/www.europesays.com\/fi\/wp-content\/uploads\/2025\/10\/1759862048_742_62723842a0c03dfe33245b8551f9142a39fcfaa9fb23cc56122d422eb760710e.jpg\" alt=\"\"\/><\/p>\n<p>Giorgina Uzcategui ja Ilia Topuria ovat poseeranneet useissa tilaisuuksissa. AOP<\/p>\n<p class=\"paragraph\">Espanjan mediassa kohistaan maan supert\u00e4hden erohuhuista. Kyse on UFC:n kevyensarjan mestarin <strong>Ilia Topurian<\/strong> avioliitosta, jonka huhutaan olevan kriisiss\u00e4.<\/p>\n<p class=\"paragraph\">Georgialais-espanjalainen Topuria on pit\u00e4nyt usean vuoden ajan yht\u00e4 venezuelalaisen <strong>Giorgina Uzcateguin<\/strong> kanssa. Espanjan tunnetuimpiin viihdetoimittajiin lukeutuva <strong>Javi de Hoyos<\/strong> uutisoi alle viikko sitten, ett\u00e4 Topuria ja Uzcategui olivat poistaneet Instagram-tileilt\u00e4\u00e4n kaikki yhteiskuvat. De Hoyosin mukaan aviopari lakkasi my\u00f6s seuraamasta toisiaan.<\/p>\n<p class=\"paragraph\">Sen j\u00e4lkeen Topuria ja Uzcategui ovat j\u00e4lleen alkaneet seurata toisiaan, ja Topuria on palauttanut ainakin osan yhteiskuvista. Uzcateguin kuvagalleriassa sen sijaan ei n\u00e4kynyt torstaina kuvia Topuriasta.<\/p>\n<p class=\"paragraph\">Pariskunnalla on yksi yhteinen lapsi, joka syntyi viime vuonna.<\/p>\n<p>Tulkintaa somesta<\/p>\n<p class=\"paragraph\">Suuri espanjalainen sanomalehti El Mundo haastatteli Uzcateguita viime kes\u00e4n\u00e4.<\/p>\n<p class=\"paragraph\">Yhdysvalloissa yliopisto-opintonsa suorittanut Uzacategui kertoi silloin, ett\u00e4 arki Topurian kanssa on kuin el\u00e4isi \u201dpys\u00e4ytt\u00e4m\u00e4tt\u00f6m\u00e4n voiman ja t\u00e4ydellisen omistautumisen kanssa\u201d.<\/p>\n<p class=\"paragraph\">Uzcategui kuvaili heit\u00e4 t\u00e4ydelliseksi joukkueeksi.<\/p>\n<p class=\"paragraph\">\u2013\u2009V\u00e4lill\u00e4mme ei ole hierarkiaa vaan jatkuvaa tasapainoilua. Molemmat tuovat omat vahvuutensa suhteeseen ja pit\u00e4v\u00e4t sit\u00e4 yll\u00e4 rakkaudella sek\u00e4 kunnioituksella toista kohtaan.<\/p>\n<p class=\"paragraph\">Uzcategui ty\u00f6skentelee yritysmaailmassa.<\/p>\n<p class=\"paragraph\">Kumpikaan ei ole kommentoinut erohuhuja. Madridissa treenaava Topuria julkaisi sunnuntaina kuvan ja tekstin, jonka merkityst\u00e4 tulkittiin my\u00f6s espanjalaismediassa.<\/p>\n<p class=\"paragraph\">\u2013\u2009Ihan sama, mit\u00e4 ymp\u00e4rill\u00e4 tapahtuu. Keskittymisen ei voi antaa herpaantua miss\u00e4\u00e4n tilanteessa. Pit\u00e4\u00e4 pysy\u00e4 keskittyneen\u00e4 ja vahvana, Topuria kirjoitti treenivideonsa yhteyteen.<\/p>\n<p class=\"paragraph\">Modernin vapaaottelijan ilmentym\u00e4ksi kuvailtu \u201dEl Matador\u201d Topuria ei ole h\u00e4vinnyt 17 ammattilaisottelustaan ainuttakaan. UFC:ss\u00e4 h\u00e4n on otellut yhdeks\u00e4n kertaa.<\/p>\n<p class=\"paragraph\">Kevyensarjan mestaruuden h\u00e4n nappasi kes\u00e4kuussa tyrm\u00e4\u00e4m\u00e4ll\u00e4 <strong>Charles Oliveiran<\/strong> ensimm\u00e4isess\u00e4 er\u00e4ss\u00e4.<\/p>\n","protected":false},"excerpt":{"rendered":"Ilia Topurian vaimo kertoi vain v\u00e4h\u00e4n aikaa sitten pariskunnan onnesta. Giorgina Uzcategui ja Ilia Topuria ovat poseeranneet useissa&hellip;\n","protected":false},"author":2,"featured_media":55298,"comment_status":"","ping_status":"","sticky":false,"template":"","format":"standard","meta":{"footnotes":""},"categories":[14],"tags":[35,22,23,26,27,33,31,30,17,101,3844,24,25,41,28,29,15,18,21,98,103,32,19,20,56,16,59,60,61],"class_list":{"0":"post-55297","1":"post","2":"type-post","3":"status-publish","4":"format-standard","5":"has-post-thumbnail","7":"category-ulkomaat","8":"tag-24h","9":"tag-breaking-news","10":"tag-breakingnews","11":"tag-featured-news","12":"tag-featurednews","13":"tag-fi","14":"tag-finland","15":"tag-finnish","16":"tag-headlines","17":"tag-ihmissuhteet","18":"tag-kamppailu-urheilu","19":"tag-latest-news","20":"tag-latestnews","21":"tag-liikunta-ja-urheilu","22":"tag-main-news","23":"tag-mainnews","24":"tag-news","25":"tag-otsikot","26":"tag-paauutiset","27":"tag-perhe","28":"tag-sosiaalikysymykset","29":"tag-suomi","30":"tag-top-stories","31":"tag-topstories","32":"tag-ulkomaat","33":"tag-uutiset","34":"tag-world","35":"tag-world-news","36":"tag-worldnews"},"share_on_mastodon":{"url":"","error":""},"_links":{"self":[{"href":"https:\/\/www.europesays.com\/fi\/wp-json\/wp\/v2\/posts\/55297","targetHints":{"allow":["GET"]}}],"collection":[{"href":"https:\/\/www.europesays.com\/fi\/wp-json\/wp\/v2\/posts"}],"about":[{"href":"https:\/\/www.europesays.com\/fi\/wp-json\/wp\/v2\/types\/post"}],"author":[{"embeddable":true,"href":"https:\/\/www.europesays.com\/fi\/wp-json\/wp\/v2\/users\/2"}],"replies":[{"embeddable":true,"href":"https:\/\/www.europesays.com\/fi\/wp-json\/wp\/v2\/comments?post=55297"}],"version-history":[{"count":0,"href":"https:\/\/www.europesays.com\/fi\/wp-json\/wp\/v2\/posts\/55297\/revisions"}],"wp:featuredmedia":[{"embeddable":true,"href":"https:\/\/www.europesays.com\/fi\/wp-json\/wp\/v2\/media\/55298"}],"wp:attachment":[{"href":"https:\/\/www.europesays.com\/fi\/wp-json\/wp\/v2\/media?parent=55297"}],"wp:term":[{"taxonomy":"category","embeddable":true,"href":"https:\/\/www.europesays.com\/fi\/wp-json\/wp\/v2\/categories?post=55297"},{"taxonomy":"post_tag","embeddable":true,"href":"https:\/\/www.europesays.com\/fi\/wp-json\/wp\/v2\/tags?post=55297"}],"curies":[{"name":"wp","href":"https:\/\/api.w.org\/{rel}","templated":true}]}}