{"id":55305,"date":"2025-10-07T18:56:10","date_gmt":"2025-10-07T18:56:10","guid":{"rendered":"https:\/\/www.europesays.com\/fi\/55305\/"},"modified":"2025-10-07T18:56:10","modified_gmt":"2025-10-07T18:56:10","slug":"trump-sai-diddylta-tuoreen-yhteydenoton","status":"publish","type":"post","link":"https:\/\/www.europesays.com\/fi\/55305\/","title":{"rendered":"Trump sai Diddylt\u00e4 tuoreen yhteydenoton"},"content":{"rendered":"<p>Trump paljasti saaneensa yhteydenoton kohuissa rypeneelt\u00e4 r\u00e4pp\u00e4rilt\u00e4.<\/p>\n<p><img decoding=\"async\" class=\"image image-show image-preview\" src=\"https:\/\/www.europesays.com\/fi\/wp-content\/uploads\/2025\/09\/3eaea78d942cd60db8b168fec0bfc0a0b2b4beda755ea92866748fb0f7c4ced6.jpg\" alt=\"\"\/><img decoding=\"async\" class=\"image image-show\" src=\"https:\/\/www.europesays.com\/fi\/wp-content\/uploads\/2025\/09\/1759247348_745_3eaea78d942cd60db8b168fec0bfc0a0b2b4beda755ea92866748fb0f7c4ced6.jpg\" alt=\"\"\/><\/p>\n<p>Trump kertoi saaneensa Diddylt\u00e4 yhteydenoton. AP<\/p>\n<p class=\"paragraph\">Yhdysvaltojen presidentti <strong>Donald Trump<\/strong> kertoi maanantaina Oval Officessa toimittajille saaneensa yhteydenoton tuomion saaneelta r\u00e4pp\u00e4ri <strong>Sean \u201dDiddy\u201d Combsilta<\/strong>. H\u00e4n sai yli nelj\u00e4n vuoden vankeustuomion.<\/p>\n<p class=\"paragraph\">\u2013 Monet ovat kysyneet minulta armahdusta. Kutsun h\u00e4nt\u00e4 Puff Daddyksi. H\u00e4n on pyyt\u00e4nyt minulta armahdusta, paljasti Trump lehdist\u00f6lle.<\/p>\n<p class=\"paragraph\"><a href=\"https:\/\/www.iltalehti.fi\/viihdeuutiset\/36843692-6be9-4b17-b905-ac7bad8791ad\" rel=\"nofollow noopener\" target=\"_blank\">Uutistoimisto Reuters kertoi lauantaina, ett\u00e4 Diddy tuomittiin 50 kuukaudeksi eli reiluksi nelj\u00e4ksi vuodeksi vankilaan.<\/a> Syytt\u00e4j\u00e4t olivat vaatineet Combsille 11\u201314 vuoden vankeusrangaistusta. Combs todettiin syylliseksi jo hein\u00e4kuussa prostituutioon liittyviin syytekohtiin. Combs on kiist\u00e4nyt syyllisyytens\u00e4 ja h\u00e4nen odotetaan valittavan tuomiosta. <a href=\"https:\/\/eu.usatoday.com\/story\/entertainment\/celebrities\/2025\/10\/06\/diddy-asks-trump-pardon\/86555128007\/\" rel=\"noopener nofollow\" target=\"_blank\">Usa Today <\/a>-lehden mukaan Diddy saattaa k\u00e4yt\u00e4nn\u00f6ss\u00e4 istua tuomiostaan kolme vuotta.<\/p>\n<p>Diddy pyysi Trumpilta armahdusta. AOP<\/p>\n<p>\u201dTulimme hyvin toimeen\u201d<\/p>\n<p class=\"paragraph\"><a href=\"https:\/\/www.iltalehti.fi\/viihdeuutiset\/b7d87780-a1cb-4fab-a2c8-da6aee786ea4\" rel=\"nofollow noopener\" target=\"_blank\">T\u00e4m\u00e4 ei ole ensimm\u00e4inen kerta<\/a>, kun Trump on kommentoinut Diddyn valtaisaa huomiota saanutta oikeudenk\u00e4ynti\u00e4. Viimeksi h\u00e4n puhui asiasta elokuussa haastattelussa <strong>Rob Finnertyn<\/strong> kanssa. Tuolloin h\u00e4n totesi, ettei ole niin jyv\u00e4ll\u00e4 tapauksesta.<\/p>\n<p class=\"paragraph\">\u2013 Eik\u00f6 h\u00e4n ollut puoliksi viaton? Tokaisi Trump <a href=\"https:\/\/www.youtube.com\/watch?v=6oEsAoMM7Xc&amp;list=PLanUqPajptu4ro0q7W2FmVwGdgyka7n6f&amp;index=3\" rel=\"noopener nofollow\" target=\"_blank\">videoidussa haastattelussa<\/a>.<\/p>\n<p class=\"paragraph\">\u2013 Olin yst\u00e4v\u00e4llisiss\u00e4 v\u00e4leiss\u00e4 h\u00e4nen kanssaan. Tulimme toimeen hyvin ja h\u00e4n vaikutti hienolta kaverilta. En tuntenut h\u00e4nt\u00e4 hyvin, mutta kun olin ehdokkaana (presidentiksi), h\u00e4n oli eritt\u00e4in vihamielinen, presidentti kommentoi tuolloin.<\/p>\n<p class=\"paragraph\">\u2013 Se on vaikeaa. Olemme ihmisi\u00e4, eik\u00e4 ole kivaa kun arviointikykymme pett\u00e4\u00e4. Kun tunnet jonkun ja l\u00e4hdet ehdolle, ja h\u00e4n sanoi hirveit\u00e4 asioita. En tied\u00e4. Se tekee asioista vaikeampia, h\u00e4n viittasi armahduksen mahdollisuuteen.<\/p>\n<p class=\"paragraph\">Liittovaltion valamiehist\u00f6 totesi Combsin hein\u00e4kuussa syylliseksi prostituutioon liittyviss\u00e4 syytekohdissa. H\u00e4nen todettiin kuljettaneen seksity\u00f6ntekij\u00f6it\u00e4 osavaltioiden ja valtion rajojen yli, mik\u00e4 on rikos Yhdysvalloissa.<\/p>\n<p class=\"paragraph\">H\u00e4net todettiin kuitenkin syytt\u00f6m\u00e4ksi ihmiskauppaan ja j\u00e4rjest\u00e4ytyneeseen rikollisuuteen.<\/p>\n","protected":false},"excerpt":{"rendered":"Trump paljasti saaneensa yhteydenoton kohuissa rypeneelt\u00e4 r\u00e4pp\u00e4rilt\u00e4. Trump kertoi saaneensa Diddylt\u00e4 yhteydenoton. AP Yhdysvaltojen presidentti Donald Trump kertoi&hellip;\n","protected":false},"author":2,"featured_media":49690,"comment_status":"","ping_status":"","sticky":false,"template":"","format":"standard","meta":{"footnotes":""},"categories":[130],"tags":[35,137,33,31,30,977,976,142,144,32,109,143],"class_list":{"0":"post-55305","1":"post","2":"type-post","3":"status-publish","4":"format-standard","5":"has-post-thumbnail","7":"category-viihde","8":"tag-24h","9":"tag-entertainment","10":"tag-fi","11":"tag-finland","12":"tag-finnish","13":"tag-oikeusistuimet","14":"tag-oikeusprosessit","15":"tag-poliitikot","16":"tag-presidentti","17":"tag-suomi","18":"tag-viihde","19":"tag-yhdysvaltain-politiikka"},"share_on_mastodon":{"url":"","error":""},"_links":{"self":[{"href":"https:\/\/www.europesays.com\/fi\/wp-json\/wp\/v2\/posts\/55305","targetHints":{"allow":["GET"]}}],"collection":[{"href":"https:\/\/www.europesays.com\/fi\/wp-json\/wp\/v2\/posts"}],"about":[{"href":"https:\/\/www.europesays.com\/fi\/wp-json\/wp\/v2\/types\/post"}],"author":[{"embeddable":true,"href":"https:\/\/www.europesays.com\/fi\/wp-json\/wp\/v2\/users\/2"}],"replies":[{"embeddable":true,"href":"https:\/\/www.europesays.com\/fi\/wp-json\/wp\/v2\/comments?post=55305"}],"version-history":[{"count":0,"href":"https:\/\/www.europesays.com\/fi\/wp-json\/wp\/v2\/posts\/55305\/revisions"}],"wp:featuredmedia":[{"embeddable":true,"href":"https:\/\/www.europesays.com\/fi\/wp-json\/wp\/v2\/media\/49690"}],"wp:attachment":[{"href":"https:\/\/www.europesays.com\/fi\/wp-json\/wp\/v2\/media?parent=55305"}],"wp:term":[{"taxonomy":"category","embeddable":true,"href":"https:\/\/www.europesays.com\/fi\/wp-json\/wp\/v2\/categories?post=55305"},{"taxonomy":"post_tag","embeddable":true,"href":"https:\/\/www.europesays.com\/fi\/wp-json\/wp\/v2\/tags?post=55305"}],"curies":[{"name":"wp","href":"https:\/\/api.w.org\/{rel}","templated":true}]}}