{"id":55316,"date":"2025-10-07T19:21:08","date_gmt":"2025-10-07T19:21:08","guid":{"rendered":"https:\/\/www.europesays.com\/fi\/55316\/"},"modified":"2025-10-07T19:21:08","modified_gmt":"2025-10-07T19:21:08","slug":"jere-karalahti-vangittu-nanna-karalahti-tilittaa-podcastissa-ma-rakastan-sita-ihmista","status":"publish","type":"post","link":"https:\/\/www.europesays.com\/fi\/55316\/","title":{"rendered":"Jere Karalahti vangittu \u2013 Nanna Karalahti tilitt\u00e4\u00e4 podcastissa: &#8221;M\u00e4 rakastan sit\u00e4 ihmist\u00e4&#8221;"},"content":{"rendered":"<p>Nanna Karalahden entist\u00e4 aviomiest\u00e4 Jere Karalahtea ep\u00e4ill\u00e4\u00e4n t\u00f6rkeist\u00e4 huumausainerikoksista.<\/p>\n<p><img decoding=\"async\" class=\"image image-show image-preview\" src=\"https:\/\/www.europesays.com\/fi\/wp-content\/uploads\/2025\/10\/e1dddfa6dff02ccb12073d08c598315a8796a3f299a9c23ec3f32e81de46c91f.jpg\" alt=\"\"\/><img decoding=\"async\" class=\"image image-show\" src=\"https:\/\/www.europesays.com\/fi\/wp-content\/uploads\/2025\/10\/1759864868_838_e1dddfa6dff02ccb12073d08c598315a8796a3f299a9c23ec3f32e81de46c91f.jpg\" alt=\"\"\/><\/p>\n<p>Nanna Karalahti kertoi n\u00e4kemyksi\u00e4\u00e4n huumeista podcastissaan. Arkistokuva.  Timo Korhonen \/ AOP<\/p>\n<p class=\"paragraph\">Yritt\u00e4j\u00e4 <a href=\"https:\/\/www.iltalehti.fi\/henkilot\/Nanna Karalahti\" class=\"article-link-person-page\" rel=\"nofollow noopener\" target=\"_blank\">Nanna Karalahden<\/a> entinen puoliso, ex-j\u00e4\u00e4kiekkoilija <a href=\"https:\/\/www.iltalehti.fi\/henkilot\/Jere Karalahti\" class=\"article-link-person-page\" rel=\"nofollow noopener\" target=\"_blank\">Jere Karalahti,<\/a> 50, vangittiin viime viikolla ep\u00e4iltyn\u00e4 t\u00f6rke\u00e4st\u00e4 huumausainerikoksesta.<\/p>\n<p class=\"paragraph\">Nanna kommentoi huumekohua keskiviikkona julkaistavassa Podwayn <a href=\"https:\/\/www.podway.fi\/podcast\/PaoLVmFTKT4aWuFRaZml\" rel=\"noopener nofollow\" target=\"_blank\">Highway-podcastissaan<\/a>.<\/p>\n<p class=\"paragraph\">\u2013 Kun mun maailmassa tullaan sanaan nimelt\u00e4 huumeet, on se mulle tosi red flag (varoitusmerkki), Nanna sanoo.<\/p>\n<p class=\"paragraph\">Nanna kertoi py\u00f6ritelleens\u00e4 asioita p\u00e4\u00e4ss\u00e4\u00e4n Karalahden rikosep\u00e4ilyst\u00e4 l\u00e4htien.<\/p>\n<p class=\"paragraph\">\u2013 K\u00e4yn kaikki skenaariot l\u00e4pi, surua, pelkoa. Ja my\u00f6s vihaa tietenkin [&#8230;] En tied\u00e4, miksi mulla on t\u00e4llainen viha. Toivoisin, ett\u00e4 kaikki, jotka v\u00e4h\u00e4\u00e4k\u00e4\u00e4n k\u00e4ytt\u00e4v\u00e4t, miettiv\u00e4t, Nanna sanoo ja herkistyy.<\/p>\n<p>Nanna ja Jere Karalahdella on kolme yhteist\u00e4 lasta. Arkistokuva.  Pasi Liesimaa<\/p>\n<p class=\"paragraph\">H\u00e4nen mukaansa vanhempi ei ole hyv\u00e4, vaikka huumeiden k\u00e4ytt\u00f6 rajoittuisi \u201dbilek\u00e4ytt\u00f6\u00f6n\u201d.<\/p>\n<p class=\"paragraph\">Nanna sanoi, ettei h\u00e4n ole koskaan kokeillut huumeita eik\u00e4 aiokaan kokeilla.<\/p>\n<p class=\"paragraph\">\u2013 Haluan, ett\u00e4 lapseni voivat olla musta ylpeit\u00e4, ja he tiet\u00e4v\u00e4t ja tulevat aina tiet\u00e4m\u00e4\u00e4n, ett\u00e4 m\u00e4 en ole koskaan k\u00e4ytt\u00e4nyt enk\u00e4 kokeillut. Toivottavasti olen heid\u00e4n silmiss\u00e4\u00e4n cool joku p\u00e4iv\u00e4. He kuitenkin saavat tiet\u00e4\u00e4 kaikesta kaiken, Nanna sanoo.<\/p>\n<p class=\"paragraph\">Nannalla ja Jerell\u00e4 on kolme yhteist\u00e4 lasta.<\/p>\n<p class=\"paragraph\">Podcastin toinen juontaja, ratkaisukeskeinen lyhytterapeutti <strong>Silva Hatakka<\/strong> sanoi, ettei Karalahtien kohdalla ole kyseess\u00e4 rakkauden puute.<\/p>\n<p class=\"paragraph\">\u2013 M\u00e4 rakastan edelleen sit\u00e4 ihmist\u00e4, tietenkin. H\u00e4n on upea ihminen, tietyll\u00e4 tavalla, se sielu, Nanna sanoi.<\/p>\n<p class=\"paragraph\">Karalahdet olivat naimisissa vuodesta 2015 lokakuuhun 2024.<\/p>\n<p class=\"paragraph\">Jere Karalahden ep\u00e4ill\u00e4\u00e4n syyllistyneen t\u00f6rke\u00e4\u00e4n huumausainerikokseen, ja h\u00e4net vangittiin viime viikon torstaina todenn\u00e4k\u00f6isin syin ep\u00e4iltyn\u00e4. Ex-kiekkoilija on kiist\u00e4nyt syyllisyytens\u00e4.<\/p>\n<p class=\"paragraph\">L\u00e4hde:<a href=\"https:\/\/www.podway.fi\/podcast\/PaoLVmFTKT4aWuFRaZml\" rel=\"noopener nofollow\" target=\"_blank\"> Podway &#8211; Highway<\/a><\/p>\n","protected":false},"excerpt":{"rendered":"Nanna Karalahden entist\u00e4 aviomiest\u00e4 Jere Karalahtea ep\u00e4ill\u00e4\u00e4n t\u00f6rkeist\u00e4 huumausainerikoksista. Nanna Karalahti kertoi n\u00e4kemyksi\u00e4\u00e4n huumeista podcastissaan. Arkistokuva. Timo Korhonen&hellip;\n","protected":false},"author":2,"featured_media":55317,"comment_status":"","ping_status":"","sticky":false,"template":"","format":"standard","meta":{"footnotes":""},"categories":[158],"tags":[35,33,31,30,101,1143,100,694,98,159,32,160],"class_list":{"0":"post-55316","1":"post","2":"type-post","3":"status-publish","4":"format-standard","5":"has-post-thumbnail","7":"category-urheilu","8":"tag-24h","9":"tag-fi","10":"tag-finland","11":"tag-finnish","12":"tag-ihmissuhteet","13":"tag-jaakiekko","14":"tag-lapset-ja-nuoret","15":"tag-paihteet","16":"tag-perhe","17":"tag-sports","18":"tag-suomi","19":"tag-urheilu"},"share_on_mastodon":{"url":"","error":""},"_links":{"self":[{"href":"https:\/\/www.europesays.com\/fi\/wp-json\/wp\/v2\/posts\/55316","targetHints":{"allow":["GET"]}}],"collection":[{"href":"https:\/\/www.europesays.com\/fi\/wp-json\/wp\/v2\/posts"}],"about":[{"href":"https:\/\/www.europesays.com\/fi\/wp-json\/wp\/v2\/types\/post"}],"author":[{"embeddable":true,"href":"https:\/\/www.europesays.com\/fi\/wp-json\/wp\/v2\/users\/2"}],"replies":[{"embeddable":true,"href":"https:\/\/www.europesays.com\/fi\/wp-json\/wp\/v2\/comments?post=55316"}],"version-history":[{"count":0,"href":"https:\/\/www.europesays.com\/fi\/wp-json\/wp\/v2\/posts\/55316\/revisions"}],"wp:featuredmedia":[{"embeddable":true,"href":"https:\/\/www.europesays.com\/fi\/wp-json\/wp\/v2\/media\/55317"}],"wp:attachment":[{"href":"https:\/\/www.europesays.com\/fi\/wp-json\/wp\/v2\/media?parent=55316"}],"wp:term":[{"taxonomy":"category","embeddable":true,"href":"https:\/\/www.europesays.com\/fi\/wp-json\/wp\/v2\/categories?post=55316"},{"taxonomy":"post_tag","embeddable":true,"href":"https:\/\/www.europesays.com\/fi\/wp-json\/wp\/v2\/tags?post=55316"}],"curies":[{"name":"wp","href":"https:\/\/api.w.org\/{rel}","templated":true}]}}