{"id":55318,"date":"2025-10-07T19:22:08","date_gmt":"2025-10-07T19:22:08","guid":{"rendered":"https:\/\/www.europesays.com\/fi\/55318\/"},"modified":"2025-10-07T19:22:08","modified_gmt":"2025-10-07T19:22:08","slug":"nyt-ollaan-asian-ytimessa-legendaarinen-komediasarja-pulkkinen-tekee-paluun-elokuvana","status":"publish","type":"post","link":"https:\/\/www.europesays.com\/fi\/55318\/","title":{"rendered":"Nyt ollaan asian ytimess\u00e4! Legendaarinen komediasarja Pulkkinen tekee paluun elokuvana"},"content":{"rendered":"<p>Vuosituhannen vaihteessa televisiossa naurattanut Pulkkinen on tekem\u00e4ss\u00e4 paluun. <strong>Jari Salmen<\/strong> ja ja <strong>Juha Jokelan <\/strong>luomasta sketsisarjasta on tekeill\u00e4 elokuvaversio nimelt\u00e4 Pulkkinen Eldorado, jonka kuvaukset ovat jo alkaneet.<\/p>\n<p>Pulkkista esitettiin Nelosella vuosina 1999\u20132002, ja se palkittiin kahdesti Venlalla. Sarjan p\u00e4\u00e4osissa n\u00e4htiin Salmi ja <strong>Antti Virmavirta<\/strong>. Ohjelma tunnetaan r\u00e4\u00e4vitt\u00f6m\u00e4st\u00e4 mutta tarkkan\u00e4k\u00f6isest\u00e4 huumoristaan sek\u00e4 lukuisista hokemistaan, kuten \u201dNyt s\u00e4 olet asian ytimess\u00e4\u201d, \u201d\u00c4l\u00e4 h\u00e4sl\u00e4\u00e4\u201d ja \u201dN\u00e4in se homma etenee\u201d. <\/p>\n<p>Salmi kertoi Helsingin Sanomien <a href=\"https:\/\/www.hs.fi\/kulttuuri\/art-2000011471027.html\" target=\"_blank\" rel=\"noreferrer noopener nofollow\">haastattelussa<\/a>, ett\u00e4 elokuva on \u201dkolmen stoorin road movie tai crossroads movie \u2013 tai ehk\u00e4 jopa dead end story\u201d. Kuvaukset k\u00e4ynnistyiv\u00e4t pienell\u00e4 tiimill\u00e4, ja tekij\u00e4t ovat julkaisseet ensimm\u00e4isi\u00e4 tunnelmia my\u00f6s sarjan virallisella Instagram-tilill\u00e4. \u201dKokoillan kotimaisen elokuvan kymmenhenkinen ty\u00f6ryhm\u00e4. Ensi viikolla jatketaan ja homma paisuu\u201d, Salmi kirjoitti julkaisussa.<\/p>\n<blockquote class=\"instagram-media\" data-instgrm-captioned=\"\" data-instgrm-permalink=\"https:\/\/www.instagram.com\/p\/DPQoSLJAi89\/?utm_source=ig_embed&amp;utm_campaign=loading\" data-instgrm-version=\"14\" style=\" background:#FFF; border:0; border-radius:3px; box-shadow:0 0 1px 0 rgba(0,0,0,0.5),0 1px 10px 0 rgba(0,0,0,0.15); margin: 1px; max-width:540px; min-width:326px; padding:0; width:99.375%; width:-webkit-calc(100% - 2px); width:calc(100% - 2px);\"\/>\n<p>Pulkkisen maailmaan palaaminen on osa laajempaa kiinnostusta nostalgista huumoria kohtaan. Helsingin Sanomien haastattelussa Salmi pohti, ett\u00e4 ep\u00e4korrekti huumori on tekem\u00e4ss\u00e4 paluuta: \u201dLiika varovaisuus vie komiikalta ter\u00e4\u00e4, ja ep\u00e4korrekti huumori on aina my\u00f6s venttiili, jonka kautta voidaan purkaa painetta.\u201d<\/p>\n<p>Lue my\u00f6s: <a href=\"https:\/\/www.episodi.fi\/uutiset\/uusi-kotimainen-jannityssarja-alkaa-tanaan-vuoden-pisin-yo-tuo-kuolleet-lahelle-elavia\/\" title=\"Uusi kotimainen j\u00e4nnityssarja alkaa t\u00e4n\u00e4\u00e4n: \u201dVuoden pisin y\u00f6 tuo kuolleet l\u00e4helle el\u00e4vi\u00e4\u201d\" class=\"underline-custom !font-montserrat !font-bold !underline-offset-4 !decoration-4 !decoration-episodi-blue !text-md\" rel=\"nofollow noopener\" target=\"_blank\">Uusi kotimainen j\u00e4nnityssarja alkaa t\u00e4n\u00e4\u00e4n: \u201dVuoden pisin y\u00f6 tuo kuolleet l\u00e4helle el\u00e4vi\u00e4\u201d<\/a><\/p>\n<p>Pulkkisen rajoja rikkova hahmo j\u00e4i el\u00e4m\u00e4\u00e4n suomalaiseen populaarikulttuuriin. Fanit muistavat my\u00f6s radiomies Osmon, Ruusu Show\u2019n ja hermostuneen \u00e4\u00e4nimies Eskon. Sarjasta tehtiin my\u00f6s televisioelokuva Don\u2019t Push the River vuonna 2001. Kaikki sarjan kaudet ovat t\u00e4ll\u00e4 hetkell\u00e4 katsottavissa Yle Areenassa.<\/p>\n<p>Salmi on viime vuosina kiert\u00e4nyt Suomea Pulkkinen Live -esityksell\u00e4\u00e4n, jossa n\u00e4hd\u00e4\u00e4n sarjan hahmoja uudessa kontekstissa. Samalla h\u00e4n on ty\u00f6st\u00e4nyt kahta pitk\u00e4\u00e4 Pulkkinen-elokuvaa, joista Eldoradoa on nyt alettu kuvata. Jos kaikki menee suunnitellusti, niin pian n\u00e4hd\u00e4\u00e4n, miten Pulkkinen toimii elokuvamuodossa.<\/p>\n<p>Lue my\u00f6s: <a href=\"https:\/\/www.episodi.fi\/uutiskirje\/?uutiskirjemainos=tekstilinkkimainos\" title=\"Tilaa Episodin uutiskirje ja voit voittaa leffalippuja! Nappaa tv-vinkit suoraan s\u00e4hk\u00f6postiin t\u00e4st\u00e4.\" class=\"underline-custom !font-montserrat !font-bold !underline-offset-4 !decoration-4 !decoration-episodi-blue !text-md\" rel=\"nofollow noopener\" target=\"_blank\">Tilaa Episodin uutiskirje ja voit voittaa leffalippuja! Nappaa katseluvinkit suoraan s\u00e4hk\u00f6postiin t\u00e4st\u00e4.<\/a><\/p>\n<p>\t\t\t\t<script async src=\"\/\/www.instagram.com\/embed.js\"><\/script><\/p>\n","protected":false},"excerpt":{"rendered":"Vuosituhannen vaihteessa televisiossa naurattanut Pulkkinen on tekem\u00e4ss\u00e4 paluun. Jari Salmen ja ja Juha Jokelan luomasta sketsisarjasta on tekeill\u00e4&hellip;\n","protected":false},"author":2,"featured_media":55319,"comment_status":"","ping_status":"","sticky":false,"template":"","format":"standard","meta":{"footnotes":""},"categories":[130],"tags":[137,33,31,30,32,571,109,913],"class_list":{"0":"post-55318","1":"post","2":"type-post","3":"status-publish","4":"format-standard","5":"has-post-thumbnail","7":"category-viihde","8":"tag-entertainment","9":"tag-fi","10":"tag-finland","11":"tag-finnish","12":"tag-suomi","13":"tag-tv-sarjat","14":"tag-viihde","15":"tag-yle-areena"},"share_on_mastodon":{"url":"","error":""},"_links":{"self":[{"href":"https:\/\/www.europesays.com\/fi\/wp-json\/wp\/v2\/posts\/55318","targetHints":{"allow":["GET"]}}],"collection":[{"href":"https:\/\/www.europesays.com\/fi\/wp-json\/wp\/v2\/posts"}],"about":[{"href":"https:\/\/www.europesays.com\/fi\/wp-json\/wp\/v2\/types\/post"}],"author":[{"embeddable":true,"href":"https:\/\/www.europesays.com\/fi\/wp-json\/wp\/v2\/users\/2"}],"replies":[{"embeddable":true,"href":"https:\/\/www.europesays.com\/fi\/wp-json\/wp\/v2\/comments?post=55318"}],"version-history":[{"count":0,"href":"https:\/\/www.europesays.com\/fi\/wp-json\/wp\/v2\/posts\/55318\/revisions"}],"wp:featuredmedia":[{"embeddable":true,"href":"https:\/\/www.europesays.com\/fi\/wp-json\/wp\/v2\/media\/55319"}],"wp:attachment":[{"href":"https:\/\/www.europesays.com\/fi\/wp-json\/wp\/v2\/media?parent=55318"}],"wp:term":[{"taxonomy":"category","embeddable":true,"href":"https:\/\/www.europesays.com\/fi\/wp-json\/wp\/v2\/categories?post=55318"},{"taxonomy":"post_tag","embeddable":true,"href":"https:\/\/www.europesays.com\/fi\/wp-json\/wp\/v2\/tags?post=55318"}],"curies":[{"name":"wp","href":"https:\/\/api.w.org\/{rel}","templated":true}]}}