{"id":55370,"date":"2025-10-07T21:05:08","date_gmt":"2025-10-07T21:05:08","guid":{"rendered":"https:\/\/www.europesays.com\/fi\/55370\/"},"modified":"2025-10-07T21:05:08","modified_gmt":"2025-10-07T21:05:08","slug":"kahdelle-suomalaiselle-lahtopassit-nhlssa-iltalehti","status":"publish","type":"post","link":"https:\/\/www.europesays.com\/fi\/55370\/","title":{"rendered":"Kahdelle suomalaiselle l\u00e4ht\u00f6passit NHL:ss\u00e4 &#8211; Iltalehti"},"content":{"rendered":"<ol>\n<li><a href=\"https:\/\/news.google.com\/rss\/articles\/CBMidkFVX3lxTE9TdVlPSExmekhoYUVKbW1TWnc1UTZVMWJ2aEw3bGZsTkctSmg2ODFiQUF6MEVzVkd3RkZNQUhVcVo2X05tSlQ5ZlNPRGZmUC1KZ21tZWFUS1Y2UWl2clpIYXZFeU42emdUX2lacDVEYTJTbnFVWnc?oc=5\" target=\"_blank\" rel=\"nofollow noopener\">Kahdelle suomalaiselle l\u00e4ht\u00f6passit NHL:ss\u00e4<\/a>&nbsp;&nbsp;Iltalehti<\/li>\n<li><a href=\"https:\/\/news.google.com\/rss\/articles\/CBMiV0FVX3lxTE5HWk43X24wTXczM0dGYS1lMWlhLWNBQTBYNVZ5d0t1SGl5RjBxYmFySXhEc1ZuRVc3dGVKZndvMVZpaWI1NHhpYWNTNTN4S2E1NGRoLXlVZw?oc=5\" target=\"_blank\" rel=\"nofollow noopener\">Suomalaiskaksikko joutui siirtolistalle NHL:ss\u00e4<\/a>&nbsp;&nbsp;Ilta-Sanomat<\/li>\n<li><a href=\"https:\/\/news.google.com\/rss\/articles\/CBMikgFBVV95cUxOejVJZTRLbFd1NDQtLW5HelI3QjVfcEF1TF9nZFVVNnFzUFQ1NVZDYXl2RktQczhlTC1rQy1zR2RTaF9QNURUZTQxVXhhaDM0eFB4bTF3TVd4UmgxTTc4dDN6bFJYdVI2VTY1NERnSkJwd3VkNFBraGZfaXhUYXpxa0FPQ0o5eHhJd2NjV2VFRmItdw?oc=5\" target=\"_blank\" rel=\"nofollow noopener\">Ovi k\u00e4vi NHL:ss\u00e4 Leijonien arvokisamiehille<\/a>&nbsp;&nbsp;mtvuutiset.fi<\/li>\n<li><a href=\"https:\/\/news.google.com\/rss\/articles\/CBMipgFBVV95cUxORmlFUnVfYTlDVmFKQ0U5U1lNQkVNdnE3aF9YRGRBd2oybGxfM05ZZTQ1bnp5djB5bDhpZDJReFZkYmxmQlFKeDdZRm4tTHVZMUEtVThjckxHRm5FS2VvSjVmdE11UG8zNVQ4b1dyVHc2RWdseG5fc3I1amNlanJ4NWF6NkZ0ckJvSEhIYUVCVjlIeFBwV0wwVF9JYlE3OUJ2ZVdSRE5B?oc=5\" target=\"_blank\" rel=\"nofollow noopener\">Kova kohtalo: HIFK:sta tutuille suomalaisille n\u00e4ytettiin ovea NHL:ss\u00e4!<\/a>&nbsp;&nbsp;SuomiKiekko<\/li>\n<li><a href=\"https:\/\/news.google.com\/rss\/articles\/CBMihAFBVV95cUxNQk40TlBXd01IRU84UWdJaVFUYWUxTEw1UWZTYmRTSXk3eHZqZGRZSzYzRzVHMTZ6aG9xTzJCcXdtaTFsUDUzZFBaOWdPeDVLM2tGMW5ER0lQNVI2amhRa1BoMUJVd2pwdHZOOWVwRmFQbmJFS0g4dEJudVFtbk5IX0dlaUM?oc=5\" target=\"_blank\" rel=\"nofollow noopener\">Entisill\u00e4 HIFK-t\u00e4hdill\u00e4 karu kohtalo NHL:ss\u00e4<\/a>&nbsp;&nbsp;Sportti.com<\/li>\n<\/ol>\n","protected":false},"excerpt":{"rendered":"Kahdelle suomalaiselle l\u00e4ht\u00f6passit NHL:ss\u00e4&nbsp;&nbsp;Iltalehti Suomalaiskaksikko joutui siirtolistalle NHL:ss\u00e4&nbsp;&nbsp;Ilta-Sanomat Ovi k\u00e4vi NHL:ss\u00e4 Leijonien arvokisamiehille&nbsp;&nbsp;mtvuutiset.fi Kova kohtalo: HIFK:sta tutuille suomalaisille&hellip;\n","protected":false},"author":2,"featured_media":55371,"comment_status":"","ping_status":"","sticky":false,"template":"","format":"standard","meta":{"footnotes":""},"categories":[158],"tags":[35,1144,1274,33,31,30,1143,1146,159,32,1145,160],"class_list":{"0":"post-55370","1":"post","2":"type-post","3":"status-publish","4":"format-standard","5":"has-post-thumbnail","7":"category-urheilu","8":"tag-24h","9":"tag-ammattilaisjaakiekko","10":"tag-ammattiurheilu","11":"tag-fi","12":"tag-finland","13":"tag-finnish","14":"tag-jaakiekko","15":"tag-miesten-jaakiekko","16":"tag-sports","17":"tag-suomi","18":"tag-talviurheilu","19":"tag-urheilu"},"share_on_mastodon":{"url":"","error":""},"_links":{"self":[{"href":"https:\/\/www.europesays.com\/fi\/wp-json\/wp\/v2\/posts\/55370","targetHints":{"allow":["GET"]}}],"collection":[{"href":"https:\/\/www.europesays.com\/fi\/wp-json\/wp\/v2\/posts"}],"about":[{"href":"https:\/\/www.europesays.com\/fi\/wp-json\/wp\/v2\/types\/post"}],"author":[{"embeddable":true,"href":"https:\/\/www.europesays.com\/fi\/wp-json\/wp\/v2\/users\/2"}],"replies":[{"embeddable":true,"href":"https:\/\/www.europesays.com\/fi\/wp-json\/wp\/v2\/comments?post=55370"}],"version-history":[{"count":0,"href":"https:\/\/www.europesays.com\/fi\/wp-json\/wp\/v2\/posts\/55370\/revisions"}],"wp:featuredmedia":[{"embeddable":true,"href":"https:\/\/www.europesays.com\/fi\/wp-json\/wp\/v2\/media\/55371"}],"wp:attachment":[{"href":"https:\/\/www.europesays.com\/fi\/wp-json\/wp\/v2\/media?parent=55370"}],"wp:term":[{"taxonomy":"category","embeddable":true,"href":"https:\/\/www.europesays.com\/fi\/wp-json\/wp\/v2\/categories?post=55370"},{"taxonomy":"post_tag","embeddable":true,"href":"https:\/\/www.europesays.com\/fi\/wp-json\/wp\/v2\/tags?post=55370"}],"curies":[{"name":"wp","href":"https:\/\/api.w.org\/{rel}","templated":true}]}}