{"id":55380,"date":"2025-10-07T21:12:09","date_gmt":"2025-10-07T21:12:09","guid":{"rendered":"https:\/\/www.europesays.com\/fi\/55380\/"},"modified":"2025-10-07T21:12:09","modified_gmt":"2025-10-07T21:12:09","slug":"parisataa-texasin-kansalliskaartilaista-saapui-illinoisn-osavaltioon-uutisia-lyhyesti","status":"publish","type":"post","link":"https:\/\/www.europesays.com\/fi\/55380\/","title":{"rendered":"Parisataa Texasin kansalliskaartilaista saapui Illinois&#8217;n osavaltioon | Uutisia lyhyesti"},"content":{"rendered":"<p class=\"aw-1gybjub aw-5vja16 cmIuaG zKETg yle__article__paragraph\">llinois&#8217;n osavaltion kuvern\u00f6\u00f6ri J. B. Pritzker on vastustanut joukkojen l\u00e4hett\u00e4mist\u00e4 kova\u00e4\u00e4nisesti.<\/p>\n<p><img decoding=\"async\" alt=\"Raskaasti varustautuneita kansalliskaartin j\u00e4seni\u00e4 seisoo tiell\u00e4. Taustalla n\u00e4kyy mielenosoittajia, ja ilmassa on savua tai kaasua.\" src=\"https:\/\/www.europesays.com\/fi\/wp-content\/uploads\/2025\/10\/39-153364568e3369613604.jpeg\" class=\"aw-1l9m598 hKVVvP\"\/><\/p>\n<p>Avaa kuvien katselu<\/p>\n<p>Mielenosoittajat vastustivat 4. lokakuuta kansalliskaartin joukkojen tuomista Portlandissa. Kuva: Spencer Platt \/ AFP<\/p>\n<p class=\"aw-1gybjub aw-1p7kakr cmIuaG fmSRng yle__article__paragraph\">Yhdysvalloissa 200 Texasin kansalliskaartin sotilasta on saapunut Illinois&#8217;n osavaltioon, kertoo Pentagonin nimet\u00f6n viranomaisl\u00e4hde.<\/p>\n<p class=\"aw-1gybjub aw-1p7kakr cmIuaG fmSRng yle__article__paragraph\">Sotilaat l\u00e4hetettiin osana teht\u00e4v\u00e4\u00e4, jonka tarkoituksena on viranomaisen mukaan suojella \u201dliittovaltion toimintoja, henkil\u00f6st\u00f6\u00e4 ja omaisuutta\u201d. L\u00e4hteen mukaan kansalliskaartin sotilaat on m\u00e4\u00e4r\u00e4tty palvelukseen 60 p\u00e4iv\u00e4n ajaksi.<\/p>\n<p class=\"aw-1gybjub aw-1p7kakr cmIuaG fmSRng yle__article__paragraph\">Yhdysvaltain presidentti <strong class=\"aw-ak79eh KyCXm yle__article__strong\">Donald Trump<\/strong> <a class=\"aw-iao6s4 iHOxEa yle__article__link\" href=\"https:\/\/yle.fi\/a\/74-20186706\" role=\"link\" rel=\"nofollow noopener\" target=\"_blank\">valtuutti viikonloppuna<\/a> satojen kansalliskaartin sotilaiden l\u00e4hett\u00e4misen Chicagoon. Yhdysvaltojen sis\u00e4isest\u00e4 turvallisuudesta vastaava ministeri <strong class=\"aw-ak79eh KyCXm yle__article__strong\">Kristi Noem<\/strong> puolusti sotilaiden l\u00e4hett\u00e4mist\u00e4 ja v\u00e4itti Chicagon kaupungin olevan \u201dsota-aluetta\u201d.<\/p>\n<p class=\"aw-1gybjub aw-1p7kakr cmIuaG fmSRng yle__article__paragraph\">llinois&#8217;n osavaltion kuvern\u00f6\u00f6ri <strong class=\"aw-ak79eh KyCXm yle__article__strong\">J. B. Pritzker<\/strong> on vastustanut joukkojen l\u00e4hett\u00e4mist\u00e4 kova\u00e4\u00e4nisesti. Osavaltion johto on haastanut Trumpin oikeuteen ja syytt\u00e4nyt t\u00e4t\u00e4 joukkojen k\u00e4ytt\u00e4misest\u00e4 \u201dpoliittisten vihollisten rankaisemiseen\u201d.<\/p>\n<p class=\"aw-1gybjub aw-1p7kakr cmIuaG fmSRng yle__article__paragraph\">Oikeuden tuomari kielt\u00e4ytyi antamasta asiassa v\u00e4lit\u00f6nt\u00e4 v\u00e4liaikaista kieltoa. Tuomari m\u00e4\u00e4r\u00e4si asiasta t\u00e4ysimittaisen kuulemisen torstaille.<\/p>\n<p class=\"aw-1gybjub aw-1p7kakr cmIuaG fmSRng yle__article__paragraph\">L\u00e4hde: AFP<\/p>\n","protected":false},"excerpt":{"rendered":"llinois&#8217;n osavaltion kuvern\u00f6\u00f6ri J. B. Pritzker on vastustanut joukkojen l\u00e4hett\u00e4mist\u00e4 kova\u00e4\u00e4nisesti. Avaa kuvien katselu Mielenosoittajat vastustivat 4. lokakuuta&hellip;\n","protected":false},"author":2,"featured_media":55381,"comment_status":"","ping_status":"","sticky":false,"template":"","format":"standard","meta":{"footnotes":""},"categories":[5],"tags":[22,23,585,26,27,33,31,30,17,635,24,25,28,29,15,18,21,32,19,20,56,16,619,5316,1867],"class_list":{"0":"post-55380","1":"post","2":"type-post","3":"status-publish","4":"format-standard","5":"has-post-thumbnail","7":"category-otsikot","8":"tag-breaking-news","9":"tag-breakingnews","10":"tag-donald-trump","11":"tag-featured-news","12":"tag-featurednews","13":"tag-fi","14":"tag-finland","15":"tag-finnish","16":"tag-headlines","17":"tag-kansalliskaarti","18":"tag-latest-news","19":"tag-latestnews","20":"tag-main-news","21":"tag-mainnews","22":"tag-news","23":"tag-otsikot","24":"tag-paauutiset","25":"tag-suomi","26":"tag-top-stories","27":"tag-topstories","28":"tag-ulkomaat","29":"tag-uutiset","30":"tag-yhdysvallat","31":"tag-yhdysvaltain-kansalliskaarti","32":"tag-yhdysvaltojen-politiikka"},"share_on_mastodon":{"url":"","error":""},"_links":{"self":[{"href":"https:\/\/www.europesays.com\/fi\/wp-json\/wp\/v2\/posts\/55380","targetHints":{"allow":["GET"]}}],"collection":[{"href":"https:\/\/www.europesays.com\/fi\/wp-json\/wp\/v2\/posts"}],"about":[{"href":"https:\/\/www.europesays.com\/fi\/wp-json\/wp\/v2\/types\/post"}],"author":[{"embeddable":true,"href":"https:\/\/www.europesays.com\/fi\/wp-json\/wp\/v2\/users\/2"}],"replies":[{"embeddable":true,"href":"https:\/\/www.europesays.com\/fi\/wp-json\/wp\/v2\/comments?post=55380"}],"version-history":[{"count":0,"href":"https:\/\/www.europesays.com\/fi\/wp-json\/wp\/v2\/posts\/55380\/revisions"}],"wp:featuredmedia":[{"embeddable":true,"href":"https:\/\/www.europesays.com\/fi\/wp-json\/wp\/v2\/media\/55381"}],"wp:attachment":[{"href":"https:\/\/www.europesays.com\/fi\/wp-json\/wp\/v2\/media?parent=55380"}],"wp:term":[{"taxonomy":"category","embeddable":true,"href":"https:\/\/www.europesays.com\/fi\/wp-json\/wp\/v2\/categories?post=55380"},{"taxonomy":"post_tag","embeddable":true,"href":"https:\/\/www.europesays.com\/fi\/wp-json\/wp\/v2\/tags?post=55380"}],"curies":[{"name":"wp","href":"https:\/\/api.w.org\/{rel}","templated":true}]}}