{"id":55427,"date":"2025-10-07T22:47:07","date_gmt":"2025-10-07T22:47:07","guid":{"rendered":"https:\/\/www.europesays.com\/fi\/55427\/"},"modified":"2025-10-07T22:47:07","modified_gmt":"2025-10-07T22:47:07","slug":"pian-ensi-iltaan-saapuvasta-chainsaw-man-elokuvasta-julkaistiin-alkutunnari","status":"publish","type":"post","link":"https:\/\/www.europesays.com\/fi\/55427\/","title":{"rendered":"Pian ensi-iltaan saapuvasta Chainsaw Man -elokuvasta julkaistiin alkutunnari"},"content":{"rendered":"<p>Suosittua Chainsaw Man -animesarjaa jatkava elokuva,\u00a0Chainsaw Man \u2013 The Movie: Reze Arc, on saanut virallisen alkutunnuskappaleensa.<\/p>\n<p>T\u00e4n\u00e4\u00e4n julkaistu musiikkivideon taustalla kuullaan<strong> Kenshi Yonezun<\/strong> kappale Iris Out.<\/p>\n<p><img loading=\"lazy\" decoding=\"async\" alt=\"YouTube video\" width=\"480\" height=\"360\" data-pin-nopin=\"true\" nopin=\"nopin\" class=\"perfmatters-lazy\" src=\"https:\/\/www.europesays.com\/fi\/wp-content\/uploads\/2025\/10\/1759877227_110_hqdefault.jpg\"\/><\/p>\n<p>Elokuva sai ensi-iltansa Japanissa 19. syyskuuta 2025. Suomessa se n\u00e4hd\u00e4\u00e4n teatterilevityksess\u00e4 29. lokakuuta alkaen.<\/p>\n<p>Chainsaw Man-sarja kertoo Denjist\u00e4, naissuhteissaan kompuroivasta nuoresta miehest\u00e4, joka saa itselleen supervoimat ja aloittaa ty\u00f6t valtion paholaisenmets\u00e4st\u00e4j\u00e4n\u00e4.<\/p>\n<p>L\u00e4hde: <a href=\"https:\/\/www.crunchyroll.com\/news\/latest\/2025\/10\/7\/chainsaw-man-the-movie-reze-arc-opening-movie-kenshi-yonezu\" rel=\"nofollow noopener\" target=\"_blank\">Crunchyroll<\/a><\/p>\n<p>Lue my\u00f6s: <a href=\"https:\/\/www.episodi.fi\/uutiset\/lokakuussa-teattereihin-saapuva-chainsaw-man-elokuva-sai-rajahtavan-trailerin\/\" title=\"Lokakuussa teattereihin saapuva Chainsaw Man -elokuva sai r\u00e4j\u00e4ht\u00e4v\u00e4n trailerin\" class=\"underline-custom !font-montserrat !font-bold !underline-offset-4 !decoration-4 !decoration-episodi-blue !text-md\" rel=\"nofollow noopener\" target=\"_blank\">Lokakuussa teattereihin saapuva Chainsaw Man -elokuva sai r\u00e4j\u00e4ht\u00e4v\u00e4n trailerin<\/a><\/p>\n<p>Lue my\u00f6s: <a href=\"https:\/\/www.episodi.fi\/uutiskirje\/?uutiskirjemainos=tekstilinkkimainos\" title=\"Tilaa Episodin uutiskirje ja voit voittaa leffalippuja! Nappaa tv-vinkit suoraan s\u00e4hk\u00f6postiin t\u00e4st\u00e4.\" class=\"underline-custom !font-montserrat !font-bold !underline-offset-4 !decoration-4 !decoration-episodi-blue !text-md\" rel=\"nofollow noopener\" target=\"_blank\">Tilaa Episodin uutiskirje ja voit voittaa leffalippuja! Nappaa katseluvinkit suoraan s\u00e4hk\u00f6postiin t\u00e4st\u00e4.<\/a><\/p>\n","protected":false},"excerpt":{"rendered":"Suosittua Chainsaw Man -animesarjaa jatkava elokuva,\u00a0Chainsaw Man \u2013 The Movie: Reze Arc, on saanut virallisen alkutunnuskappaleensa. T\u00e4n\u00e4\u00e4n julkaistu&hellip;\n","protected":false},"author":2,"featured_media":55428,"comment_status":"","ping_status":"","sticky":false,"template":"","format":"standard","meta":{"footnotes":""},"categories":[131],"tags":[7684,155,137,33,173,31,30,1343,172,32,109],"class_list":{"0":"post-55427","1":"post","2":"type-post","3":"status-publish","4":"format-standard","5":"has-post-thumbnail","7":"category-elokuvat","8":"tag-anime","9":"tag-elokuvat","10":"tag-entertainment","11":"tag-fi","12":"tag-film","13":"tag-finland","14":"tag-finnish","15":"tag-japani","16":"tag-movies","17":"tag-suomi","18":"tag-viihde"},"share_on_mastodon":{"url":"","error":""},"_links":{"self":[{"href":"https:\/\/www.europesays.com\/fi\/wp-json\/wp\/v2\/posts\/55427","targetHints":{"allow":["GET"]}}],"collection":[{"href":"https:\/\/www.europesays.com\/fi\/wp-json\/wp\/v2\/posts"}],"about":[{"href":"https:\/\/www.europesays.com\/fi\/wp-json\/wp\/v2\/types\/post"}],"author":[{"embeddable":true,"href":"https:\/\/www.europesays.com\/fi\/wp-json\/wp\/v2\/users\/2"}],"replies":[{"embeddable":true,"href":"https:\/\/www.europesays.com\/fi\/wp-json\/wp\/v2\/comments?post=55427"}],"version-history":[{"count":0,"href":"https:\/\/www.europesays.com\/fi\/wp-json\/wp\/v2\/posts\/55427\/revisions"}],"wp:featuredmedia":[{"embeddable":true,"href":"https:\/\/www.europesays.com\/fi\/wp-json\/wp\/v2\/media\/55428"}],"wp:attachment":[{"href":"https:\/\/www.europesays.com\/fi\/wp-json\/wp\/v2\/media?parent=55427"}],"wp:term":[{"taxonomy":"category","embeddable":true,"href":"https:\/\/www.europesays.com\/fi\/wp-json\/wp\/v2\/categories?post=55427"},{"taxonomy":"post_tag","embeddable":true,"href":"https:\/\/www.europesays.com\/fi\/wp-json\/wp\/v2\/tags?post=55427"}],"curies":[{"name":"wp","href":"https:\/\/api.w.org\/{rel}","templated":true}]}}