{"id":55470,"date":"2025-10-07T23:43:10","date_gmt":"2025-10-07T23:43:10","guid":{"rendered":"https:\/\/www.europesays.com\/fi\/55470\/"},"modified":"2025-10-07T23:43:10","modified_gmt":"2025-10-07T23:43:10","slug":"karhut-rikkovat-pyoropaaleja-pelloilla-kiihtyvaan-tahtiin-ja-mahdollisesti-ihan-vain-huvin-vuoksi-pohjois-karjala","status":"publish","type":"post","link":"https:\/\/www.europesays.com\/fi\/55470\/","title":{"rendered":"Karhut rikkovat py\u00f6r\u00f6\u00adpaaleja pelloilla kiihtyv\u00e4\u00e4n tahtiin \u2013 ja mahdollisesti ihan vain huvin vuoksi | Pohjois-Karjala"},"content":{"rendered":"<p class=\"aw-1gybjub aw-1p7kakr cmIuaG fmSRng yle__article__paragraph\">Maanviljelij\u00e4n n\u00e4k\u00f6kulmasta n\u00e4ky on lohduton.<\/p>\n<p class=\"aw-1gybjub aw-1p7kakr cmIuaG fmSRng yle__article__paragraph\">\u2013 T\u00e4t\u00e4 on turha k\u00e4\u00e4ri\u00e4 uudelleen. Pilalla mik\u00e4 pilalla.<\/p>\n<p class=\"aw-1gybjub aw-1p7kakr cmIuaG fmSRng yle__article__paragraph\">Lieksalaisen maanviljelij\u00e4n <strong class=\"aw-ak79eh KyCXm yle__article__strong\">Raimo Harjusen<\/strong> edess\u00e4 on m\u00e4rk\u00e4\u00e4 hein\u00e4\u00e4 pursuava py\u00f6r\u00f6paali, jonka karhu on rikkonut.<\/p>\n<p class=\"aw-1gybjub aw-1p7kakr cmIuaG fmSRng yle__article__paragraph\">Harjusen mukaan paalissa olevaa s\u00e4il\u00f6rehua ei voi pelastaa, koska muovin sis\u00e4ll\u00e4 ei ole en\u00e4\u00e4 suojakaasua.<\/p>\n<p class=\"aw-1gybjub aw-1p7kakr cmIuaG fmSRng yle__article__paragraph\">\u2013 Paalista tulee kukkamultaa. T\u00e4llaista ei pysty sy\u00f6tt\u00e4m\u00e4\u00e4n lehmille.<\/p>\n<p class=\"aw-1gybjub aw-1p7kakr cmIuaG fmSRng yle__article__paragraph\">Harjusen tilalta on kes\u00e4n aikana l\u00f6ytynyt jo 80 rikottua paalia.<\/p>\n<p class=\"aw-1gybjub aw-1p7kakr cmIuaG fmSRng yle__article__paragraph\"><strong class=\"aw-ak79eh KyCXm yle__article__strong\">Raimo Harjunen selitt\u00e4\u00e4 videolla, mit\u00e4 s\u00e4il\u00f6rehulle tapahtuu, jos sit\u00e4 suojaava muovi rikkoutuu:<\/strong><\/p>\n<p>Video: Heikki Haapalainen \/ Yle.Kynsien ja hampaiden j\u00e4lki\u00e4<\/p>\n<p class=\"aw-1gybjub aw-1p7kakr cmIuaG fmSRng yle__article__paragraph\">Harjunen ei ole ongelman kanssa yksin. Karhujen aiheuttamat paalivahingot ovat yleistyneet ymp\u00e4ri maata, erityisesti alueilla, joilla karhuja on paljon. <a class=\"aw-iao6s4 iHOxEa yle__article__link\" href=\"https:\/\/www.luke.fi\/fi\/uutiset\/karhukanta-on-kasvussa\" role=\"link\" rel=\"nofollow noopener\" target=\"_blank\">Luonnonvarakeskus Luken mukaan<\/a> Suomessa on todenn\u00e4k\u00f6isesti jo yli 2\u00a0300 karhua.<\/p>\n<p class=\"aw-1gybjub aw-1p7kakr cmIuaG fmSRng yle__article__paragraph\">Pohjois-Karjalan maaseutupalveluiden maaseutuasiamiehen <strong class=\"aw-ak79eh KyCXm yle__article__strong\">Esko Saatsin<\/strong> mukaan py\u00f6r\u00f6paaleissa on usein karhun kynnenj\u00e4lki\u00e4, ja samassa paalissa saattaa olla sek\u00e4 isot ett\u00e4 pienet hampaanj\u00e4ljet.<\/p>\n<p class=\"aw-1gybjub aw-1p7kakr cmIuaG fmSRng yle__article__paragraph\">\u2013 Joskus paali on hajotettu aivan tuusan nuuskaksi, jolloin siit\u00e4 on h\u00e4vitetty kaikki muovit.<\/p>\n<p class=\"aw-1gybjub aw-1p7kakr cmIuaG fmSRng yle__article__paragraph\">H\u00e4n tiet\u00e4\u00e4 maatilan, jossa karhut rikkoivat yhdell\u00e4 kertaa jopa sata paalia.<\/p>\n<p><img decoding=\"async\" alt=\"Karhun hampaiden tekem\u00e4t rei\u00e4t py\u00f6r\u00f6paalin muovissa.\" src=\"https:\/\/www.europesays.com\/fi\/wp-content\/uploads\/2025\/10\/39-153289868df983877fde.jpeg\" loading=\"lazy\" class=\"aw-1l9m598 hKVVvP\"\/><\/p>\n<p>Avaa kuvien katselu<\/p>\n<p>Karhun hampaanj\u00e4ljet ovat selv\u00e4sti n\u00e4kyviss\u00e4. Kuva: Heikki Haapalainen \/ Yle<\/p>\n<p class=\"aw-1gybjub aw-1p7kakr cmIuaG fmSRng yle__article__paragraph\">Valtio korvaa viljelij\u00f6ille vahingot, jotka karhut aiheuttavat viljelyksille ja kootuille sadoille. S\u00e4il\u00f6rehusta korvaus on viisi sentti\u00e4 kilolta, jolloin 800 kilon paalista voi saada 40 euroa.<\/p>\n<p class=\"aw-1gybjub aw-1p7kakr cmIuaG fmSRng yle__article__paragraph\">Valtio korvasi viime vuonna koko maassa karhujen aiheuttamia vahinkoja runsaalla 200\u00a0000 eurolla. T\u00e4n\u00e4 vuonna viljelij\u00e4t ovat ilmoittaneet pelk\u00e4st\u00e4\u00e4n Pohjois-Karjalassa karhuvahinkoja jo yli 46\u00a0000 euron edest\u00e4.<\/p>\n<p><img decoding=\"async\" alt=\"Teemu Harjunen, Esko Saatsi ja Raimo Harjunen tarkastelevat karhun rikkomaa py\u00f6r\u00f6paalia pellolla syysp\u00e4iv\u00e4n\u00e4.\" src=\"https:\/\/www.europesays.com\/fi\/wp-content\/uploads\/2025\/10\/39-153290068df98399b132.jpeg\" loading=\"lazy\" class=\"aw-1l9m598 hKVVvP\"\/><\/p>\n<p>Avaa kuvien katselu<\/p>\n<p>Teemu ja Raimo Harjunen tutkivat yhdess\u00e4 maaseutuasiamies Esko Saatsin (keskell\u00e4) kanssa karhujen rikkomaa paalia. Kuva: Heikki Haapalainen \/ YleHuvin vuoksi?<\/p>\n<p class=\"aw-1gybjub aw-1p7kakr cmIuaG fmSRng yle__article__paragraph\">Karhut eiv\u00e4t yleens\u00e4 sy\u00f6 rikkomansa paalin sis\u00e4lt\u00f6\u00e4. Miksi ne sitten rikkovat paaleja?<\/p>\n<p class=\"aw-1gybjub aw-1p7kakr cmIuaG fmSRng yle__article__paragraph\">\u2013 Uteliaisuudesta, vastaa Suomen riistakeskuksen hirvitalousalue- ja suurpetosuunnittelija <strong class=\"aw-ak79eh KyCXm yle__article__strong\">Kai-Eerik Nyholm<\/strong>.<\/p>\n<p class=\"aw-1gybjub aw-1p7kakr cmIuaG fmSRng yle__article__paragraph\">H\u00e4nen mukaansa karhu on luonteeltaan utelias el\u00e4in, joka helposti kiinnostuu pellolla olevista paaleista.<\/p>\n<p class=\"aw-1gybjub aw-1p7kakr cmIuaG fmSRng yle__article__paragraph\">Maaseutuasiamies Esko Saatsi arvelee, ett\u00e4 karhut saattavat my\u00f6s leikki\u00e4. J\u00e4ljist\u00e4 p\u00e4\u00e4tellen ne ovat pomppineet korkeiden paalipinojen p\u00e4\u00e4ll\u00e4.<\/p>\n<p class=\"aw-1gybjub aw-1p7kakr cmIuaG fmSRng yle__article__paragraph\">\u2013 K\u00e4ytt\u00e4v\u00e4tk\u00f6 karhut pentujaan ik\u00e4\u00e4n kuin leikkipuistossa, h\u00e4n kysyy.<\/p>\n<p class=\"aw-1gybjub aw-1p7kakr cmIuaG fmSRng yle__article__paragraph\"><strong class=\"aw-ak79eh KyCXm yle__article__strong\">Luonnonvarakeskuksen mukaan karhukanta on kasvanut, mik\u00e4 n\u00e4kyy my\u00f6s n\u00e4iss\u00e4 Harjusen tilan riistakamerakuvissa:<\/strong><\/p>\n<p>Video: Teemu Harjunen.Kokeilussa karkote<\/p>\n<p class=\"aw-1gybjub aw-1p7kakr cmIuaG fmSRng yle__article__paragraph\">Kai-Eerik Nyholmin mukaan mit\u00e4 ilmeisimmin paras keino suojata paalit olisi vet\u00e4\u00e4 niiden ymp\u00e4rille s\u00e4hk\u00f6lanka. Se ei ole kuitenkaan kustannustehokasta, eik\u00e4 pelloille ole yleens\u00e4 vedetty s\u00e4hk\u00f6\u00e4.<\/p>\n<p class=\"aw-1gybjub aw-1p7kakr cmIuaG fmSRng yle__article__paragraph\">\u2013 Hyppys\u00e4hk\u00f6\u00e4 ei ole viel\u00e4 keksitty, murjaisee Raimo Harjunen.<\/p>\n<p class=\"aw-1gybjub aw-1p7kakr cmIuaG fmSRng yle__article__paragraph\">Ent\u00e4 voisiko paalit vied\u00e4 heti paalauksen j\u00e4lkeen pihapiiriin, jossa ne olisivat paremmin turvassa karhuilta? Nuoren is\u00e4nn\u00e4n <strong class=\"aw-ak79eh KyCXm yle__article__strong\">Teemu Harjusen<\/strong> mukaan kyse on ajank\u00e4yt\u00f6st\u00e4 \u2013 ja tilasta.<\/p>\n<p class=\"aw-1gybjub aw-1p7kakr cmIuaG fmSRng yle__article__paragraph\">\u2013 Kaikki paalit eiv\u00e4t mahdu pihaan.<\/p>\n<p class=\"aw-1gybjub aw-1p7kakr cmIuaG fmSRng yle__article__paragraph\">Harjusen tilalla paaleja kokeillaan ruiskuttaa karkotteella, jota tavallisesti k\u00e4ytet\u00e4\u00e4n ehk\u00e4isem\u00e4\u00e4n hirvien taimituhoja. Lieksan riistanhoitoyhdistyksen toiminnanohjaajan <strong class=\"aw-ak79eh KyCXm yle__article__strong\">Seppo Raassinan<\/strong> mukaan aineen tehosta karhuille ei ole varmuutta.<\/p>\n<p class=\"aw-1gybjub aw-1p7kakr cmIuaG fmSRng yle__article__paragraph\">\u2013 Aine on lampaan rasvaa, mik\u00e4 v\u00e4h\u00e4n j\u00e4nnitt\u00e4\u00e4. Karhu on kaikkiruokainen, joten maistuukohan sille paali nyt entist\u00e4 paremmin, h\u00e4n virnist\u00e4\u00e4.<\/p>\n<p class=\"aw-1gybjub aw-1p7kakr cmIuaG fmSRng yle__article__paragraph\"><strong class=\"aw-ak79eh KyCXm yle__article__strong\">Videolla Seppo Raassina suihkuttaa paalien p\u00e4\u00e4lle liuosta, jota k\u00e4ytet\u00e4\u00e4n hirvituhojen ehk\u00e4isyyn:<\/strong><\/p>\n<p>Video: Heikki Haapalainen \/ Yle.<\/p>\n<p class=\"aw-1gybjub aw-1p7kakr cmIuaG fmSRng yle__article__paragraph\">Tilan vanhalla is\u00e4nn\u00e4ll\u00e4 Raimo Harjusella on asiaan varmempi konsti: mets\u00e4stys.<\/p>\n<p class=\"aw-1gybjub aw-1p7kakr cmIuaG fmSRng yle__article__paragraph\">\u2013 Kyll\u00e4 se karhukin kuulaa uskoo.<\/p>\n<p>Mets\u00e4st\u00e4j\u00e4t: Tapiola vastuuseen<\/p>\n<p class=\"aw-1gybjub aw-1p7kakr cmIuaG fmSRng yle__article__paragraph\">Raimo Harjusen kanssa samoilla linjoilla ovat Mets\u00e4st\u00e4j\u00e4liiton Pohjois-Savon, Pohjois-Karjalan ja Kainuun piirit. Ne julkaisivat syyskuussa <a class=\"aw-iao6s4 iHOxEa yle__article__link\" href=\"https:\/\/metsastajaliitto.fi\/uutiset\/luonnonsuojeluliitto-tapiolan-otettava-vastuuta-petoasioissa\" role=\"link\" rel=\"nofollow noopener\" target=\"_blank\">avoimen kirjeen<\/a>, jossa Luonnonsuojeluliitto Tapiolaa vaaditaan suojaamaan rehupaaleja \u00f6isin karhuilta.<\/p>\n<p class=\"aw-1gybjub aw-1p7kakr cmIuaG fmSRng yle__article__paragraph\">Piirien mukaan Tapiola on aktiivisesti vaikuttanut siihen, ett\u00e4 suurpetojen kannanhoidollinen mets\u00e4stys ei ole mahdollista. Ne pit\u00e4v\u00e4t sen vuoksi kohtuullisena, ett\u00e4 Tapiola osallistuu karhujen aiheuttamien vahinkojen ehk\u00e4isemiseen.<\/p>\n<p><img decoding=\"async\" alt=\"Ilmakuvassa ruskainen maisema ja peltoja, joilla py\u00f6r\u00f6paaleja riviss\u00e4.\" src=\"https:\/\/www.europesays.com\/fi\/wp-content\/uploads\/2025\/10\/39-153290168df9839b83f5.jpeg\" loading=\"lazy\" class=\"aw-1l9m598 hKVVvP\"\/><\/p>\n<p>Avaa kuvien katselu<\/p>\n<p>Mets\u00e4st\u00e4j\u00e4liiton kolmen piirin mielest\u00e4 Luonnonsuojeluliitto Tapiolan pit\u00e4isi vahtia pelloilla olevia paaleja karhuilta, koska se on toiminnallaan est\u00e4nyt karhunmets\u00e4styksen. Kuva: Heikki Haapalainen \/ Yle<\/p>\n<p class=\"aw-1gybjub aw-1p7kakr cmIuaG fmSRng yle__article__paragraph\">Luonnonsuojeluliitto Tapiolan puheenjohtaja <strong class=\"aw-ak79eh KyCXm yle__article__strong\">Leena Iivonen<\/strong> pit\u00e4\u00e4 esitetty\u00e4 vaatimusta absurdina ja julkisuustemppuna.<\/p>\n<p class=\"aw-1gybjub aw-1p7kakr cmIuaG fmSRng yle__article__paragraph\">H\u00e4nen mukaansa Tapiolan vastuulla on valittaa, jos viranomaisten p\u00e4\u00e4t\u00f6kset ovat ristiriidassa Suomen tai EU:n lains\u00e4\u00e4d\u00e4nn\u00f6n kanssa.<\/p>\n<p class=\"aw-1gybjub aw-1p7kakr cmIuaG fmSRng yle__article__paragraph\">\u2013 Tapiola k\u00e4ytt\u00e4\u00e4 valitusoikeuttaan silloin, kun t\u00e4llaista havaitaan.<\/p>\n<p class=\"aw-1gybjub aw-1p7kakr cmIuaG fmSRng yle__article__paragraph\">Tapiola muistuttaa <a class=\"aw-iao6s4 iHOxEa yle__article__link\" href=\"https:\/\/tapiolary.com\/?p=3647\" role=\"link\" rel=\"nofollow noopener\" target=\"_blank\">avoimessa vastauksessaan Mets\u00e4st\u00e4j\u00e4liitolle<\/a>, ett\u00e4 my\u00f6s sen j\u00e4seni\u00e4 el\u00e4\u00e4 suurpetoalueilla.<\/p>\n","protected":false},"excerpt":{"rendered":"Maanviljelij\u00e4n n\u00e4k\u00f6kulmasta n\u00e4ky on lohduton. \u2013 T\u00e4t\u00e4 on turha k\u00e4\u00e4ri\u00e4 uudelleen. Pilalla mik\u00e4 pilalla. Lieksalaisen maanviljelij\u00e4n Raimo Harjusen&hellip;\n","protected":false},"author":2,"featured_media":55471,"comment_status":"","ping_status":"","sticky":false,"template":"","format":"standard","meta":{"footnotes":""},"categories":[112],"tags":[404,33,31,30,882,4104,71,10579,13219,883,9017,1137,1136,13220,118,32,13084,119],"class_list":{"0":"post-55470","1":"post","2":"type-post","3":"status-publish","4":"format-standard","5":"has-post-thumbnail","7":"category-tiede","8":"tag-elaimet","9":"tag-fi","10":"tag-finland","11":"tag-finnish","12":"tag-karhu","13":"tag-karhut","14":"tag-kotimaa","15":"tag-maanviljely","16":"tag-maatalousyrittajat","17":"tag-petoelaimet","18":"tag-petovahingot","19":"tag-pohjois-karjala","20":"tag-pohjois-savo","21":"tag-pyoropaalit","22":"tag-science","23":"tag-suomi","24":"tag-suurpedot","25":"tag-tiede"},"share_on_mastodon":{"url":"","error":""},"_links":{"self":[{"href":"https:\/\/www.europesays.com\/fi\/wp-json\/wp\/v2\/posts\/55470","targetHints":{"allow":["GET"]}}],"collection":[{"href":"https:\/\/www.europesays.com\/fi\/wp-json\/wp\/v2\/posts"}],"about":[{"href":"https:\/\/www.europesays.com\/fi\/wp-json\/wp\/v2\/types\/post"}],"author":[{"embeddable":true,"href":"https:\/\/www.europesays.com\/fi\/wp-json\/wp\/v2\/users\/2"}],"replies":[{"embeddable":true,"href":"https:\/\/www.europesays.com\/fi\/wp-json\/wp\/v2\/comments?post=55470"}],"version-history":[{"count":0,"href":"https:\/\/www.europesays.com\/fi\/wp-json\/wp\/v2\/posts\/55470\/revisions"}],"wp:featuredmedia":[{"embeddable":true,"href":"https:\/\/www.europesays.com\/fi\/wp-json\/wp\/v2\/media\/55471"}],"wp:attachment":[{"href":"https:\/\/www.europesays.com\/fi\/wp-json\/wp\/v2\/media?parent=55470"}],"wp:term":[{"taxonomy":"category","embeddable":true,"href":"https:\/\/www.europesays.com\/fi\/wp-json\/wp\/v2\/categories?post=55470"},{"taxonomy":"post_tag","embeddable":true,"href":"https:\/\/www.europesays.com\/fi\/wp-json\/wp\/v2\/tags?post=55470"}],"curies":[{"name":"wp","href":"https:\/\/api.w.org\/{rel}","templated":true}]}}